{"id":508,"date":"2016-07-04T16:58:29","date_gmt":"2016-07-04T20:58:29","guid":{"rendered":"\/edd2ndDeg\/?p=508"},"modified":"2016-07-04T23:48:14","modified_gmt":"2016-07-05T03:48:14","slug":"defi-academique-unesco-2015-2016-productions-des-eleves","status":"publish","type":"post","link":"https:\/\/site.ac-martinique.fr\/edd\/?p=508","title":{"rendered":"D\u00e9fi acad\u00e9mique Unesco 2015- 2016- Productions des \u00e9l\u00e8ves"},"content":{"rendered":"<p style=\"padding-left: 60px;\">Cette ann\u00e9e plusieurs \u00e9tablissements ont particip\u00e9 au <span style=\"color: #ff6600;\"><strong>D\u00e9fi acad\u00e9mique EDD UNESCO Junior.<\/strong><\/span><\/p>\n<p style=\"padding-left: 60px;\">Il s\u2019agissait de<strong> valoriser un site de leur choix<\/strong> afin de montrer son <strong>caract\u00e8re exceptionnel d\u2019un point de vue g\u00e9ologique, \u00e9cologique et\/ou culturel.<\/strong> Les productions d\u2019\u00e9l\u00e8ves sont tr\u00e8s diverses et d\u2019une grande qualit\u00e9.<\/p>\n<p style=\"padding-left: 60px;\">Vous pouvez consulter ou t\u00e9l\u00e9charger leurs productions dans le tableau ci-dessous.<!--more--><\/p>\n<p style=\"padding-left: 60px;\">Bravo aux \u00e9l\u00e8ves et \u00e0 leurs professeurs pour cet investissement.<\/p>\n<table style=\"padding-left: 30px;\">\n<tbody style=\"padding-left: 30px;\">\n<tr style=\"padding-left: 30px;\">\n<td style=\"padding-left: 30px;\" width=\"208\">\n<h5 style=\"padding-left: 30px;\"><strong><span style=\"color: #339966;\">Etablissement<\/span><\/strong><\/h5>\n<\/td>\n<td style=\"padding-left: 30px;\" width=\"397\">\n<h5 style=\"padding-left: 30px;\"><strong><span style=\"color: #339966;\">Productions des \u00e9l\u00e8ves<\/span><\/strong><\/h5>\n<\/td>\n<\/tr>\n<tr style=\"padding-left: 30px;\">\n<td style=\"padding-left: 30px;\" colspan=\"2\" width=\"604\">\n<p style=\"padding-left: 30px;\"><strong>Coll\u00e8ge<\/strong><\/p>\n<\/td>\n<\/tr>\n<tr style=\"padding-left: 30px;\">\n<td style=\"padding-left: 30px;\" width=\"208\">\n<p style=\"padding-left: 30px;\"><strong>Louis Delgr\u00e8s de Saint-Pierre<\/strong><\/p>\n<\/td>\n<td style=\"padding-left: 30px;\" width=\"397\">\n<p style=\"padding-left: 30px;\">Les \u00e9l\u00e8ves pr\u00e9sentent \u00a0\u00e0 travers un <a href=\"\/edd2ndDeg\/?attachment_id=511\">diaporama<\/a> trois types de rivi\u00e8re autour de la Montagne Pel\u00e9e.<\/p>\n<p style=\"padding-left: 30px;\"><strong>\u00a0<\/strong><\/p>\n<p style=\"padding-left: 30px;\"><strong>\u00a0<\/strong><\/p>\n<\/td>\n<\/tr>\n<tr style=\"padding-left: 30px;\">\n<td style=\"padding-left: 30px;\" width=\"208\">\n<p style=\"padding-left: 30px;\"><strong>Constant LeRay du Vert-Pr\u00e9<\/strong><\/p>\n<\/td>\n<td style=\"padding-left: 30px;\" width=\"397\">\n<p style=\"padding-left: 30px;\">Les \u00e9l\u00e8ves ont travaill\u00e9 sur le site exceptionnel de la Baie du Tr\u00e9sor. Ils ont produit\u00a0:<\/p>\n<p style=\"padding-left: 30px;\">Un <a href=\"\/edd2ndDeg\/?attachment_id=505\">jeu \u00a0type jeu de l\u2019oie \u00ab\u00a0Le Tr\u00e9sor de la Baie\u00a0\u00bb<\/a><\/p>\n<p style=\"padding-left: 30px;\">Un <a href=\"\/edd2ndDeg\/?attachment_id=504\">article Vikidia<\/a> (encyclop\u00e9die junior en ligne, comme Wikip\u00e9dia) sur la Baie du Tr\u00e9sor<\/p>\n<p style=\"padding-left: 30px;\">\n<\/td>\n<\/tr>\n<tr style=\"padding-left: 30px;\">\n<td style=\"padding-left: 30px;\" width=\"208\">\n<p style=\"padding-left: 30px;\"><strong>Asselin de Beauville de Ducos<\/strong><\/p>\n<\/td>\n<td style=\"padding-left: 30px;\" width=\"397\">\n<p style=\"padding-left: 30px;\">Les \u00e9l\u00e8ves ont travaill\u00e9 sur la biodiversit\u00e9 au sein de leur coll\u00e8ge. Ils ont r\u00e9alis\u00e9 un <a href=\"https:\/\/madmagz.com\/fr\/magazine\/740330\">magazine en ligne<\/a> pour le pr\u00e9senter.<\/p>\n<p style=\"padding-left: 30px;\">\n<\/td>\n<\/tr>\n<tr style=\"padding-left: 30px;\">\n<td style=\"padding-left: 30px;\" colspan=\"2\" width=\"604\">\n<p style=\"padding-left: 30px;\"><strong>Lyc\u00e9e<\/strong><\/p>\n<\/td>\n<\/tr>\n<tr style=\"padding-left: 30px;\">\n<td style=\"padding-left: 30px;\" width=\"208\">\n<p style=\"padding-left: 30px;\"><strong>Centre Sud<\/strong><\/p>\n<\/td>\n<td style=\"padding-left: 30px;\" width=\"397\">\n<p style=\"padding-left: 30px;\">Les \u00e9l\u00e8ves ont r\u00e9alis\u00e9 un site en ligne particuli\u00e8rement r\u00e9ussi pour pr\u00e9senter le volcanisme de la Presqu\u2019\u00eele des Trois-Ilets.<\/p>\n<p style=\"padding-left: 30px;\">Site internet\u00a0: <a href=\"http:\/\/www.lesyeuxdanslegreen.com\/\">www.lesyeuxdanslegreen.com<\/a><\/p>\n<p style=\"padding-left: 30px;\">\n<\/td>\n<\/tr>\n<tr style=\"padding-left: 30px;\">\n<td style=\"padding-left: 30px;\" width=\"208\">\n<p style=\"padding-left: 30px;\"><strong>Nord Atlantique<\/strong><\/p>\n<\/td>\n<td style=\"padding-left: 30px;\" width=\"397\">\n<p style=\"padding-left: 30px;\">Les \u00e9l\u00e8ves ont souhait\u00e9 valoriser le site exceptionnel de Dlo Ferr\u00e9 aux Anses d\u2019Arlet.<\/p>\n<p style=\"padding-left: 30px;\">Ils ont produit un <a href=\"\/edd2ndDeg\/?attachment_id=506\">flyer<\/a> et un <a href=\"\/edd2ndDeg\/?attachment_id=507\">diaporama<\/a> tr\u00e8s riche.<\/p>\n<p style=\"padding-left: 30px;\">\n<\/td>\n<\/tr>\n<\/tbody>\n<\/table>\n<p style=\"padding-left: 30px;\">\n","protected":false},"excerpt":{"rendered":"<p>Cette ann\u00e9e plusieurs \u00e9tablissements ont particip\u00e9 au D\u00e9fi acad\u00e9mique EDD UNESCO Junior. Il s\u2019agissait de valoriser un site de leur choix afin de montrer son caract\u00e8re exceptionnel d\u2019un point de vue g\u00e9ologique, \u00e9cologique et\/ou culturel. Les productions d\u2019\u00e9l\u00e8ves sont tr\u00e8s diverses et d\u2019une grande qualit\u00e9. Vous pouvez consulter ou t\u00e9l\u00e9charger leurs productions dans le tableau &hellip; <a href=\"https:\/\/site.ac-martinique.fr\/edd\/?p=508\" class=\"more-link\">Continuer la lecture de <span class=\"screen-reader-text\">D\u00e9fi acad\u00e9mique Unesco 2015- 2016- Productions des \u00e9l\u00e8ves<\/span>  <span class=\"meta-nav\">&rarr;<\/span><\/a><\/p>\n","protected":false},"author":68,"featured_media":479,"comment_status":"closed","ping_status":"open","sticky":false,"template":"","format":"standard","meta":{"footnotes":""},"categories":[72,71,89,79],"tags":[],"class_list":["post-508","post","type-post","status-publish","format-standard","has-post-thumbnail","hentry","category-2015-2016","category-concours","category-defi-academique-unesco-2015-2016","category-ressources"],"_links":{"self":[{"href":"https:\/\/site.ac-martinique.fr\/edd\/index.php?rest_route=\/wp\/v2\/posts\/508","targetHints":{"allow":["GET"]}}],"collection":[{"href":"https:\/\/site.ac-martinique.fr\/edd\/index.php?rest_route=\/wp\/v2\/posts"}],"about":[{"href":"https:\/\/site.ac-martinique.fr\/edd\/index.php?rest_route=\/wp\/v2\/types\/post"}],"author":[{"embeddable":true,"href":"https:\/\/site.ac-martinique.fr\/edd\/index.php?rest_route=\/wp\/v2\/users\/68"}],"replies":[{"embeddable":true,"href":"https:\/\/site.ac-martinique.fr\/edd\/index.php?rest_route=%2Fwp%2Fv2%2Fcomments&post=508"}],"version-history":[{"count":5,"href":"https:\/\/site.ac-martinique.fr\/edd\/index.php?rest_route=\/wp\/v2\/posts\/508\/revisions"}],"predecessor-version":[{"id":514,"href":"https:\/\/site.ac-martinique.fr\/edd\/index.php?rest_route=\/wp\/v2\/posts\/508\/revisions\/514"}],"wp:featuredmedia":[{"embeddable":true,"href":"https:\/\/site.ac-martinique.fr\/edd\/index.php?rest_route=\/wp\/v2\/media\/479"}],"wp:attachment":[{"href":"https:\/\/site.ac-martinique.fr\/edd\/index.php?rest_route=%2Fwp%2Fv2%2Fmedia&parent=508"}],"wp:term":[{"taxonomy":"category","embeddable":true,"href":"https:\/\/site.ac-martinique.fr\/edd\/index.php?rest_route=%2Fwp%2Fv2%2Fcategories&post=508"},{"taxonomy":"post_tag","embeddable":true,"href":"https:\/\/site.ac-martinique.fr\/edd\/index.php?rest_route=%2Fwp%2Fv2%2Ftags&post=508"}],"curies":[{"name":"wp","href":"https:\/\/api.w.org\/{rel}","templated":true}]}}