{"id":530,"date":"2016-09-08T15:49:36","date_gmt":"2016-09-08T19:49:36","guid":{"rendered":"\/edd2ndDeg\/?p=530"},"modified":"2016-09-08T15:50:31","modified_gmt":"2016-09-08T19:50:31","slug":"concours-science-en-image","status":"publish","type":"post","link":"https:\/\/site.ac-martinique.fr\/edd\/?p=530","title":{"rendered":"Concours Science en image"},"content":{"rendered":"<p>L&rsquo;Agence martiniquaise de l\u2019\u00e9nergie (AME) et le Carbet des <span class=\"il\">sciences<\/span>, organisent le <span style=\"color: #ff6600;\"><strong><span class=\"il\">concours<\/span> \u00ab<\/strong> <span class=\"il\">Science<\/span> en image \u00bb<\/span> invitant les participants \u00e0 observer leur environnement et transmettre des connaissances ou des id\u00e9es par l\u2019image (photographie, infographie, dessin, etc.).<\/p>\n<p style=\"padding-left: 60px;\">Le th\u00e8me du <span class=\"il\">concours<\/span> est : <span style=\"color: #000000;\"><strong>\u00ab l\u2019Homme dans son environnement, quels enjeux et d\u00e9fis au pr\u00e9sent et \u00e0 l\u2019avenir ? \u00bb.<\/strong><\/span><\/p>\n<p style=\"padding-left: 60px;\">De nombreuses th\u00e9matiques sont \u00e0 explorer :<strong> la protection des espaces naturels et des milieux aquatiques, la connaissance de la biodiversit\u00e9, les <span class=\"il\">sciences<\/span> de l\u2019environnement, l\u2019\u00e9nergie<\/strong>, etc.<\/p>\n<p style=\"padding-left: 30px;\"><!--more--><br \/>\nCe <span class=\"il\">concours<\/span> sera cl\u00f4tur\u00e9 le <strong>dimanche 25 septembre 2016 \u00e0 23 h 59.<\/strong><\/p>\n<p>Les meilleures prises et cr\u00e9ations seront r\u00e9compens\u00e9es et feront l\u2019objet d\u2019une exposition sur le Village des <span class=\"il\">sciences<\/span> au Palais des congr\u00e8s de Madiana durant la F\u00eate de la <span class=\"il\">science<\/span>, du 13 au 15 octobre 2016.<\/p>\n<p>Pour en savoir plus et participer, rendez-vous sur la\u00a0 &lt;<a href=\"http:\/\/energie.mq\/sci2016\/\" target=\"_blank\" rel=\"noreferrer\" data-saferedirecturl=\"https:\/\/www.google.com\/url?hl=fr&amp;q=http:\/\/energie.mq\/sci2016\/&amp;source=gmail&amp;ust=1473450276853000&amp;usg=AFQjCNEpzX_d7dqc1eTLyzXWjhPIyM9cdg\">http:\/\/energie.mq\/sci2016\/<\/a>&gt; page d\u2019inscription du <span class=\"il\">concours<\/span>.<\/p>\n<p>De nombreuses r\u00e9compenses sont \u00e0 gagner ! Retrouvez les dans cet article &lt;<a href=\"http:\/\/energie.mq\/science-en-image-decouvrez-les-eco-recompenses\/\" target=\"_blank\" rel=\"noreferrer\" data-saferedirecturl=\"https:\/\/www.google.com\/url?hl=fr&amp;q=http:\/\/energie.mq\/science-en-image-decouvrez-les-eco-recompenses\/&amp;source=gmail&amp;ust=1473450276853000&amp;usg=AFQjCNHjZ3JT2abQ4wRlhTan0mA-mtoxLw\">http:\/\/energie.mq\/<span class=\"il\">science<\/span>-en-<wbr \/>image-decouvrez-les-eco-<wbr \/>recompenses\/<\/a>&gt; .<\/p>\n<p>Vous pourrez \u00e9galement suivre les actualit\u00e9s du <span class=\"il\">concours<\/span> sur la page Facebook <span class=\"il\">Concours<\/span> <span class=\"il\">Science<\/span> en image &lt;<a href=\"https:\/\/www.facebook.com\/Concours-Science-en-Image-1755073491397045\/\" target=\"_blank\" rel=\"noreferrer\" data-saferedirecturl=\"https:\/\/www.google.com\/url?hl=fr&amp;q=https:\/\/www.facebook.com\/Concours-Science-en-Image-1755073491397045\/&amp;source=gmail&amp;ust=1473450276854000&amp;usg=AFQjCNF5zLYhNVMGBdZOxJNhFWlEMZjPxg\">https:\/\/www.facebook.com\/<wbr \/><span class=\"il\">Concours<\/span>&#8211;<span class=\"il\">Science<\/span>-en-Image-<wbr \/>1755073491397045\/<\/a>&gt; .<br \/>\nLes images du <span class=\"il\">concours<\/span> y seront r\u00e9guli\u00e8rement publi\u00e9es.<\/p>\n<p>Ayons un autre regard sur notre \u00eele \u00e0 travers la <span class=\"il\">Science<\/span> !<\/p>\n<p>Pour toute autre information, relativement \u00e0 ces <span class=\"il\">concours<\/span>, vous pourrez solliciter Mme Emilie RICHER dont les coordonn\u00e9es sont rappel\u00e9es ci-dessous.<\/p>\n<p>Emilie RICHER<br \/>\nCharg\u00e9e du Centre de Ressources et de la communication<br \/>\nAgence Martiniquaise de l&rsquo;Energie<br \/>\nImm. les Bosquets 2 &#8211; 26 ZI Petite Cocotte Champigny<br \/>\n97224 DUCOS<br \/>\nt\u00e9l: <a href=\"tel:05%2096%2030%2015%2089\">05 96 30 15 89<\/a> Fax: <a href=\"tel:05%2096%2057%2093%2072\">05 96 57 93 72<\/a><br \/>\n<a href=\"mailto:richer.e@energie.mq\">richer.e@energie.mq<\/a> &lt;mailto:<a href=\"mailto:directeur@energie.mq\">directeur@energie.mq<\/a>&gt;<\/p>\n","protected":false},"excerpt":{"rendered":"<p>L&rsquo;Agence martiniquaise de l\u2019\u00e9nergie (AME) et le Carbet des sciences, organisent le concours \u00ab Science en image \u00bb invitant les participants \u00e0 observer leur environnement et transmettre des connaissances ou des id\u00e9es par l\u2019image (photographie, infographie, dessin, etc.). Le th\u00e8me du concours est : \u00ab l\u2019Homme dans son environnement, quels enjeux et d\u00e9fis au pr\u00e9sent &hellip; <a href=\"https:\/\/site.ac-martinique.fr\/edd\/?p=530\" class=\"more-link\">Continuer la lecture de <span class=\"screen-reader-text\">Concours Science en image<\/span>  <span class=\"meta-nav\">&rarr;<\/span><\/a><\/p>\n","protected":false},"author":68,"featured_media":0,"comment_status":"closed","ping_status":"open","sticky":false,"template":"","format":"standard","meta":{"footnotes":""},"categories":[1],"tags":[],"class_list":["post-530","post","type-post","status-publish","format-standard","hentry","category-non-classe"],"_links":{"self":[{"href":"https:\/\/site.ac-martinique.fr\/edd\/index.php?rest_route=\/wp\/v2\/posts\/530","targetHints":{"allow":["GET"]}}],"collection":[{"href":"https:\/\/site.ac-martinique.fr\/edd\/index.php?rest_route=\/wp\/v2\/posts"}],"about":[{"href":"https:\/\/site.ac-martinique.fr\/edd\/index.php?rest_route=\/wp\/v2\/types\/post"}],"author":[{"embeddable":true,"href":"https:\/\/site.ac-martinique.fr\/edd\/index.php?rest_route=\/wp\/v2\/users\/68"}],"replies":[{"embeddable":true,"href":"https:\/\/site.ac-martinique.fr\/edd\/index.php?rest_route=%2Fwp%2Fv2%2Fcomments&post=530"}],"version-history":[{"count":2,"href":"https:\/\/site.ac-martinique.fr\/edd\/index.php?rest_route=\/wp\/v2\/posts\/530\/revisions"}],"predecessor-version":[{"id":532,"href":"https:\/\/site.ac-martinique.fr\/edd\/index.php?rest_route=\/wp\/v2\/posts\/530\/revisions\/532"}],"wp:attachment":[{"href":"https:\/\/site.ac-martinique.fr\/edd\/index.php?rest_route=%2Fwp%2Fv2%2Fmedia&parent=530"}],"wp:term":[{"taxonomy":"category","embeddable":true,"href":"https:\/\/site.ac-martinique.fr\/edd\/index.php?rest_route=%2Fwp%2Fv2%2Fcategories&post=530"},{"taxonomy":"post_tag","embeddable":true,"href":"https:\/\/site.ac-martinique.fr\/edd\/index.php?rest_route=%2Fwp%2Fv2%2Ftags&post=530"}],"curies":[{"name":"wp","href":"https:\/\/api.w.org\/{rel}","templated":true}]}}