{"id":535,"date":"2016-09-19T20:59:38","date_gmt":"2016-09-20T00:59:38","guid":{"rendered":"\/edd2ndDeg\/?p=535"},"modified":"2016-09-19T20:59:38","modified_gmt":"2016-09-20T00:59:38","slug":"modification-planning-expedition-madibenthos","status":"publish","type":"post","link":"https:\/\/site.ac-martinique.fr\/edd\/?p=535","title":{"rendered":"Modification planning Exp\u00e9dition Madibenthos"},"content":{"rendered":"<h1 style=\"text-align: center;\"><strong><span style=\"color: #ff0000;\">Information importante:<\/span><\/strong><\/h1>\n<p style=\"padding-left: 30px;\">La mission Madibenthos\u00a0 restera bas\u00e9e au Fort Saint-Louis pour le second leg.<\/p>\n<p style=\"padding-left: 60px;\">Les sorties pr\u00e9vues avec les\u00a0\u00e9l\u00e8ves\u00a0de certains \u00e9tablissements\u00a0<span style=\"color: #ff0000;\"><b>auront donc lieu au Fort Saint-Louis et non au VVF de Tartane comme pr\u00e9vu au d\u00e9part<\/b>.<\/span><\/p>\n<p>Nous vous tiendrons inform\u00e9s rapidement du nouveau planning pour l&rsquo;accueil des classes.<\/p>\n","protected":false},"excerpt":{"rendered":"<p>Information importante: La mission Madibenthos\u00a0 restera bas\u00e9e au Fort Saint-Louis pour le second leg. Les sorties pr\u00e9vues avec les\u00a0\u00e9l\u00e8ves\u00a0de certains \u00e9tablissements\u00a0auront donc lieu au Fort Saint-Louis et non au VVF de Tartane comme pr\u00e9vu au d\u00e9part. Nous vous tiendrons inform\u00e9s rapidement du nouveau planning pour l&rsquo;accueil des classes.<\/p>\n","protected":false},"author":68,"featured_media":0,"comment_status":"closed","ping_status":"open","sticky":false,"template":"","format":"standard","meta":{"footnotes":""},"categories":[1],"tags":[],"class_list":["post-535","post","type-post","status-publish","format-standard","hentry","category-non-classe"],"_links":{"self":[{"href":"https:\/\/site.ac-martinique.fr\/edd\/index.php?rest_route=\/wp\/v2\/posts\/535","targetHints":{"allow":["GET"]}}],"collection":[{"href":"https:\/\/site.ac-martinique.fr\/edd\/index.php?rest_route=\/wp\/v2\/posts"}],"about":[{"href":"https:\/\/site.ac-martinique.fr\/edd\/index.php?rest_route=\/wp\/v2\/types\/post"}],"author":[{"embeddable":true,"href":"https:\/\/site.ac-martinique.fr\/edd\/index.php?rest_route=\/wp\/v2\/users\/68"}],"replies":[{"embeddable":true,"href":"https:\/\/site.ac-martinique.fr\/edd\/index.php?rest_route=%2Fwp%2Fv2%2Fcomments&post=535"}],"version-history":[{"count":1,"href":"https:\/\/site.ac-martinique.fr\/edd\/index.php?rest_route=\/wp\/v2\/posts\/535\/revisions"}],"predecessor-version":[{"id":536,"href":"https:\/\/site.ac-martinique.fr\/edd\/index.php?rest_route=\/wp\/v2\/posts\/535\/revisions\/536"}],"wp:attachment":[{"href":"https:\/\/site.ac-martinique.fr\/edd\/index.php?rest_route=%2Fwp%2Fv2%2Fmedia&parent=535"}],"wp:term":[{"taxonomy":"category","embeddable":true,"href":"https:\/\/site.ac-martinique.fr\/edd\/index.php?rest_route=%2Fwp%2Fv2%2Fcategories&post=535"},{"taxonomy":"post_tag","embeddable":true,"href":"https:\/\/site.ac-martinique.fr\/edd\/index.php?rest_route=%2Fwp%2Fv2%2Ftags&post=535"}],"curies":[{"name":"wp","href":"https:\/\/api.w.org\/{rel}","templated":true}]}}