{"id":543,"date":"2016-09-29T17:42:35","date_gmt":"2016-09-29T21:42:35","guid":{"rendered":"\/edd2ndDeg\/?p=543"},"modified":"2016-09-29T17:43:40","modified_gmt":"2016-09-29T21:43:40","slug":"cest-bientot-la-semaine-du-climat","status":"publish","type":"post","link":"https:\/\/site.ac-martinique.fr\/edd\/?p=543","title":{"rendered":"C&rsquo;est bient\u00f4t la semaine du Climat!"},"content":{"rendered":"<p style=\"padding-left: 30px;\"><strong>Du 10 au 15 octobre prochain d\u00e9butera <span style=\"color: #ff6600;\">la Semaine du Climat<\/span>.<\/strong><\/p>\n<p style=\"padding-left: 30px;\">Ce moment est l&rsquo;occasion pour les acad\u00e9mies de <strong>valoriser le travail<\/strong> <strong>accompli<\/strong> tout le long de l&rsquo;ann\u00e9e mais aussi d&rsquo;\u00a0<strong>organiser des d\u00e9bats<\/strong>, des <strong>ateliers scientifiques<\/strong>, des<strong> projets p\u00e9dagogiques<\/strong>&#8230; sur les liens entre les enjeux du DD et la lutte contre le changement climatique.<!--more--><\/p>\n<p style=\"padding-left: 60px;\">Cet \u00e9v\u00e9nement s&rsquo;articule notamment \u00e0\u00a0La <strong>F\u00eate de la science<\/strong> du <span style=\"color: #ff6600;\"><span style=\"color: #000000;\">8 au 16 octobre 2016.<\/span><\/span><strong><span style=\"color: #ff6600;\">\u00a0<\/span><\/strong><a href=\"\/edd2ndDeg\/?attachment_id=546\">Cliquez ici pour consulter le programme de la f\u00eate de la science en Martinique\u00a0<\/a><\/p>\n<p style=\"text-align: center;\">Plusieurs ressources sont disponibles pour vous aider \u00e0 mettre en place des actions durant cette semaine:<\/p>\n<ul>\n<li><strong>Un kit de communication<\/strong> r\u00e9alis\u00e9 par la Delcom avec un visuel, des banni\u00e8res Web, des affiches, \u00a0un kak\u00e9mono, des matrices PPT et Word \u00e0 t\u00e9l\u00e9charger&#8230;<\/li>\n<li>Des <strong>ressources p\u00e9dagogiques<\/strong>, \u00a0avec notamment une grande <strong>exposition<\/strong>, ainsi que les <strong>sites Web<\/strong> des partenaires du DD.<\/li>\n<\/ul>\n<p style=\"padding-left: 60px;\"><strong>Toutes ces ressources sont\u00a0<a href=\"\/edd2ndDeg\/?attachment_id=547\">disponibles ici.<\/a><\/strong><\/p>\n<p>Si vous participez \u00e0 cet \u00e9v\u00e8nement nous vous remercions de bien vouloir nous indiquer le nom de votre l&rsquo;\u00e9tablissement et les actions pr\u00e9vues \u00e0 l&rsquo;adresse mail suivante:\u00a0<strong>inna-indra-mari.claverie@ac-martinique.fr<\/strong>.<\/p>\n","protected":false},"excerpt":{"rendered":"<p>Du 10 au 15 octobre prochain d\u00e9butera la Semaine du Climat. Ce moment est l&rsquo;occasion pour les acad\u00e9mies de valoriser le travail accompli tout le long de l&rsquo;ann\u00e9e mais aussi d&rsquo;\u00a0organiser des d\u00e9bats, des ateliers scientifiques, des projets p\u00e9dagogiques&#8230; sur les liens entre les enjeux du DD et la lutte contre le changement climatique.<\/p>\n","protected":false},"author":68,"featured_media":0,"comment_status":"closed","ping_status":"open","sticky":false,"template":"","format":"standard","meta":{"footnotes":""},"categories":[85,78,94,95],"tags":[],"class_list":["post-543","post","type-post","status-publish","format-standard","hentry","category-2016-2017","category-appels-a-projets","category-fete-de-la-science-2016","category-semaine-du-climat-2016"],"_links":{"self":[{"href":"https:\/\/site.ac-martinique.fr\/edd\/index.php?rest_route=\/wp\/v2\/posts\/543","targetHints":{"allow":["GET"]}}],"collection":[{"href":"https:\/\/site.ac-martinique.fr\/edd\/index.php?rest_route=\/wp\/v2\/posts"}],"about":[{"href":"https:\/\/site.ac-martinique.fr\/edd\/index.php?rest_route=\/wp\/v2\/types\/post"}],"author":[{"embeddable":true,"href":"https:\/\/site.ac-martinique.fr\/edd\/index.php?rest_route=\/wp\/v2\/users\/68"}],"replies":[{"embeddable":true,"href":"https:\/\/site.ac-martinique.fr\/edd\/index.php?rest_route=%2Fwp%2Fv2%2Fcomments&post=543"}],"version-history":[{"count":2,"href":"https:\/\/site.ac-martinique.fr\/edd\/index.php?rest_route=\/wp\/v2\/posts\/543\/revisions"}],"predecessor-version":[{"id":549,"href":"https:\/\/site.ac-martinique.fr\/edd\/index.php?rest_route=\/wp\/v2\/posts\/543\/revisions\/549"}],"wp:attachment":[{"href":"https:\/\/site.ac-martinique.fr\/edd\/index.php?rest_route=%2Fwp%2Fv2%2Fmedia&parent=543"}],"wp:term":[{"taxonomy":"category","embeddable":true,"href":"https:\/\/site.ac-martinique.fr\/edd\/index.php?rest_route=%2Fwp%2Fv2%2Fcategories&post=543"},{"taxonomy":"post_tag","embeddable":true,"href":"https:\/\/site.ac-martinique.fr\/edd\/index.php?rest_route=%2Fwp%2Fv2%2Ftags&post=543"}],"curies":[{"name":"wp","href":"https:\/\/api.w.org\/{rel}","templated":true}]}}