{"id":557,"date":"2016-10-05T12:19:11","date_gmt":"2016-10-05T16:19:11","guid":{"rendered":"\/edd2ndDeg\/?p=557"},"modified":"2016-10-05T12:19:45","modified_gmt":"2016-10-05T16:19:45","slug":"conference-sur-le-changement-climatique","status":"publish","type":"post","link":"https:\/\/site.ac-martinique.fr\/edd\/?p=557","title":{"rendered":"Conf\u00e9rence sur le changement climatique"},"content":{"rendered":"<p style=\"padding-left: 30px; text-align: center;\">Dans le cadre de la f\u00eate de la science, le P\u00f4le \u00e9ducation au d\u00e9veloppement durable de R\u00e9seau Canop\u00e9 vous propose de b\u00e9n\u00e9ficier de la <strong>transmission en streaming de la conf\u00e9rence organis\u00e9e par Nausica<em>\u00e1<\/em>\u00a0:<\/strong><\/p>\n<p><span style=\"color: #ff6600;\"><strong>Quels sont les impacts du changement climatique sur la temp\u00e9rature des oc\u00e9ans\u00a0? Sur l\u2019acidit\u00e9 de l\u2019eau ? Sur les courants marins\u00a0? Sur le cycle de vie des \u00eatres vivants\u00a0comme la m\u00e9duse et la tortue ? <\/strong><\/span><!--more--><\/p>\n<p><em>Rencontre-d\u00e9bat avec J\u00e9r\u00f4me BOURJEA, responsable des programmes tortues marines et des aspects biodiversit\u00e9s \u00e0 l\u2019IFREMER et un soigneur de m\u00e9duses de Nausica\u00e1,\u00a0<\/em>\u00a0<em>en direct sur le plateau TV de Nausica\u00e1.<\/em><\/p>\n<p><strong>Date:<\/strong><em> Mardi 11 Octobre 2016, de 14h00 \u00e0 15h00,<br \/>\n<\/em><strong>Public:<\/strong> Cette s\u00e9ance est ouverte \u00e0 tous vos publics, particuliers et \u00e9tablissements scolaires.<br \/>\nLes \u00e9l\u00e8ves auront la possibilit\u00e9 de poser leurs questions \u00e0 distance.<\/p>\n<p><a href=\"https:\/\/canope.ac-amiens.fr\/edd\/index.php\/component\/content\/article\/1276\" data-saferedirecturl=\"https:\/\/www.google.com\/url?hl=fr&amp;q=https:\/\/canope.ac-amiens.fr\/edd\/index.php\/component\/content\/article\/1276&amp;source=gmail&amp;ust=1475766751981000&amp;usg=AFQjCNG-VQUlkcVDk--DOSAt1X_RUpIT4Q\">Plus d\u2019informations\u00a0<\/a><\/p>\n<p><strong>DES RESSOURCES A (REDECOUVRIR)\u00a0:<\/strong><br \/>\n&#8211; <a href=\"https:\/\/vimeo.com\/user3075939\/channels\" data-saferedirecturl=\"https:\/\/www.google.com\/url?hl=fr&amp;q=https:\/\/vimeo.com\/user3075939\/channels&amp;source=gmail&amp;ust=1475766751981000&amp;usg=AFQjCNFu8_amTEkSnnV2fwhdKHEmwvgDdg\">La collection vid\u00e9o sur les questions de changement climatique<\/a> parmi les 21 chaines Vimeo du p\u00f4le EDD\u00a0:<br \/>\n&#8211; \u00ab\u00a0Sciences et climat dans l\u2019Ecole\u00a0\u00bb sur le site du P\u00f4le EDD<br \/>\n&#8211; <a href=\"https:\/\/www.reseau-canope.fr\/cop-21.html\" data-saferedirecturl=\"https:\/\/www.google.com\/url?hl=fr&amp;q=https:\/\/www.reseau-canope.fr\/cop-21.html&amp;source=gmail&amp;ust=1475766751982000&amp;usg=AFQjCNGZuYGLndGLOZdW7D6AakBvwxktbQ\">\u00ab\u00a0La \u00a0COP 21 dans l\u2019Ecole\u00a0\u00bb<\/a> sur le site de R\u00e9seau Canop\u00e9<\/p>\n","protected":false},"excerpt":{"rendered":"<p>Dans le cadre de la f\u00eate de la science, le P\u00f4le \u00e9ducation au d\u00e9veloppement durable de R\u00e9seau Canop\u00e9 vous propose de b\u00e9n\u00e9ficier de la transmission en streaming de la conf\u00e9rence organis\u00e9e par Nausica\u00e1\u00a0: Quels sont les impacts du changement climatique sur la temp\u00e9rature des oc\u00e9ans\u00a0? Sur l\u2019acidit\u00e9 de l\u2019eau ? Sur les courants marins\u00a0? Sur &hellip; <a href=\"https:\/\/site.ac-martinique.fr\/edd\/?p=557\" class=\"more-link\">Continuer la lecture de <span class=\"screen-reader-text\">Conf\u00e9rence sur le changement climatique<\/span>  <span class=\"meta-nav\">&rarr;<\/span><\/a><\/p>\n","protected":false},"author":68,"featured_media":0,"comment_status":"closed","ping_status":"open","sticky":false,"template":"","format":"standard","meta":{"footnotes":""},"categories":[85,83,79],"tags":[],"class_list":["post-557","post","type-post","status-publish","format-standard","hentry","category-2016-2017","category-conference","category-ressources"],"_links":{"self":[{"href":"https:\/\/site.ac-martinique.fr\/edd\/index.php?rest_route=\/wp\/v2\/posts\/557","targetHints":{"allow":["GET"]}}],"collection":[{"href":"https:\/\/site.ac-martinique.fr\/edd\/index.php?rest_route=\/wp\/v2\/posts"}],"about":[{"href":"https:\/\/site.ac-martinique.fr\/edd\/index.php?rest_route=\/wp\/v2\/types\/post"}],"author":[{"embeddable":true,"href":"https:\/\/site.ac-martinique.fr\/edd\/index.php?rest_route=\/wp\/v2\/users\/68"}],"replies":[{"embeddable":true,"href":"https:\/\/site.ac-martinique.fr\/edd\/index.php?rest_route=%2Fwp%2Fv2%2Fcomments&post=557"}],"version-history":[{"count":2,"href":"https:\/\/site.ac-martinique.fr\/edd\/index.php?rest_route=\/wp\/v2\/posts\/557\/revisions"}],"predecessor-version":[{"id":560,"href":"https:\/\/site.ac-martinique.fr\/edd\/index.php?rest_route=\/wp\/v2\/posts\/557\/revisions\/560"}],"wp:attachment":[{"href":"https:\/\/site.ac-martinique.fr\/edd\/index.php?rest_route=%2Fwp%2Fv2%2Fmedia&parent=557"}],"wp:term":[{"taxonomy":"category","embeddable":true,"href":"https:\/\/site.ac-martinique.fr\/edd\/index.php?rest_route=%2Fwp%2Fv2%2Fcategories&post=557"},{"taxonomy":"post_tag","embeddable":true,"href":"https:\/\/site.ac-martinique.fr\/edd\/index.php?rest_route=%2Fwp%2Fv2%2Ftags&post=557"}],"curies":[{"name":"wp","href":"https:\/\/api.w.org\/{rel}","templated":true}]}}