{"id":1644,"date":"2020-05-12T04:50:48","date_gmt":"2020-05-12T03:50:48","guid":{"rendered":"\/espagnol\/?p=1644"},"modified":"2021-06-29T15:04:30","modified_gmt":"2021-06-29T14:04:30","slug":"webinaires-sur-lenseignement-des-langues-en-ligne","status":"publish","type":"post","link":"https:\/\/site.ac-martinique.fr\/espagnol\/?p=1644","title":{"rendered":"Webinaires sur l&rsquo;enseignement des langues en ligne"},"content":{"rendered":"<ol>\n<li>\n<p class=\"video-info-name\"><a href=\"https:\/\/tube.ac-lyon.fr\/videos\/watch\/191ab7a0-4b4c-4e69-b5b4-9d44a899eca8\" target=\"_blank\" rel=\"noopener noreferrer\">La classe virtuelle en langue vivante <\/a>: webinaire du 06 mai 2020\u00a0 organis\u00e9 par l&rsquo;Acad\u00e9mie de Lyon, dur\u00e9e 1H<\/p>\n<p class=\"video-info-name\">Echange de pratiques (coll\u00e8ges et lyc\u00e9es) , outils<\/p>\n<\/li>\n<li>Atelier du 8 mai 2020 : <a href=\"https:\/\/www.youtube.com\/watch?v=ZrM13-eqonE\" target=\"_blank\" rel=\"noopener noreferrer\">Passez \u00e0 l&rsquo;enseignement des langues en ligne ! Un webinaire pour les enseignants de langues<\/a>\u00a0 \u00a0organis\u00e9 par l&rsquo;ECMLAT , dur\u00e9e 2h\u00a0 \u00a0 \u00a0Echanges de pratiques, outils<\/li>\n<\/ol>\n","protected":false},"excerpt":{"rendered":"<p>La classe virtuelle en langue vivante : webinaire du 06 mai 2020\u00a0 organis\u00e9 par l&rsquo;Acad\u00e9mie de Lyon, dur\u00e9e 1H Echange de pratiques (coll\u00e8ges et lyc\u00e9es) , outils Atelier du 8 [&hellip;]<\/p>\n","protected":false},"author":262,"featured_media":0,"comment_status":"closed","ping_status":"closed","sticky":false,"template":"","format":"standard","meta":{"footnotes":""},"categories":[31,35],"tags":[],"class_list":["post-1644","post","type-post","status-publish","format-standard","hentry","category-competences-numeriques","category-continuite-pedagogique"],"_links":{"self":[{"href":"https:\/\/site.ac-martinique.fr\/espagnol\/index.php?rest_route=\/wp\/v2\/posts\/1644","targetHints":{"allow":["GET"]}}],"collection":[{"href":"https:\/\/site.ac-martinique.fr\/espagnol\/index.php?rest_route=\/wp\/v2\/posts"}],"about":[{"href":"https:\/\/site.ac-martinique.fr\/espagnol\/index.php?rest_route=\/wp\/v2\/types\/post"}],"author":[{"embeddable":true,"href":"https:\/\/site.ac-martinique.fr\/espagnol\/index.php?rest_route=\/wp\/v2\/users\/262"}],"replies":[{"embeddable":true,"href":"https:\/\/site.ac-martinique.fr\/espagnol\/index.php?rest_route=%2Fwp%2Fv2%2Fcomments&post=1644"}],"version-history":[{"count":3,"href":"https:\/\/site.ac-martinique.fr\/espagnol\/index.php?rest_route=\/wp\/v2\/posts\/1644\/revisions"}],"predecessor-version":[{"id":1927,"href":"https:\/\/site.ac-martinique.fr\/espagnol\/index.php?rest_route=\/wp\/v2\/posts\/1644\/revisions\/1927"}],"wp:attachment":[{"href":"https:\/\/site.ac-martinique.fr\/espagnol\/index.php?rest_route=%2Fwp%2Fv2%2Fmedia&parent=1644"}],"wp:term":[{"taxonomy":"category","embeddable":true,"href":"https:\/\/site.ac-martinique.fr\/espagnol\/index.php?rest_route=%2Fwp%2Fv2%2Fcategories&post=1644"},{"taxonomy":"post_tag","embeddable":true,"href":"https:\/\/site.ac-martinique.fr\/espagnol\/index.php?rest_route=%2Fwp%2Fv2%2Ftags&post=1644"}],"curies":[{"name":"wp","href":"https:\/\/api.w.org\/{rel}","templated":true}]}}