{"id":1663,"date":"2020-05-20T20:30:38","date_gmt":"2020-05-20T19:30:38","guid":{"rendered":"\/espagnol\/?p=1663"},"modified":"2021-06-29T15:04:30","modified_gmt":"2021-06-29T14:04:30","slug":"continuite-pedagogique-plateforme-apps-education-fr","status":"publish","type":"post","link":"https:\/\/site.ac-martinique.fr\/espagnol\/?p=1663","title":{"rendered":"Continuit\u00e9 p\u00e9dagogique : Plateforme Apps.education.fr"},"content":{"rendered":"<p><a href=\"\/espagnol\/?attachment_id=1299\" rel=\"attachment wp-att-1299\"><img loading=\"lazy\" decoding=\"async\" class=\"size-full wp-image-1299\" src=\"\/espagnol\/wp-content\/uploads\/sites\/14\/2019\/12\/eduscol_189832_195260-e1578855197351.png\" alt=\"\" width=\"200\" height=\"31\" \/><\/a>Plateforme de services d\u2019\u00e9change et de collaboration du minist\u00e8re de l\u2019\u00e9ducation nationale,\u00a0<strong><a href=\"http:\/\/apps.education.fr\/\" target=\"_blank\" rel=\"noopener noreferrer\">Apps.education.fr<\/a><\/strong>\u00a0regroupe en un seul point d\u2019acc\u00e8s un ensemble de services gratuits et en open source pour faciliter le travail \u00e0 distance.<br \/>\n<!--more-->Une premi\u00e8re version de la platefome\u00a0<strong><a href=\"http:\/\/apps.education.fr\/\" target=\"_blank\" rel=\"noopener noreferrer\">Apps.education.fr<\/a>\u00a0<\/strong>est d\u00e9sormais accessible \u00e0 tous les personnels, dont les enseignants. Elle permet d\u2019accompagner les professeurs en mati\u00e8re de continuit\u00e9 p\u00e9dagogique, mais \u00e9galement de r\u00e9pondre aux enjeux de continuit\u00e9 administrative.<\/p>\n<p>La plateforme\u00a0<a href=\"http:\/\/apps.education.fr\/\" target=\"_blank\" rel=\"noopener noreferrer\"><strong>Apps.education.fr<\/strong><\/a>\u00a0comprend ainsi des applications libres de :<\/p>\n<ul>\n<li>diffusion de vid\u00e9os- Peertube<\/li>\n<li>partage de documents- Nextcloud<\/li>\n<li>\u00e9dition de texte en mode collaboratif \u2013Etherpad et Codi-MD<\/li>\n<li>forum \u2013 Discourse<\/li>\n<li>blog \u2013 solution propre d\u00e9velopp\u00e9e par les services acad\u00e9miques de l\u2019\u00e9ducation nationale<\/li>\n<li>webconf\u00e9rence -Jitsi<\/li>\n<\/ul>\n<div class=\"embedded-entity\">\n<article><img loading=\"lazy\" decoding=\"async\" src=\"https:\/\/www.education.gouv.fr\/sites\/default\/files\/2020-05\/apps-education-fr-67893.jpg\" alt=\"Capture d'\u00e9cran du site apps.education.fr\" width=\"1314\" height=\"608\" \/><\/article>\n<\/div>\n","protected":false},"excerpt":{"rendered":"<p>Plateforme de services d\u2019\u00e9change et de collaboration du minist\u00e8re de l\u2019\u00e9ducation nationale,\u00a0Apps.education.fr\u00a0regroupe en un seul point d\u2019acc\u00e8s un ensemble de services gratuits et en open source pour faciliter le travail [&hellip;]<\/p>\n","protected":false},"author":262,"featured_media":0,"comment_status":"closed","ping_status":"closed","sticky":false,"template":"","format":"standard","meta":{"footnotes":""},"categories":[3,35],"tags":[],"class_list":["post-1663","post","type-post","status-publish","format-standard","hentry","category-bulletins-officiels","category-continuite-pedagogique"],"_links":{"self":[{"href":"https:\/\/site.ac-martinique.fr\/espagnol\/index.php?rest_route=\/wp\/v2\/posts\/1663","targetHints":{"allow":["GET"]}}],"collection":[{"href":"https:\/\/site.ac-martinique.fr\/espagnol\/index.php?rest_route=\/wp\/v2\/posts"}],"about":[{"href":"https:\/\/site.ac-martinique.fr\/espagnol\/index.php?rest_route=\/wp\/v2\/types\/post"}],"author":[{"embeddable":true,"href":"https:\/\/site.ac-martinique.fr\/espagnol\/index.php?rest_route=\/wp\/v2\/users\/262"}],"replies":[{"embeddable":true,"href":"https:\/\/site.ac-martinique.fr\/espagnol\/index.php?rest_route=%2Fwp%2Fv2%2Fcomments&post=1663"}],"version-history":[{"count":3,"href":"https:\/\/site.ac-martinique.fr\/espagnol\/index.php?rest_route=\/wp\/v2\/posts\/1663\/revisions"}],"predecessor-version":[{"id":1923,"href":"https:\/\/site.ac-martinique.fr\/espagnol\/index.php?rest_route=\/wp\/v2\/posts\/1663\/revisions\/1923"}],"wp:attachment":[{"href":"https:\/\/site.ac-martinique.fr\/espagnol\/index.php?rest_route=%2Fwp%2Fv2%2Fmedia&parent=1663"}],"wp:term":[{"taxonomy":"category","embeddable":true,"href":"https:\/\/site.ac-martinique.fr\/espagnol\/index.php?rest_route=%2Fwp%2Fv2%2Fcategories&post=1663"},{"taxonomy":"post_tag","embeddable":true,"href":"https:\/\/site.ac-martinique.fr\/espagnol\/index.php?rest_route=%2Fwp%2Fv2%2Ftags&post=1663"}],"curies":[{"name":"wp","href":"https:\/\/api.w.org\/{rel}","templated":true}]}}