{"id":2493,"date":"2021-06-01T00:11:50","date_gmt":"2021-05-31T23:11:50","guid":{"rendered":"https:\/\/site.ac-martinique.fr\/espagnol\/?p=2493"},"modified":"2021-07-09T02:17:36","modified_gmt":"2021-07-09T01:17:36","slug":"paf-2021-2022-certifications-examens-concours","status":"publish","type":"post","link":"https:\/\/site.ac-martinique.fr\/espagnol\/?p=2493","title":{"rendered":"PAF 2021-2022 \u00ab\u00a0Certifications, examens, concours\u00a0\u00bb"},"content":{"rendered":"\n<p class=\"has-text-align-center\">Le Plan Acad\u00e9mique de Formation \u00ab&nbsp;certifications, examens, concours&nbsp;\u00bb 2021-2022 a \u00e9t\u00e9 publi\u00e9. Dor\u00e9navant, le PAF sera compos\u00e9 de plusieurs parties, la premi\u00e8re a donc \u00e9t\u00e9 publi\u00e9e et au d\u00e9but du mois de juillet viendra la publication du PAF \u00ab&nbsp;formation continue&nbsp;\u00bb.<\/p>\n\n\n\n<p class=\"has-text-align-center\">La campagne d\u2019inscription pour ce premier PAF est \u00e9galement ouverte. Les inscriptions sont possibles du <strong>lundi 31 mai 2021 au mercredi 30 juin 2021<\/strong> (d\u00e9lai de rigueur). Aucune inscription ne sera possible apr\u00e8s ces dates sauf pour les nouveaux nomm\u00e9s dans l\u2019acad\u00e9mie. Pour vous inscrire au PAF&nbsp;: <a href=\"https:\/\/extranet.ac-martinique.fr\/arena\">https:\/\/extranet.ac-martinique.fr\/arena<\/a><\/p>\n\n\n\n<p class=\"has-text-align-center\">Dans notre discipline, vous pourriez \u00eatre int\u00e9ress\u00e9s par <strong>3 dispositifs<\/strong> de ce premier PAF&nbsp;:<\/p>\n\n\n\n<ul class=\"wp-block-list\"><li>Pr\u00e9paration \u00e0 l\u2019admissibilit\u00e9 du CAFFA (Certificat d\u2019Aptitude aux Fonctions de Formateur Acad\u00e9mique)<\/li><li>Pr\u00e9paration \u00e0 l\u2019admission du CAFFA<\/li><li>Pr\u00e9paration aux concours internes CAPES et CAPLP<\/li><\/ul>\n\n\n\n<p><\/p>\n\n\n\n<p class=\"has-text-align-center\">Un autre dispositif concernant l\u2019Espagnol est lui ouvert aux coll\u00e8gues des autres disciplines qui souhaitent se pr\u00e9senter \u00e0 la certification DNL (Discipline Non Linguistique).<\/p>\n\n\n\n<ul class=\"wp-block-list\"><li>DNL : Pr\u00e9paration \u00e0 la certification<\/li><\/ul>\n\n\n\n<h4 class=\"has-text-align-center wp-block-heading\">Cliquez sur les images pour les afficher <\/h4>\n\n\n\n<div class=\"wp-block-columns is-layout-flex wp-container-core-columns-is-layout-abceabcf wp-block-columns-is-layout-flex\">\n<div class=\"wp-block-column is-layout-flow wp-block-column-is-layout-flow\">\n<figure class=\"wp-block-image size-large\"><a href=\"https:\/\/site.ac-martinique.fr\/espagnol\/wp-content\/uploads\/sites\/14\/2021\/05\/PAF-21-22-PREPA-CAPES-INT-1.jpg\" target=\"_blank\" rel=\"noopener\"><img loading=\"lazy\" decoding=\"async\" width=\"692\" height=\"605\" src=\"https:\/\/site.ac-martinique.fr\/espagnol\/wp-content\/uploads\/sites\/14\/2021\/05\/PAF-21-22-PREPA-CAPES-INT-1.jpg\" alt=\"\" class=\"wp-image-2496\" srcset=\"https:\/\/site.ac-martinique.fr\/espagnol\/wp-content\/uploads\/sites\/14\/2021\/05\/PAF-21-22-PREPA-CAPES-INT-1.jpg 692w, https:\/\/site.ac-martinique.fr\/espagnol\/wp-content\/uploads\/sites\/14\/2021\/05\/PAF-21-22-PREPA-CAPES-INT-1-300x262.jpg 300w\" sizes=\"auto, (max-width: 692px) 100vw, 692px\" \/><\/a><\/figure>\n<\/div>\n\n\n\n<div class=\"wp-block-column is-layout-flow wp-block-column-is-layout-flow\">\n<figure class=\"wp-block-image size-large\"><a href=\"https:\/\/site.ac-martinique.fr\/espagnol\/wp-content\/uploads\/sites\/14\/2021\/05\/PAF-21-22-CAFFA-ADMISSIBILITE.jpg\" target=\"_blank\" rel=\"noopener\"><img loading=\"lazy\" decoding=\"async\" width=\"699\" height=\"649\" src=\"https:\/\/site.ac-martinique.fr\/espagnol\/wp-content\/uploads\/sites\/14\/2021\/05\/PAF-21-22-CAFFA-ADMISSIBILITE.jpg\" alt=\"\" class=\"wp-image-2497\" srcset=\"https:\/\/site.ac-martinique.fr\/espagnol\/wp-content\/uploads\/sites\/14\/2021\/05\/PAF-21-22-CAFFA-ADMISSIBILITE.jpg 699w, https:\/\/site.ac-martinique.fr\/espagnol\/wp-content\/uploads\/sites\/14\/2021\/05\/PAF-21-22-CAFFA-ADMISSIBILITE-300x279.jpg 300w\" sizes=\"auto, (max-width: 699px) 100vw, 699px\" \/><\/a><\/figure>\n<\/div>\n<\/div>\n\n\n\n<div class=\"wp-block-columns is-layout-flex wp-container-core-columns-is-layout-abceabcf wp-block-columns-is-layout-flex\">\n<div class=\"wp-block-column is-layout-flow wp-block-column-is-layout-flow\">\n<figure class=\"wp-block-image size-large\"><a href=\"https:\/\/site.ac-martinique.fr\/espagnol\/wp-content\/uploads\/sites\/14\/2021\/05\/PAF-21-22-CAFFA-ADMISSION.jpg\" target=\"_blank\" rel=\"noopener\"><img loading=\"lazy\" decoding=\"async\" width=\"694\" height=\"631\" src=\"https:\/\/site.ac-martinique.fr\/espagnol\/wp-content\/uploads\/sites\/14\/2021\/05\/PAF-21-22-CAFFA-ADMISSION.jpg\" alt=\"\" class=\"wp-image-2498\" srcset=\"https:\/\/site.ac-martinique.fr\/espagnol\/wp-content\/uploads\/sites\/14\/2021\/05\/PAF-21-22-CAFFA-ADMISSION.jpg 694w, https:\/\/site.ac-martinique.fr\/espagnol\/wp-content\/uploads\/sites\/14\/2021\/05\/PAF-21-22-CAFFA-ADMISSION-300x273.jpg 300w\" sizes=\"auto, (max-width: 694px) 100vw, 694px\" \/><\/a><\/figure>\n<\/div>\n\n\n\n<div class=\"wp-block-column is-layout-flow wp-block-column-is-layout-flow\">\n<figure class=\"wp-block-image size-large\"><a href=\"https:\/\/site.ac-martinique.fr\/espagnol\/wp-content\/uploads\/sites\/14\/2021\/05\/PAF-21-22-DNL.jpg\" target=\"_blank\" rel=\"noopener\"><img loading=\"lazy\" decoding=\"async\" width=\"676\" height=\"606\" src=\"https:\/\/site.ac-martinique.fr\/espagnol\/wp-content\/uploads\/sites\/14\/2021\/05\/PAF-21-22-DNL.jpg\" alt=\"\" class=\"wp-image-2499\" srcset=\"https:\/\/site.ac-martinique.fr\/espagnol\/wp-content\/uploads\/sites\/14\/2021\/05\/PAF-21-22-DNL.jpg 676w, https:\/\/site.ac-martinique.fr\/espagnol\/wp-content\/uploads\/sites\/14\/2021\/05\/PAF-21-22-DNL-300x269.jpg 300w\" sizes=\"auto, (max-width: 676px) 100vw, 676px\" \/><\/a><\/figure>\n<\/div>\n<\/div>\n\n\n\n<div class=\"wp-block-file\"><a href=\"https:\/\/site.ac-martinique.fr\/espagnol\/wp-content\/uploads\/sites\/14\/2021\/05\/PAF-CERTIFICATIONS-EXAMENS-CONCOURS-2021-2022.pdf\" target=\"_blank\" rel=\"noreferrer noopener\">Pour consulter la version compl\u00e8te du premier PAF, cliquer ci-apr\u00e8s <br>PAF-CERTIFICATIONS-EXAMENS-CONCOURS-2021-2022<span class=\"fr-link__detail\">PDF \u2013 576 Ko<\/span><\/a><\/div>\n","protected":false},"excerpt":{"rendered":"<p>Le Plan Acad\u00e9mique de Formation \u00ab&nbsp;certifications, examens, concours&nbsp;\u00bb 2021-2022 a \u00e9t\u00e9 publi\u00e9. Dor\u00e9navant, le PAF sera compos\u00e9 de plusieurs parties, la premi\u00e8re a donc \u00e9t\u00e9 publi\u00e9e et au d\u00e9but du [&hellip;]<\/p>\n","protected":false},"author":70,"featured_media":0,"comment_status":"closed","ping_status":"closed","sticky":false,"template":"","format":"standard","meta":{"footnotes":""},"categories":[1],"tags":[],"class_list":["post-2493","post","type-post","status-publish","format-standard","hentry","category-non-classe"],"_links":{"self":[{"href":"https:\/\/site.ac-martinique.fr\/espagnol\/index.php?rest_route=\/wp\/v2\/posts\/2493","targetHints":{"allow":["GET"]}}],"collection":[{"href":"https:\/\/site.ac-martinique.fr\/espagnol\/index.php?rest_route=\/wp\/v2\/posts"}],"about":[{"href":"https:\/\/site.ac-martinique.fr\/espagnol\/index.php?rest_route=\/wp\/v2\/types\/post"}],"author":[{"embeddable":true,"href":"https:\/\/site.ac-martinique.fr\/espagnol\/index.php?rest_route=\/wp\/v2\/users\/70"}],"replies":[{"embeddable":true,"href":"https:\/\/site.ac-martinique.fr\/espagnol\/index.php?rest_route=%2Fwp%2Fv2%2Fcomments&post=2493"}],"version-history":[{"count":6,"href":"https:\/\/site.ac-martinique.fr\/espagnol\/index.php?rest_route=\/wp\/v2\/posts\/2493\/revisions"}],"predecessor-version":[{"id":2712,"href":"https:\/\/site.ac-martinique.fr\/espagnol\/index.php?rest_route=\/wp\/v2\/posts\/2493\/revisions\/2712"}],"wp:attachment":[{"href":"https:\/\/site.ac-martinique.fr\/espagnol\/index.php?rest_route=%2Fwp%2Fv2%2Fmedia&parent=2493"}],"wp:term":[{"taxonomy":"category","embeddable":true,"href":"https:\/\/site.ac-martinique.fr\/espagnol\/index.php?rest_route=%2Fwp%2Fv2%2Fcategories&post=2493"},{"taxonomy":"post_tag","embeddable":true,"href":"https:\/\/site.ac-martinique.fr\/espagnol\/index.php?rest_route=%2Fwp%2Fv2%2Ftags&post=2493"}],"curies":[{"name":"wp","href":"https:\/\/api.w.org\/{rel}","templated":true}]}}