{"id":2714,"date":"2021-07-12T16:30:48","date_gmt":"2021-07-12T15:30:48","guid":{"rendered":"https:\/\/site.ac-martinique.fr\/espagnol\/?p=2714"},"modified":"2021-07-12T16:30:49","modified_gmt":"2021-07-12T15:30:49","slug":"paf-2021-2022-formation-continue","status":"publish","type":"post","link":"https:\/\/site.ac-martinique.fr\/espagnol\/?p=2714","title":{"rendered":"PAF 2021\/2022, \u00ab\u00a0Formation continue\u00a0\u00bb"},"content":{"rendered":"\n<p>Le Plan Acad\u00e9mique de Formation \u00ab&nbsp;Formation continue&nbsp;\u00bb 2021-2022 a \u00e9t\u00e9 publi\u00e9. Les inscriptions sont ouvertes depuis le 1er juillet et jusqu&rsquo;au 30 septembre 2021. Pour vous inscrire au PAF&nbsp;:&nbsp;<a href=\"https:\/\/extranet.ac-martinique.fr\/arena\">https:\/\/extranet.ac-martinique.fr\/arena<\/a><\/p>\n\n\n\n<p>Dans notre discipline, vous pouvez vous inscrire \u00e0 <strong>2 dispositifs<\/strong>&nbsp;:<\/p>\n\n\n\n<ul class=\"wp-block-list\"><li>Diff\u00e9renciation p\u00e9dagogique<\/li><li>Le num\u00e9rique en classe de LV<\/li><\/ul>\n\n\n\n<p><\/p>\n\n\n\n<p>D&rsquo;autres dispositifs sur inscription individuelle sont en \u00ab\u00a0interdisciplinaire\u00a0\u00bb :<\/p>\n\n\n\n<ul class=\"wp-block-list\"><li>L&rsquo;enseignement technologique en LV<\/li><li>Le traitement du document iconographique<\/li><li>Nourrir l&rsquo;expression orale par l&rsquo;\u00e9tude des textes<\/li><li>Rendre l&rsquo;\u00e9valuation utile aux apprentissages<\/li><li>Les \u00eelots p\u00e9dagogiques<\/li><\/ul>\n\n\n\n<p><\/p>\n\n\n\n<p>Pour les dispositifs suivants, c&rsquo;est l&rsquo;inspection p\u00e9dagogique r\u00e9gionale qui d\u00e9signe les participants :<\/p>\n\n\n\n<ul class=\"wp-block-list\"><li>L&rsquo;approche actionnelle au LGT et au LP<\/li><li>L&rsquo;approche actionnelle au coll\u00e8ge<\/li><li>Enseignement de sp\u00e9cialit\u00e9 en Tle et pr\u00e9paration au Grand Oral<\/li><li>Enseignement de sp\u00e9cialit\u00e9 en 1\u00e8re<\/li><li>Accompagnement des assistants de langue<\/li><li>L&rsquo;\u00e9valuation des \u00e9preuves communes du Baccalaur\u00e9at<\/li><\/ul>\n\n\n\n<p><\/p>\n\n\n\n<hr class=\"wp-block-separator is-style-wide\" \/>\n\n\n\n<h4 class=\"has-text-align-center wp-block-heading\">Cliquer sur les images pour le d\u00e9tail des formations<\/h4>\n\n\n\n<div class=\"wp-block-group\"><div class=\"wp-block-group__inner-container is-layout-flow wp-block-group-is-layout-flow\">\n<figure class=\"wp-block-gallery columns-3 is-cropped wp-block-gallery-1 is-layout-flex wp-block-gallery-is-layout-flex\"><ul class=\"blocks-gallery-grid\"><li class=\"blocks-gallery-item\"><figure><a href=\"https:\/\/site.ac-martinique.fr\/espagnol\/wp-content\/uploads\/sites\/14\/2021\/07\/diffe\u0301renciation.jpg\"><img loading=\"lazy\" decoding=\"async\" width=\"608\" height=\"522\" src=\"https:\/\/site.ac-martinique.fr\/espagnol\/wp-content\/uploads\/sites\/14\/2021\/07\/diffe\u0301renciation.jpg\" alt=\"\" data-id=\"2730\" data-full-url=\"https:\/\/site.ac-martinique.fr\/espagnol\/wp-content\/uploads\/sites\/14\/2021\/07\/diffe\u0301renciation.jpg\" data-link=\"https:\/\/site.ac-martinique.fr\/espagnol\/?attachment_id=2730\" class=\"wp-image-2730\" srcset=\"https:\/\/site.ac-martinique.fr\/espagnol\/wp-content\/uploads\/sites\/14\/2021\/07\/diffe\u0301renciation.jpg 608w, https:\/\/site.ac-martinique.fr\/espagnol\/wp-content\/uploads\/sites\/14\/2021\/07\/diffe\u0301renciation-300x258.jpg 300w\" sizes=\"auto, (max-width: 608px) 100vw, 608px\" \/><\/a><figcaption class=\"blocks-gallery-item__caption\">Diff\u00e9renciation p\u00e9dagogique<\/figcaption><\/figure><\/li><li class=\"blocks-gallery-item\"><figure><a href=\"https:\/\/site.ac-martinique.fr\/espagnol\/wp-content\/uploads\/sites\/14\/2021\/07\/nume\u0301rique-lv.jpg\"><img loading=\"lazy\" decoding=\"async\" width=\"623\" height=\"589\" src=\"https:\/\/site.ac-martinique.fr\/espagnol\/wp-content\/uploads\/sites\/14\/2021\/07\/nume\u0301rique-lv.jpg\" alt=\"\" data-id=\"2719\" data-full-url=\"https:\/\/site.ac-martinique.fr\/espagnol\/wp-content\/uploads\/sites\/14\/2021\/07\/nume\u0301rique-lv.jpg\" data-link=\"https:\/\/site.ac-martinique.fr\/espagnol\/?attachment_id=2719\" class=\"wp-image-2719\" srcset=\"https:\/\/site.ac-martinique.fr\/espagnol\/wp-content\/uploads\/sites\/14\/2021\/07\/nume\u0301rique-lv.jpg 623w, https:\/\/site.ac-martinique.fr\/espagnol\/wp-content\/uploads\/sites\/14\/2021\/07\/nume\u0301rique-lv-300x284.jpg 300w\" sizes=\"auto, (max-width: 623px) 100vw, 623px\" \/><\/a><figcaption class=\"blocks-gallery-item__caption\">Interdisc. : Le num\u00e9rique en classe de LV<\/figcaption><\/figure><\/li><li class=\"blocks-gallery-item\"><figure><a href=\"https:\/\/site.ac-martinique.fr\/espagnol\/wp-content\/uploads\/sites\/14\/2021\/07\/actionelle-lgt-lp.jpg\"><img loading=\"lazy\" decoding=\"async\" width=\"609\" height=\"517\" src=\"https:\/\/site.ac-martinique.fr\/espagnol\/wp-content\/uploads\/sites\/14\/2021\/07\/actionelle-lgt-lp.jpg\" alt=\"\" data-id=\"2725\" data-full-url=\"https:\/\/site.ac-martinique.fr\/espagnol\/wp-content\/uploads\/sites\/14\/2021\/07\/actionelle-lgt-lp.jpg\" data-link=\"https:\/\/site.ac-martinique.fr\/espagnol\/?attachment_id=2725\" class=\"wp-image-2725\" srcset=\"https:\/\/site.ac-martinique.fr\/espagnol\/wp-content\/uploads\/sites\/14\/2021\/07\/actionelle-lgt-lp.jpg 609w, https:\/\/site.ac-martinique.fr\/espagnol\/wp-content\/uploads\/sites\/14\/2021\/07\/actionelle-lgt-lp-300x255.jpg 300w\" sizes=\"auto, (max-width: 609px) 100vw, 609px\" \/><\/a><figcaption class=\"blocks-gallery-item__caption\">Approche actionnelle au LGT et au LP<\/figcaption><\/figure><\/li><li class=\"blocks-gallery-item\"><figure><a href=\"https:\/\/site.ac-martinique.fr\/espagnol\/wp-content\/uploads\/sites\/14\/2021\/07\/actionnel-clg.jpg\"><img loading=\"lazy\" decoding=\"async\" width=\"611\" height=\"523\" src=\"https:\/\/site.ac-martinique.fr\/espagnol\/wp-content\/uploads\/sites\/14\/2021\/07\/actionnel-clg.jpg\" alt=\"\" data-id=\"2728\" data-full-url=\"https:\/\/site.ac-martinique.fr\/espagnol\/wp-content\/uploads\/sites\/14\/2021\/07\/actionnel-clg.jpg\" data-link=\"https:\/\/site.ac-martinique.fr\/espagnol\/?attachment_id=2728\" class=\"wp-image-2728\" srcset=\"https:\/\/site.ac-martinique.fr\/espagnol\/wp-content\/uploads\/sites\/14\/2021\/07\/actionnel-clg.jpg 611w, https:\/\/site.ac-martinique.fr\/espagnol\/wp-content\/uploads\/sites\/14\/2021\/07\/actionnel-clg-300x257.jpg 300w\" sizes=\"auto, (max-width: 611px) 100vw, 611px\" \/><\/a><figcaption class=\"blocks-gallery-item__caption\">Approche actionnelle au coll\u00e8ge<\/figcaption><\/figure><\/li><li class=\"blocks-gallery-item\"><figure><a href=\"https:\/\/site.ac-martinique.fr\/espagnol\/wp-content\/uploads\/sites\/14\/2021\/07\/eds-tle-go.jpg\"><img loading=\"lazy\" decoding=\"async\" width=\"623\" height=\"578\" src=\"https:\/\/site.ac-martinique.fr\/espagnol\/wp-content\/uploads\/sites\/14\/2021\/07\/eds-tle-go.jpg\" alt=\"\" data-id=\"2727\" data-full-url=\"https:\/\/site.ac-martinique.fr\/espagnol\/wp-content\/uploads\/sites\/14\/2021\/07\/eds-tle-go.jpg\" data-link=\"https:\/\/site.ac-martinique.fr\/espagnol\/?attachment_id=2727\" class=\"wp-image-2727\" srcset=\"https:\/\/site.ac-martinique.fr\/espagnol\/wp-content\/uploads\/sites\/14\/2021\/07\/eds-tle-go.jpg 623w, https:\/\/site.ac-martinique.fr\/espagnol\/wp-content\/uploads\/sites\/14\/2021\/07\/eds-tle-go-300x278.jpg 300w\" sizes=\"auto, (max-width: 623px) 100vw, 623px\" \/><\/a><figcaption class=\"blocks-gallery-item__caption\">Enseignement de sp\u00e9 en Tle<\/figcaption><\/figure><\/li><li class=\"blocks-gallery-item\"><figure><a href=\"https:\/\/site.ac-martinique.fr\/espagnol\/wp-content\/uploads\/sites\/14\/2021\/07\/eds-1e\u0300re.jpg\"><img loading=\"lazy\" decoding=\"async\" width=\"610\" height=\"523\" src=\"https:\/\/site.ac-martinique.fr\/espagnol\/wp-content\/uploads\/sites\/14\/2021\/07\/eds-1e\u0300re.jpg\" alt=\"\" data-id=\"2726\" data-full-url=\"https:\/\/site.ac-martinique.fr\/espagnol\/wp-content\/uploads\/sites\/14\/2021\/07\/eds-1e\u0300re.jpg\" data-link=\"https:\/\/site.ac-martinique.fr\/espagnol\/?attachment_id=2726\" class=\"wp-image-2726\" srcset=\"https:\/\/site.ac-martinique.fr\/espagnol\/wp-content\/uploads\/sites\/14\/2021\/07\/eds-1e\u0300re.jpg 610w, https:\/\/site.ac-martinique.fr\/espagnol\/wp-content\/uploads\/sites\/14\/2021\/07\/eds-1e\u0300re-300x257.jpg 300w\" sizes=\"auto, (max-width: 610px) 100vw, 610px\" \/><\/a><figcaption class=\"blocks-gallery-item__caption\">Enseignement de sp\u00e9 en 1\u00e8re<\/figcaption><\/figure><\/li><li class=\"blocks-gallery-item\"><figure><a href=\"https:\/\/site.ac-martinique.fr\/espagnol\/wp-content\/uploads\/sites\/14\/2021\/07\/alve.jpg\"><img loading=\"lazy\" decoding=\"async\" width=\"611\" height=\"540\" src=\"https:\/\/site.ac-martinique.fr\/espagnol\/wp-content\/uploads\/sites\/14\/2021\/07\/alve.jpg\" alt=\"\" data-id=\"2724\" data-full-url=\"https:\/\/site.ac-martinique.fr\/espagnol\/wp-content\/uploads\/sites\/14\/2021\/07\/alve.jpg\" data-link=\"https:\/\/site.ac-martinique.fr\/espagnol\/?attachment_id=2724\" class=\"wp-image-2724\" srcset=\"https:\/\/site.ac-martinique.fr\/espagnol\/wp-content\/uploads\/sites\/14\/2021\/07\/alve.jpg 611w, https:\/\/site.ac-martinique.fr\/espagnol\/wp-content\/uploads\/sites\/14\/2021\/07\/alve-300x265.jpg 300w\" sizes=\"auto, (max-width: 611px) 100vw, 611px\" \/><\/a><figcaption class=\"blocks-gallery-item__caption\">Accompagnement des ALVE<\/figcaption><\/figure><\/li><li class=\"blocks-gallery-item\"><figure><a href=\"https:\/\/site.ac-martinique.fr\/espagnol\/wp-content\/uploads\/sites\/14\/2021\/07\/eval-ec.jpg\"><img loading=\"lazy\" decoding=\"async\" width=\"603\" height=\"513\" src=\"https:\/\/site.ac-martinique.fr\/espagnol\/wp-content\/uploads\/sites\/14\/2021\/07\/eval-ec.jpg\" alt=\"\" data-id=\"2729\" data-full-url=\"https:\/\/site.ac-martinique.fr\/espagnol\/wp-content\/uploads\/sites\/14\/2021\/07\/eval-ec.jpg\" data-link=\"https:\/\/site.ac-martinique.fr\/espagnol\/?attachment_id=2729\" class=\"wp-image-2729\" srcset=\"https:\/\/site.ac-martinique.fr\/espagnol\/wp-content\/uploads\/sites\/14\/2021\/07\/eval-ec.jpg 603w, https:\/\/site.ac-martinique.fr\/espagnol\/wp-content\/uploads\/sites\/14\/2021\/07\/eval-ec-300x255.jpg 300w\" sizes=\"auto, (max-width: 603px) 100vw, 603px\" \/><\/a><figcaption class=\"blocks-gallery-item__caption\">Evaluation des \u00e9preuves communes du Bac<\/figcaption><\/figure><\/li><li class=\"blocks-gallery-item\"><figure><a href=\"https:\/\/site.ac-martinique.fr\/espagnol\/wp-content\/uploads\/sites\/14\/2021\/07\/etlv.jpg\"><img loading=\"lazy\" decoding=\"async\" width=\"638\" height=\"536\" src=\"https:\/\/site.ac-martinique.fr\/espagnol\/wp-content\/uploads\/sites\/14\/2021\/07\/etlv.jpg\" alt=\"\" data-id=\"2717\" data-full-url=\"https:\/\/site.ac-martinique.fr\/espagnol\/wp-content\/uploads\/sites\/14\/2021\/07\/etlv.jpg\" data-link=\"https:\/\/site.ac-martinique.fr\/espagnol\/?attachment_id=2717\" class=\"wp-image-2717\" srcset=\"https:\/\/site.ac-martinique.fr\/espagnol\/wp-content\/uploads\/sites\/14\/2021\/07\/etlv.jpg 638w, https:\/\/site.ac-martinique.fr\/espagnol\/wp-content\/uploads\/sites\/14\/2021\/07\/etlv-300x252.jpg 300w\" sizes=\"auto, (max-width: 638px) 100vw, 638px\" \/><\/a><figcaption class=\"blocks-gallery-item__caption\">ETLV : enseigner et \u00e9valuer<\/figcaption><\/figure><\/li><li class=\"blocks-gallery-item\"><figure><a href=\"https:\/\/site.ac-martinique.fr\/espagnol\/wp-content\/uploads\/sites\/14\/2021\/07\/etlv-peda-et-didact.jpg\"><img loading=\"lazy\" decoding=\"async\" width=\"612\" height=\"499\" src=\"https:\/\/site.ac-martinique.fr\/espagnol\/wp-content\/uploads\/sites\/14\/2021\/07\/etlv-peda-et-didact.jpg\" alt=\"\" data-id=\"2718\" data-full-url=\"https:\/\/site.ac-martinique.fr\/espagnol\/wp-content\/uploads\/sites\/14\/2021\/07\/etlv-peda-et-didact.jpg\" data-link=\"https:\/\/site.ac-martinique.fr\/espagnol\/?attachment_id=2718\" class=\"wp-image-2718\" srcset=\"https:\/\/site.ac-martinique.fr\/espagnol\/wp-content\/uploads\/sites\/14\/2021\/07\/etlv-peda-et-didact.jpg 612w, https:\/\/site.ac-martinique.fr\/espagnol\/wp-content\/uploads\/sites\/14\/2021\/07\/etlv-peda-et-didact-300x245.jpg 300w\" sizes=\"auto, (max-width: 612px) 100vw, 612px\" \/><\/a><figcaption class=\"blocks-gallery-item__caption\">ETLV : p\u00e9dagogie et didactique<\/figcaption><\/figure><\/li><li class=\"blocks-gallery-item\"><figure><a href=\"https:\/\/site.ac-martinique.fr\/espagnol\/wp-content\/uploads\/sites\/14\/2021\/07\/inter-e\u0301val-positive.jpg\"><img loading=\"lazy\" decoding=\"async\" width=\"620\" height=\"538\" src=\"https:\/\/site.ac-martinique.fr\/espagnol\/wp-content\/uploads\/sites\/14\/2021\/07\/inter-e\u0301val-positive.jpg\" alt=\"\" data-id=\"2720\" data-full-url=\"https:\/\/site.ac-martinique.fr\/espagnol\/wp-content\/uploads\/sites\/14\/2021\/07\/inter-e\u0301val-positive.jpg\" data-link=\"https:\/\/site.ac-martinique.fr\/espagnol\/?attachment_id=2720\" class=\"wp-image-2720\" srcset=\"https:\/\/site.ac-martinique.fr\/espagnol\/wp-content\/uploads\/sites\/14\/2021\/07\/inter-e\u0301val-positive.jpg 620w, https:\/\/site.ac-martinique.fr\/espagnol\/wp-content\/uploads\/sites\/14\/2021\/07\/inter-e\u0301val-positive-300x260.jpg 300w\" sizes=\"auto, (max-width: 620px) 100vw, 620px\" \/><\/a><figcaption class=\"blocks-gallery-item__caption\">Interdisc. : Rendre l&rsquo;\u00e9valuation utile aux apprentissages<\/figcaption><\/figure><\/li><li class=\"blocks-gallery-item\"><figure><a href=\"https:\/\/site.ac-martinique.fr\/espagnol\/wp-content\/uploads\/sites\/14\/2021\/07\/inter-eo-par-les-textes.jpg\"><img loading=\"lazy\" decoding=\"async\" width=\"617\" height=\"582\" src=\"https:\/\/site.ac-martinique.fr\/espagnol\/wp-content\/uploads\/sites\/14\/2021\/07\/inter-eo-par-les-textes.jpg\" alt=\"\" data-id=\"2721\" data-full-url=\"https:\/\/site.ac-martinique.fr\/espagnol\/wp-content\/uploads\/sites\/14\/2021\/07\/inter-eo-par-les-textes.jpg\" data-link=\"https:\/\/site.ac-martinique.fr\/espagnol\/?attachment_id=2721\" class=\"wp-image-2721\" srcset=\"https:\/\/site.ac-martinique.fr\/espagnol\/wp-content\/uploads\/sites\/14\/2021\/07\/inter-eo-par-les-textes.jpg 617w, https:\/\/site.ac-martinique.fr\/espagnol\/wp-content\/uploads\/sites\/14\/2021\/07\/inter-eo-par-les-textes-300x283.jpg 300w\" sizes=\"auto, (max-width: 617px) 100vw, 617px\" \/><\/a><figcaption class=\"blocks-gallery-item__caption\">Interdisc. : Nourrir l&rsquo;EO par les textes<\/figcaption><\/figure><\/li><li class=\"blocks-gallery-item\"><figure><a href=\"https:\/\/site.ac-martinique.fr\/espagnol\/wp-content\/uploads\/sites\/14\/2021\/07\/inter-doc-ico.jpg\"><img loading=\"lazy\" decoding=\"async\" width=\"617\" height=\"569\" src=\"https:\/\/site.ac-martinique.fr\/espagnol\/wp-content\/uploads\/sites\/14\/2021\/07\/inter-doc-ico.jpg\" alt=\"\" data-id=\"2722\" data-full-url=\"https:\/\/site.ac-martinique.fr\/espagnol\/wp-content\/uploads\/sites\/14\/2021\/07\/inter-doc-ico.jpg\" data-link=\"https:\/\/site.ac-martinique.fr\/espagnol\/?attachment_id=2722\" class=\"wp-image-2722\" srcset=\"https:\/\/site.ac-martinique.fr\/espagnol\/wp-content\/uploads\/sites\/14\/2021\/07\/inter-doc-ico.jpg 617w, https:\/\/site.ac-martinique.fr\/espagnol\/wp-content\/uploads\/sites\/14\/2021\/07\/inter-doc-ico-300x277.jpg 300w\" sizes=\"auto, (max-width: 617px) 100vw, 617px\" \/><\/a><figcaption class=\"blocks-gallery-item__caption\">Interdisc. : Traitement du document iconographique<\/figcaption><\/figure><\/li><li class=\"blocks-gallery-item\"><figure><a href=\"https:\/\/site.ac-martinique.fr\/espagnol\/wp-content\/uploads\/sites\/14\/2021\/07\/inter-ilots-peda.jpg\"><img loading=\"lazy\" decoding=\"async\" width=\"632\" height=\"558\" src=\"https:\/\/site.ac-martinique.fr\/espagnol\/wp-content\/uploads\/sites\/14\/2021\/07\/inter-ilots-peda.jpg\" alt=\"\" data-id=\"2723\" data-full-url=\"https:\/\/site.ac-martinique.fr\/espagnol\/wp-content\/uploads\/sites\/14\/2021\/07\/inter-ilots-peda.jpg\" data-link=\"https:\/\/site.ac-martinique.fr\/espagnol\/?attachment_id=2723\" class=\"wp-image-2723\" srcset=\"https:\/\/site.ac-martinique.fr\/espagnol\/wp-content\/uploads\/sites\/14\/2021\/07\/inter-ilots-peda.jpg 632w, https:\/\/site.ac-martinique.fr\/espagnol\/wp-content\/uploads\/sites\/14\/2021\/07\/inter-ilots-peda-300x265.jpg 300w\" sizes=\"auto, (max-width: 632px) 100vw, 632px\" \/><\/a><figcaption class=\"blocks-gallery-item__caption\">Interdisc. : Les \u00eelots p\u00e9dagogiques<\/figcaption><\/figure><\/li><\/ul><\/figure>\n<\/div><\/div>\n\n\n\n<div class=\"wp-block-file\"><a href=\"https:\/\/site.ac-martinique.fr\/espagnol\/wp-content\/uploads\/sites\/14\/2021\/07\/PAF-Espagnol-2021-2022.pdf\" target=\"_blank\" rel=\"noreferrer noopener\">Version simplifi\u00e9e pour les enseignants d&rsquo;Espagnol PAF 2021\/2022<span class=\"fr-link__detail\">PDF \u2013 511 Ko<\/span><\/a><\/div>\n\n\n\n<div class=\"wp-block-file\"><a href=\"https:\/\/site.ac-martinique.fr\/espagnol\/wp-content\/uploads\/sites\/14\/2021\/07\/PAF-2nde-degre\u0301-2021-2022-1.pdf\" target=\"_blank\" rel=\"noreferrer noopener\">Version compl\u00e8te PAF 2021\/2022 2nd degr\u00e9<span class=\"fr-link__detail\">PDF \u2013 3 Mo<\/span><\/a><\/div>\n","protected":false},"excerpt":{"rendered":"<p>Le Plan Acad\u00e9mique de Formation \u00ab&nbsp;Formation continue&nbsp;\u00bb 2021-2022 a \u00e9t\u00e9 publi\u00e9. Les inscriptions sont ouvertes depuis le 1er juillet et jusqu&rsquo;au 30 septembre 2021. Pour vous inscrire au PAF&nbsp;:&nbsp;https:\/\/extranet.ac-martinique.fr\/arena Dans [&hellip;]<\/p>\n","protected":false},"author":70,"featured_media":2741,"comment_status":"closed","ping_status":"closed","sticky":false,"template":"","format":"standard","meta":{"footnotes":""},"categories":[1],"tags":[45,44],"class_list":["post-2714","post","type-post","status-publish","format-standard","has-post-thumbnail","hentry","category-non-classe","tag-formation","tag-paf"],"_links":{"self":[{"href":"https:\/\/site.ac-martinique.fr\/espagnol\/index.php?rest_route=\/wp\/v2\/posts\/2714","targetHints":{"allow":["GET"]}}],"collection":[{"href":"https:\/\/site.ac-martinique.fr\/espagnol\/index.php?rest_route=\/wp\/v2\/posts"}],"about":[{"href":"https:\/\/site.ac-martinique.fr\/espagnol\/index.php?rest_route=\/wp\/v2\/types\/post"}],"author":[{"embeddable":true,"href":"https:\/\/site.ac-martinique.fr\/espagnol\/index.php?rest_route=\/wp\/v2\/users\/70"}],"replies":[{"embeddable":true,"href":"https:\/\/site.ac-martinique.fr\/espagnol\/index.php?rest_route=%2Fwp%2Fv2%2Fcomments&post=2714"}],"version-history":[{"count":11,"href":"https:\/\/site.ac-martinique.fr\/espagnol\/index.php?rest_route=\/wp\/v2\/posts\/2714\/revisions"}],"predecessor-version":[{"id":2746,"href":"https:\/\/site.ac-martinique.fr\/espagnol\/index.php?rest_route=\/wp\/v2\/posts\/2714\/revisions\/2746"}],"wp:featuredmedia":[{"embeddable":true,"href":"https:\/\/site.ac-martinique.fr\/espagnol\/index.php?rest_route=\/wp\/v2\/media\/2741"}],"wp:attachment":[{"href":"https:\/\/site.ac-martinique.fr\/espagnol\/index.php?rest_route=%2Fwp%2Fv2%2Fmedia&parent=2714"}],"wp:term":[{"taxonomy":"category","embeddable":true,"href":"https:\/\/site.ac-martinique.fr\/espagnol\/index.php?rest_route=%2Fwp%2Fv2%2Fcategories&post=2714"},{"taxonomy":"post_tag","embeddable":true,"href":"https:\/\/site.ac-martinique.fr\/espagnol\/index.php?rest_route=%2Fwp%2Fv2%2Ftags&post=2714"}],"curies":[{"name":"wp","href":"https:\/\/api.w.org\/{rel}","templated":true}]}}