{"id":3409,"date":"2025-05-02T14:39:48","date_gmt":"2025-05-02T13:39:48","guid":{"rendered":"https:\/\/site.ac-martinique.fr\/espagnol\/?p=3409"},"modified":"2025-05-02T14:42:27","modified_gmt":"2025-05-02T13:42:27","slug":"modification-du-programme-de-lenseignement-de-specialite-en-tle","status":"publish","type":"post","link":"https:\/\/site.ac-martinique.fr\/espagnol\/?p=3409","title":{"rendered":"Modification du programme de l&rsquo;enseignement de sp\u00e9cialit\u00e9 en Tle"},"content":{"rendered":"\n<p>Une modification importante du programme de la sp\u00e9cialit\u00e9 LLCER Espagnol a \u00e9t\u00e9 publi\u00e9e au&nbsp;<em>Journal officiel<\/em> concernant la th\u00e9matique&nbsp;<strong>\u00ab Dominations et insoumissions \u00bb<\/strong>, et plus pr\u00e9cis\u00e9ment l&rsquo;<strong>axe d\u2019\u00e9tude 3 : Culture officielle et \u00e9mancipations culturelles<\/strong>.<\/p>\n\n\n\n<h4 class=\"wp-block-heading has-text-align-center has-vivid-red-color has-text-color has-link-color has-large-font-size wp-elements-d1281881d23ef401e2217611d61c670e\">Suppression de la r\u00e9f\u00e9rence \u00e0&nbsp;<em>La Gu\u00eda de la buena esposa<\/em><\/h4>\n\n\n\n<p class=\"has-black-color has-luminous-vivid-amber-background-color has-text-color has-background has-link-color wp-elements-68735e4c123b9ac7a35cfb2f0cb18ae3\">Dans un souci d\u2019actualisation et d\u2019ajustement des supports propos\u00e9s \u00e0 l\u2019\u00e9tude,&nbsp;<strong>toutes les mentions de la c\u00e9l\u00e8bre \u00ab Gu\u00eda de la buena esposa \u00bb ont \u00e9t\u00e9 supprim\u00e9es<\/strong>&nbsp;des documents de r\u00e9f\u00e9rence. <\/p>\n\n\n\n<ul class=\"wp-block-list\">\n<li>Dans&nbsp;<strong>la partie \u00ab Les th\u00e9matiques \u00bb<\/strong>,&nbsp;<strong>axe 3<\/strong>&nbsp;:\n<ul class=\"wp-block-list\">\n<li>Le&nbsp;<strong>premier paragraphe<\/strong>&nbsp;ne contient plus la parenth\u00e8se explicative :&nbsp;<em>\u00ab (comme la c\u00e9l\u00e8bre Gu\u00eda de la buena esposa) \u00bb<\/em>.<\/li>\n<\/ul>\n<\/li>\n<\/ul>\n\n\n\n<p><\/p>\n\n\n\n<ul class=\"wp-block-list\">\n<li>Dans&nbsp;<strong>la partie \u00ab R\u00e9f\u00e9rences \u00bb<\/strong>, toujours dans&nbsp;<strong>la th\u00e9matique \u201cDominations et insoumissions\u201d<\/strong>&nbsp;:\n<ul class=\"wp-block-list\">\n<li><strong>Axe 1 : Oppressions, r\u00e9sistances et r\u00e9voltes<\/strong>&nbsp;:\n<ul class=\"wp-block-list\">\n<li>\u00c0 la&nbsp;<strong>cinqui\u00e8me ligne<\/strong>&nbsp;du tableau intitul\u00e9&nbsp;<em>\u00ab De \u201cla bonne \u00e9pouse\u201d \u00e0 la guerillera \u00bb<\/em>, la r\u00e9f\u00e9rence suivante est supprim\u00e9e:<br><em>\u00ab Primo de Rivera, P., La gu\u00eda de la buena esposa, (Secci\u00f3n femenina de la Falange), 1953 \u00bb<\/em>.<\/li>\n<\/ul>\n<\/li>\n<\/ul>\n<\/li>\n<\/ul>\n\n\n\n<p><\/p>\n\n\n\n<ul class=\"wp-block-list\">\n<li><strong>Axe 3 : Culture officielle et \u00e9mancipations culturelles<\/strong>&nbsp;:\n<ul class=\"wp-block-list\">\n<li>\u00c0 la&nbsp;<strong>premi\u00e8re ligne<\/strong>&nbsp;du tableau intitul\u00e9&nbsp;<em>\u00ab Culture officielle \u00bb<\/em>, est supprim\u00e9e la mention :<br><em>\u00ab Manuel : Primo de Rivera, Pilar, Gu\u00eda de la buena esposa, 1953 \u00bb<\/em>.<\/li>\n<\/ul>\n<\/li>\n<\/ul>\n\n\n\n<h4 class=\"wp-block-heading\">Ce qu\u2019il faut retenir pour vos pratiques p\u00e9dagogiques<\/h4>\n\n\n\n<p>Ces ajustements impliquent que&nbsp;<strong>la \u201cGu\u00eda de la buena esposa\u201d ne doit plus \u00eatre consid\u00e9r\u00e9e comme une r\u00e9f\u00e9rence officielle<\/strong>&nbsp;dans le cadre de l\u2019enseignement de la sp\u00e9cialit\u00e9 LLCER Espagnol. Les enseignants sont invit\u00e9s \u00e0 s\u00e9lectionner d\u2019autres documents repr\u00e9sentatifs de la culture officielle franquiste ou des dynamiques d\u2019\u00e9mancipation culturelle dans l\u2019Espagne du XXe si\u00e8cle.<\/p>\n\n\n\n<p><\/p>\n","protected":false},"excerpt":{"rendered":"<p>Une modification importante du programme de la sp\u00e9cialit\u00e9 LLCER Espagnol a \u00e9t\u00e9 publi\u00e9e au&nbsp;Journal officiel concernant la th\u00e9matique&nbsp;\u00ab Dominations et insoumissions \u00bb, et plus pr\u00e9cis\u00e9ment l&rsquo;axe d\u2019\u00e9tude 3 : Culture [&hellip;]<\/p>\n","protected":false},"author":70,"featured_media":0,"comment_status":"closed","ping_status":"closed","sticky":false,"template":"","format":"standard","meta":{"footnotes":""},"categories":[1],"tags":[],"class_list":["post-3409","post","type-post","status-publish","format-standard","hentry","category-non-classe"],"_links":{"self":[{"href":"https:\/\/site.ac-martinique.fr\/espagnol\/index.php?rest_route=\/wp\/v2\/posts\/3409","targetHints":{"allow":["GET"]}}],"collection":[{"href":"https:\/\/site.ac-martinique.fr\/espagnol\/index.php?rest_route=\/wp\/v2\/posts"}],"about":[{"href":"https:\/\/site.ac-martinique.fr\/espagnol\/index.php?rest_route=\/wp\/v2\/types\/post"}],"author":[{"embeddable":true,"href":"https:\/\/site.ac-martinique.fr\/espagnol\/index.php?rest_route=\/wp\/v2\/users\/70"}],"replies":[{"embeddable":true,"href":"https:\/\/site.ac-martinique.fr\/espagnol\/index.php?rest_route=%2Fwp%2Fv2%2Fcomments&post=3409"}],"version-history":[{"count":3,"href":"https:\/\/site.ac-martinique.fr\/espagnol\/index.php?rest_route=\/wp\/v2\/posts\/3409\/revisions"}],"predecessor-version":[{"id":3413,"href":"https:\/\/site.ac-martinique.fr\/espagnol\/index.php?rest_route=\/wp\/v2\/posts\/3409\/revisions\/3413"}],"wp:attachment":[{"href":"https:\/\/site.ac-martinique.fr\/espagnol\/index.php?rest_route=%2Fwp%2Fv2%2Fmedia&parent=3409"}],"wp:term":[{"taxonomy":"category","embeddable":true,"href":"https:\/\/site.ac-martinique.fr\/espagnol\/index.php?rest_route=%2Fwp%2Fv2%2Fcategories&post=3409"},{"taxonomy":"post_tag","embeddable":true,"href":"https:\/\/site.ac-martinique.fr\/espagnol\/index.php?rest_route=%2Fwp%2Fv2%2Ftags&post=3409"}],"curies":[{"name":"wp","href":"https:\/\/api.w.org\/{rel}","templated":true}]}}