{"id":3420,"date":"2025-02-07T20:03:56","date_gmt":"2025-02-07T19:03:56","guid":{"rendered":"https:\/\/site.ac-martinique.fr\/espagnol\/?p=3420"},"modified":"2025-05-02T20:16:18","modified_gmt":"2025-05-02T19:16:18","slug":"projets-de-programmes-college-et-lycee","status":"publish","type":"post","link":"https:\/\/site.ac-martinique.fr\/espagnol\/?p=3420","title":{"rendered":"Projets de programmes (Coll\u00e8ge et Lyc\u00e9e)"},"content":{"rendered":"\n<p>Par une lettre de saisine en date du 13 mars 2024, la ministre de l\u2019\u00c9ducation nationale a demand\u00e9 au Conseil sup\u00e9rieur des programmes (CSP) de r\u00e9viser les\u00a0<strong>programmes de langues vivantes \u00e9trang\u00e8res et r\u00e9gionales de la sixi\u00e8me \u00e0 la terminale<\/strong>.<\/p>\n\n\n\n<p>Le minist\u00e8re a engag\u00e9 une large consultation pour recueillir l&rsquo;avis et les suggestions de la communaut\u00e9 \u00e9ducative sur les projets de programmes \u00e9labor\u00e9s par le Conseil sup\u00e9rieur des programmes.<\/p>\n\n\n\n<p>Vous pourrez retrouver ci-dessous un tableau synoptique de ces projets, en bas de page un document plus d\u00e9taill\u00e9 et les projets de programmes publi\u00e9s.<\/p>\n\n\n\n<p class=\"has-text-align-center has-vivid-red-color has-pale-cyan-blue-background-color has-text-color has-background has-link-color wp-elements-2c6892a565ddc30c0fc57ecfe43aadf5\"><strong>PROJETS DE PROGRAMMES \u2013 COLLEGE<\/strong><\/p>\n\n\n\n<div class=\"wp-block-group\"><div class=\"wp-block-group__inner-container is-layout-constrained wp-block-group-is-layout-constrained\">\n<div class=\"wp-block-columns is-layout-flex wp-container-core-columns-is-layout-abceabcf wp-block-columns-is-layout-flex\">\n<div class=\"wp-block-column is-layout-flow wp-block-column-is-layout-flow\" style=\"--col-width:100%;flex-basis:100%\">\n<figure class=\"wp-block-table is-style-tw-border-h\"><table class=\"has-black-color has-very-light-gray-to-cyan-bluish-gray-gradient-background has-text-color has-background has-link-color has-fixed-layout\"><tbody><tr><td><strong>6\u00e8me<\/strong><\/td><td><strong>5\u00e8me<\/strong><\/td><td><strong>4\u00e8me<\/strong><\/td><td><strong>3\u00e8me<\/strong><\/td><\/tr><tr><td>LVB : A1 \/ LVA : A1+<\/td><td>LVB : A1+ \/ LVA : A2<\/td><td>LVB : A1+ \/ LVA : A2+<\/td><td>LVB : A2 \/ LVA : B1<\/td><\/tr><tr><td><strong>Axe 1<\/strong><br>Personnes et personnages<br><br><strong>Axe 2<\/strong><br>Le quotidien : vivre, jouer, apprendre<br><br><strong>Axe 3<\/strong><br>Pays et paysages<br><br><strong>Axe 4<\/strong><br>Imaginaire, contes et l\u00e9gendes<br><br><strong>Axe 5<\/strong><br>Arts et expression des sentiments&nbsp;<\/td><td><strong>Axe 1<\/strong><br>Portrait, autoportrait<br><br><strong>Axe 2<\/strong><br>Le quotidien : lieux, rythmes, saisons<br><br><strong>Axe 3<\/strong> \u00c9cole et loisirs<br><br><strong>Axe 4<\/strong> Le r\u00e9el et l\u2019imaginaire<br><br><strong>Axe 5<\/strong> Des langues, des lieux, des histoires<br><br><strong>Axe 6<\/strong> Le Mexique : nature et culture<\/td><td><strong>Axe 1<\/strong><br>Sport et soci\u00e9t\u00e9<br><br><strong>Axe 2<\/strong><br>Voyages et exploration<br><br><strong>Axe 3<\/strong><br>Villes, villages, quartiers<br><br><strong>Axe 4<\/strong><br>Inventer, innover, cr\u00e9er<br><br><strong>Axe 5<\/strong><br>Langages et messages artistiques<br><br><strong>Axe 6<\/strong> L\u2019Andalousie, terre de merveilles<\/td><td><strong>Axe 1<\/strong><br>\u00c0 la rencontre de l\u2019autre<br><br><strong>Axe 2<\/strong><br>Travailler hier, aujourd\u2019hui, demain<br><br><strong>Axe 3<\/strong> Voyages et migrations<br><br><strong>Axe 4<\/strong> Langages et m\u00e9dias<br><br><strong>Axe 5<\/strong> Formes de l\u2019engagement<br><br><strong>Axe 6<\/strong><br>1492, l\u2019ann\u00e9e \u00abadmirable\u00bb?<\/td><\/tr><\/tbody><\/table><\/figure>\n<\/div>\n<\/div>\n<\/div><\/div>\n\n\n\n<p class=\"has-text-align-center has-vivid-red-color has-pale-cyan-blue-background-color has-text-color has-background has-link-color wp-elements-9d56331da5109083f9f4e78059811ed8\"><strong>PROJETS DE PROGRAMMES \u2013 LYCEE<\/strong><\/p>\n\n\n\n<div class=\"wp-block-columns is-layout-flex wp-container-core-columns-is-layout-abceabcf wp-block-columns-is-layout-flex\">\n<div class=\"wp-block-column is-layout-flow wp-block-column-is-layout-flow\" style=\"--col-width:100%;flex-basis:100%\">\n<figure class=\"wp-block-table is-style-tw-border-h-inner\"><table class=\"has-very-light-gray-to-cyan-bluish-gray-gradient-background has-background has-fixed-layout\"><tbody><tr><td><strong>2nde<\/strong><\/td><td><strong>1\u00e8re<\/strong><\/td><td><strong>Tle<\/strong><\/td><\/tr><tr><td>LVB : A2+ \/ LVA : B1+ \/ LVC : A1+<\/td><td>LVB : B1 \/ LVA : B1+ \/ LVC A2<\/td><td>LVB B1 LVA B2 LVC A2+\/B1<\/td><\/tr><tr><td><strong>Axe 1<\/strong><br>Repr\u00e9sentation de soi et rapport \u00e0 autrui<br><br><strong>Axe 2<\/strong><br>Vivre entre g\u00e9n\u00e9rations<br><br><strong>Axe 3<\/strong><br>Le pass\u00e9 dans le pr\u00e9sent<br><br><em><strong>Axe 4<\/strong><br>D\u00e9fis et transitions<br><br><strong>Axe 5<\/strong><br>Cr\u00e9er et recr\u00e9er<br><br><strong>Axe 6<\/strong><br>L\u2019Espagne au-del\u00e0 des clich\u00e9s&nbsp;<\/em><\/td><td><strong>Axe 1<\/strong><br>Identit\u00e9s et \u00e9changes&nbsp;<br><br><strong>Axe 2<\/strong><br>Diversit\u00e9 et inclusion&nbsp;<br><br><strong>Axe 3<\/strong><br>Art et pouvoir&nbsp;<br><br><strong>Axe 4<\/strong><br>Innovations scientifiques et responsabilit\u00e9&nbsp;<br><br><em><strong>Axe 5<\/strong>&nbsp;<br>L\u2019\u00eatre humain et la nature&nbsp;<br><br><strong>Axe 6<\/strong><br>L\u2019espace andin, la colonne vert\u00e9brale de l\u2019Am\u00e9rique du sud&nbsp;<\/em><\/td><td><strong>Axe 1<\/strong><br>Espace priv\u00e9 et espace public&nbsp;<br><br><strong>Axe 2<\/strong><br>Territoire et m\u00e9moire&nbsp;<br><br><strong>Axe 3&nbsp;<\/strong><br>Fictions et r\u00e9alit\u00e9s&nbsp;<br><br><em><strong>Axe 4<\/strong><br>Enjeux et formes de la communication&nbsp;<\/em><br><br><strong>Axe 5<\/strong><br>Citoyennet\u00e9 et mondes virtuels&nbsp;<br><br><em><strong>Axe 6<\/strong><br>La richesse des m\u00e9tissages dans le monde hispaniqu<\/em>e&nbsp;<\/td><\/tr><\/tbody><\/table><\/figure>\n<\/div>\n<\/div>\n\n\n\n<h3 class=\"wp-block-heading alignwide has-text-align-center has-vivid-red-color has-pale-cyan-blue-background-color has-text-color has-background has-link-color wp-elements-533c9ab338358be6e9878884d32def6a\">Projets de programmes d\u00e9taill\u00e9s<\/h3>\n\n\n\n<div data-wp-interactive=\"core\/file\" class=\"wp-block-file\"><object data-wp-bind--hidden=\"!state.hasPdfPreview\" hidden class=\"wp-block-file__embed\" data=\"https:\/\/site.ac-martinique.fr\/espagnol\/wp-content\/uploads\/sites\/14\/2025\/05\/Synthese-PROJETS-DE-PROGRAMMES.pdf\" type=\"application\/pdf\" style=\"width:100%;height:300px\" aria-label=\"Contenu embarqu\u00e9 Synth\u00e8se PROJETS DE PROGRAMMES.\"><\/object><a id=\"wp-block-file--media-92ad122c-541f-423d-94a4-f1ebc1dcdf22\" href=\"https:\/\/site.ac-martinique.fr\/espagnol\/wp-content\/uploads\/sites\/14\/2025\/05\/Synthese-PROJETS-DE-PROGRAMMES.pdf\" target=\"_blank\" rel=\"noreferrer noopener\">Synth\u00e8se PROJETS DE PROGRAMMES<span class=\"fr-link__detail\">PDF \u2013 81 Ko<\/span><\/a><\/div>\n\n\n\n<h3 class=\"wp-block-heading alignwide has-text-align-center has-vivid-red-color has-pale-cyan-blue-background-color has-text-color has-background has-link-color wp-elements-ed9dc0939eb7533ae3d43fde7b473c9f\">Projets de programmes publi\u00e9s pour consultation<\/h3>\n\n\n\n<div class=\"wp-block-columns is-layout-flex wp-container-core-columns-is-layout-abceabcf wp-block-columns-is-layout-flex\">\n<div class=\"wp-block-column is-layout-flow wp-block-column-is-layout-flow\">\n<div data-wp-interactive=\"core\/file\" class=\"wp-block-file\"><object data-wp-bind--hidden=\"!state.hasPdfPreview\" hidden class=\"wp-block-file__embed\" data=\"https:\/\/site.ac-martinique.fr\/espagnol\/wp-content\/uploads\/sites\/14\/2025\/05\/projets-de-programmes-d-espagnol-coll-ge-novembre-2024-198657.pdf\" type=\"application\/pdf\" style=\"width:100%;height:600px\" aria-label=\"Contenu embarqu\u00e9 Projet de programme Coll\u00e8ge.\"><\/object><a id=\"wp-block-file--media-8431a39c-9c1e-445c-ab70-34d972ab6eae\" href=\"https:\/\/site.ac-martinique.fr\/espagnol\/wp-content\/uploads\/sites\/14\/2025\/05\/projets-de-programmes-d-espagnol-coll-ge-novembre-2024-198657.pdf\" target=\"_blank\" rel=\"noreferrer noopener\">Projet de programme Coll\u00e8ge<span class=\"fr-link__detail\">PDF \u2013 4 Mo<\/span><\/a><\/div>\n<\/div>\n\n\n\n<div class=\"wp-block-column is-layout-flow wp-block-column-is-layout-flow\">\n<div data-wp-interactive=\"core\/file\" class=\"wp-block-file\"><object data-wp-bind--hidden=\"!state.hasPdfPreview\" hidden class=\"wp-block-file__embed\" data=\"https:\/\/site.ac-martinique.fr\/espagnol\/wp-content\/uploads\/sites\/14\/2025\/05\/projets-de-programmes-d-espagnol-lyc-e-novembre-2024-198673.pdf\" type=\"application\/pdf\" style=\"width:100%;height:600px\" aria-label=\"Contenu embarqu\u00e9 Projet de programme Lyc\u00e9e.\"><\/object><a id=\"wp-block-file--media-95b38b66-b24f-449f-b863-8780b9ad35ab\" href=\"https:\/\/site.ac-martinique.fr\/espagnol\/wp-content\/uploads\/sites\/14\/2025\/05\/projets-de-programmes-d-espagnol-lyc-e-novembre-2024-198673.pdf\" target=\"_blank\" rel=\"noreferrer noopener\">Projet de programme Lyc\u00e9e<span class=\"fr-link__detail\">PDF \u2013 4 Mo<\/span><\/a><\/div>\n<\/div>\n<\/div>\n\n\n\n<p><\/p>\n","protected":false},"excerpt":{"rendered":"<p>Par une lettre de saisine en date du 13 mars 2024, la ministre de l\u2019\u00c9ducation nationale a demand\u00e9 au Conseil sup\u00e9rieur des programmes (CSP) de r\u00e9viser les\u00a0programmes de langues vivantes [&hellip;]<\/p>\n","protected":false},"author":70,"featured_media":0,"comment_status":"closed","ping_status":"closed","sticky":false,"template":"","format":"standard","meta":{"footnotes":""},"categories":[1],"tags":[],"class_list":["post-3420","post","type-post","status-publish","format-standard","hentry","category-non-classe"],"_links":{"self":[{"href":"https:\/\/site.ac-martinique.fr\/espagnol\/index.php?rest_route=\/wp\/v2\/posts\/3420","targetHints":{"allow":["GET"]}}],"collection":[{"href":"https:\/\/site.ac-martinique.fr\/espagnol\/index.php?rest_route=\/wp\/v2\/posts"}],"about":[{"href":"https:\/\/site.ac-martinique.fr\/espagnol\/index.php?rest_route=\/wp\/v2\/types\/post"}],"author":[{"embeddable":true,"href":"https:\/\/site.ac-martinique.fr\/espagnol\/index.php?rest_route=\/wp\/v2\/users\/70"}],"replies":[{"embeddable":true,"href":"https:\/\/site.ac-martinique.fr\/espagnol\/index.php?rest_route=%2Fwp%2Fv2%2Fcomments&post=3420"}],"version-history":[{"count":3,"href":"https:\/\/site.ac-martinique.fr\/espagnol\/index.php?rest_route=\/wp\/v2\/posts\/3420\/revisions"}],"predecessor-version":[{"id":3426,"href":"https:\/\/site.ac-martinique.fr\/espagnol\/index.php?rest_route=\/wp\/v2\/posts\/3420\/revisions\/3426"}],"wp:attachment":[{"href":"https:\/\/site.ac-martinique.fr\/espagnol\/index.php?rest_route=%2Fwp%2Fv2%2Fmedia&parent=3420"}],"wp:term":[{"taxonomy":"category","embeddable":true,"href":"https:\/\/site.ac-martinique.fr\/espagnol\/index.php?rest_route=%2Fwp%2Fv2%2Fcategories&post=3420"},{"taxonomy":"post_tag","embeddable":true,"href":"https:\/\/site.ac-martinique.fr\/espagnol\/index.php?rest_route=%2Fwp%2Fv2%2Ftags&post=3420"}],"curies":[{"name":"wp","href":"https:\/\/api.w.org\/{rel}","templated":true}]}}