{"id":3507,"date":"2025-12-10T18:57:20","date_gmt":"2025-12-10T17:57:20","guid":{"rendered":"https:\/\/site.ac-martinique.fr\/espagnol\/?p=3507"},"modified":"2025-12-10T18:57:21","modified_gmt":"2025-12-10T17:57:21","slug":"sintonia-escolar-un-premier-podcast-pour-celebrer-la-collaboration-educative-en-martinique","status":"publish","type":"post","link":"https:\/\/site.ac-martinique.fr\/espagnol\/?p=3507","title":{"rendered":"SINTON\u00cdA ESCOLAR, un premier podcast pour c\u00e9l\u00e9brer la collaboration \u00e9ducative en Martinique\u00a0"},"content":{"rendered":"<div class=\"wp-block-image\">\n<figure class=\"aligncenter size-full is-resized\"><a href=\"https:\/\/digipad.app\/p\/1484737\/14aa56c3314b8\" target=\"_blank\" rel=\" noreferrer noopener\"><img loading=\"lazy\" decoding=\"async\" width=\"2000\" height=\"2000\" src=\"https:\/\/site.ac-martinique.fr\/espagnol\/wp-content\/uploads\/sites\/14\/2025\/12\/Flyer-Sintonia-escolar.jpg\" alt=\"\" class=\"wp-image-3505\" style=\"width:380px;height:auto\" srcset=\"https:\/\/site.ac-martinique.fr\/espagnol\/wp-content\/uploads\/sites\/14\/2025\/12\/Flyer-Sintonia-escolar.jpg 2000w, https:\/\/site.ac-martinique.fr\/espagnol\/wp-content\/uploads\/sites\/14\/2025\/12\/Flyer-Sintonia-escolar-300x300.jpg 300w, https:\/\/site.ac-martinique.fr\/espagnol\/wp-content\/uploads\/sites\/14\/2025\/12\/Flyer-Sintonia-escolar-1024x1024.jpg 1024w, https:\/\/site.ac-martinique.fr\/espagnol\/wp-content\/uploads\/sites\/14\/2025\/12\/Flyer-Sintonia-escolar-150x150.jpg 150w, https:\/\/site.ac-martinique.fr\/espagnol\/wp-content\/uploads\/sites\/14\/2025\/12\/Flyer-Sintonia-escolar-768x768.jpg 768w, https:\/\/site.ac-martinique.fr\/espagnol\/wp-content\/uploads\/sites\/14\/2025\/12\/Flyer-Sintonia-escolar-1536x1536.jpg 1536w, https:\/\/site.ac-martinique.fr\/espagnol\/wp-content\/uploads\/sites\/14\/2025\/12\/Flyer-Sintonia-escolar-750x750.jpg 750w\" sizes=\"auto, (max-width: 2000px) 100vw, 2000px\" \/><\/a><\/figure>\n<\/div>\n\n<div class=\"wp-block-image\">\n<figure class=\"aligncenter size-full is-resized\"><a href=\"https:\/\/digipad.app\/p\/1484737\/14aa56c3314b8\" target=\"_blank\" rel=\" noreferrer noopener\"><img loading=\"lazy\" decoding=\"async\" width=\"450\" height=\"450\" src=\"https:\/\/site.ac-martinique.fr\/espagnol\/wp-content\/uploads\/sites\/14\/2025\/12\/178383603-play-and-pause-single-key-with-multiple-function-button.jpg\" alt=\"\" class=\"wp-image-3508\" style=\"width:78px;height:auto\" srcset=\"https:\/\/site.ac-martinique.fr\/espagnol\/wp-content\/uploads\/sites\/14\/2025\/12\/178383603-play-and-pause-single-key-with-multiple-function-button.jpg 450w, https:\/\/site.ac-martinique.fr\/espagnol\/wp-content\/uploads\/sites\/14\/2025\/12\/178383603-play-and-pause-single-key-with-multiple-function-button-300x300.jpg 300w, https:\/\/site.ac-martinique.fr\/espagnol\/wp-content\/uploads\/sites\/14\/2025\/12\/178383603-play-and-pause-single-key-with-multiple-function-button-150x150.jpg 150w\" sizes=\"auto, (max-width: 450px) 100vw, 450px\" \/><\/a><\/figure>\n<\/div>\n\n\n<p class=\"has-text-align-center\">Le projet \u00ab Sinton\u00eda escolar \u00bb, fruit d\u2019une collaboration in\u00e9dite entre cinq \u00e9tablissements scolaires de Martinique (coll\u00e8ges et lyc\u00e9es), a franchi une \u00e9tape majeure avec la publication de son premier podcast. Ce projet vise \u00e0 renforcer les comp\u00e9tences linguistiques et num\u00e9riques des \u00e9l\u00e8ves, tout en favorisant les \u00e9changes interculturels entre les \u00e9tablissements participants et la connaissance des cultures hispanophones notamment celles de la Cara\u00efbe.<\/p>\n\n\n\n<p class=\"has-text-align-center\">\u00ab Sinton\u00eda escolar \u00bb s\u2019inscrit dans une d\u00e9marche d\u2019innovation p\u00e9dagogique, combinant l\u2019apprentissage de l\u2019espagnol avec des outils num\u00e9riques modernes et particuli\u00e8rement la webradio. Les \u00e9l\u00e8ves, encadr\u00e9s par leurs enseignants, ont travaill\u00e9 en \u00e9quipe pour concevoir un podcast bilingue. <\/p>\n\n\n\n<p class=\"has-text-align-left\">Ce format permet de d\u00e9velopper des comp\u00e9tences vari\u00e9es :<\/p>\n\n\n\n<p class=\"has-text-align-left\">&#8211; Linguistiques : Pratique de l\u2019espagnol dans un contexte authentique et cr\u00e9atif.<\/p>\n\n\n\n<p>&#8211; Num\u00e9riques : Utilisation de logiciels de montage audio et de plateformes collaboratives.<\/p>\n\n\n\n<p>&#8211; Transversales : Travail d\u2019\u00e9quipe, recherche documentaire, et expression orale.<\/p>\n\n\n\n<p class=\"has-text-align-center\">Le premier podcast intitul\u00e9 \u201c\u00bfQui\u00e9nes somos?\u201d donne l\u2019occasion aux \u00e9l\u00e8ves participants de se pr\u00e9senter et de parler de leurs \u00e9tablissements. Les podcasts suivants aborderont des th\u00e8mes vari\u00e9s, allant de la culture hispanophone \u00e0 des sujets d\u2019actualit\u00e9, en passant par des interviews et des cr\u00e9ations sonores originales.<\/p>\n\n\n\n<p class=\"has-text-align-center\">Les cinq \u00e9tablissements partenaires, r\u00e9partis sur l\u2019\u00eele, ont uni leurs forces pour mener \u00e0 bien ce projet. Chaque enseignant membre du projet a r\u00e9uni des \u00e9l\u00e8ves volontaires et a contribu\u00e9 \u00e0 une partie du podcast. Cette collaboration a \u00e9galement permis aux \u00e9l\u00e8ves de d\u00e9couvrir d\u2019autres r\u00e9alit\u00e9s \u00e9ducatives et culturelles en Martinique, renfor\u00e7ant ainsi leur ouverture d\u2019esprit.<\/p>\n\n\n\n<p>Le premier podcast de \u201cSinton\u00eda escolar\u201d est \u00e0 \u00e9couter ici :<\/p>\n\n\n\n<div class=\"wp-block-buttons alignwide is-content-justification-center is-layout-flex wp-container-core-buttons-is-layout-16018d1d wp-block-buttons-is-layout-flex\">\n<div class=\"wp-block-button has-custom-width wp-block-button__width-75 is-style-fill tw-block-animation tw-animation-scale-in\"><a class=\"wp-block-button__link has-text-align-center wp-element-button\" href=\"https:\/\/digipad.app\/p\/1484737\/14aa56c3314b8\" target=\"_blank\" rel=\"noreferrer noopener\">Sinton\u00eda escobar &#8211; Podast 1<\/a><\/div>\n<\/div>\n\n\n\n<p>\u00ab Sinton\u00eda escolar \u00bb illustre parfaitement comment l\u2019innovation p\u00e9dagogique et la collaboration peuvent transformer l\u2019apprentissage des langues. En associant cr\u00e9ativit\u00e9, technologie et travail d\u2019\u00e9quipe, ce projet offre aux \u00e9l\u00e8ves une exp\u00e9rience unique, tout en renfor\u00e7ant les liens entre les \u00e9tablissements de Martinique.&nbsp;<\/p>\n\n\n\n<p class=\"has-text-align-center has-vivid-red-color has-luminous-vivid-amber-background-color has-text-color has-background has-link-color has-large-font-size wp-elements-4bad5891f93fe3b8551dead1e2556a54\">\u00a1Sigan en sinton\u00eda!<\/p>\n\n\n<div class=\"wp-block-image\">\n<figure class=\"aligncenter size-full is-resized\"><a href=\"https:\/\/digipad.app\/p\/1484737\/14aa56c3314b8\" target=\"_blank\" rel=\" noreferrer noopener\"><img loading=\"lazy\" decoding=\"async\" width=\"1942\" height=\"1188\" src=\"https:\/\/site.ac-martinique.fr\/espagnol\/wp-content\/uploads\/sites\/14\/2025\/12\/Flyer-Sintonia-escolar_corto.jpg\" alt=\"\" class=\"wp-image-3506\" style=\"width:389px;height:auto\" srcset=\"https:\/\/site.ac-martinique.fr\/espagnol\/wp-content\/uploads\/sites\/14\/2025\/12\/Flyer-Sintonia-escolar_corto.jpg 1942w, https:\/\/site.ac-martinique.fr\/espagnol\/wp-content\/uploads\/sites\/14\/2025\/12\/Flyer-Sintonia-escolar_corto-300x184.jpg 300w, https:\/\/site.ac-martinique.fr\/espagnol\/wp-content\/uploads\/sites\/14\/2025\/12\/Flyer-Sintonia-escolar_corto-1024x626.jpg 1024w, https:\/\/site.ac-martinique.fr\/espagnol\/wp-content\/uploads\/sites\/14\/2025\/12\/Flyer-Sintonia-escolar_corto-768x470.jpg 768w, https:\/\/site.ac-martinique.fr\/espagnol\/wp-content\/uploads\/sites\/14\/2025\/12\/Flyer-Sintonia-escolar_corto-1536x940.jpg 1536w, https:\/\/site.ac-martinique.fr\/espagnol\/wp-content\/uploads\/sites\/14\/2025\/12\/Flyer-Sintonia-escolar_corto-750x459.jpg 750w\" sizes=\"auto, (max-width: 1942px) 100vw, 1942px\" \/><\/a><\/figure>\n<\/div>","protected":false},"excerpt":{"rendered":"<p>Le projet \u00ab Sinton\u00eda escolar \u00bb, fruit d\u2019une collaboration in\u00e9dite entre cinq \u00e9tablissements scolaires de Martinique (coll\u00e8ges et lyc\u00e9es), a franchi une \u00e9tape majeure avec la publication de son premier [&hellip;]<\/p>\n","protected":false},"author":70,"featured_media":0,"comment_status":"closed","ping_status":"closed","sticky":false,"template":"","format":"standard","meta":{"footnotes":""},"categories":[1],"tags":[],"class_list":["post-3507","post","type-post","status-publish","format-standard","hentry","category-non-classe"],"_links":{"self":[{"href":"https:\/\/site.ac-martinique.fr\/espagnol\/index.php?rest_route=\/wp\/v2\/posts\/3507","targetHints":{"allow":["GET"]}}],"collection":[{"href":"https:\/\/site.ac-martinique.fr\/espagnol\/index.php?rest_route=\/wp\/v2\/posts"}],"about":[{"href":"https:\/\/site.ac-martinique.fr\/espagnol\/index.php?rest_route=\/wp\/v2\/types\/post"}],"author":[{"embeddable":true,"href":"https:\/\/site.ac-martinique.fr\/espagnol\/index.php?rest_route=\/wp\/v2\/users\/70"}],"replies":[{"embeddable":true,"href":"https:\/\/site.ac-martinique.fr\/espagnol\/index.php?rest_route=%2Fwp%2Fv2%2Fcomments&post=3507"}],"version-history":[{"count":1,"href":"https:\/\/site.ac-martinique.fr\/espagnol\/index.php?rest_route=\/wp\/v2\/posts\/3507\/revisions"}],"predecessor-version":[{"id":3509,"href":"https:\/\/site.ac-martinique.fr\/espagnol\/index.php?rest_route=\/wp\/v2\/posts\/3507\/revisions\/3509"}],"wp:attachment":[{"href":"https:\/\/site.ac-martinique.fr\/espagnol\/index.php?rest_route=%2Fwp%2Fv2%2Fmedia&parent=3507"}],"wp:term":[{"taxonomy":"category","embeddable":true,"href":"https:\/\/site.ac-martinique.fr\/espagnol\/index.php?rest_route=%2Fwp%2Fv2%2Fcategories&post=3507"},{"taxonomy":"post_tag","embeddable":true,"href":"https:\/\/site.ac-martinique.fr\/espagnol\/index.php?rest_route=%2Fwp%2Fv2%2Ftags&post=3507"}],"curies":[{"name":"wp","href":"https:\/\/api.w.org\/{rel}","templated":true}]}}