{"id":4848,"date":"2021-08-29T14:25:18","date_gmt":"2021-08-29T13:25:18","guid":{"rendered":"https:\/\/site.ac-martinique.fr\/histoire-geographie\/?p=4848"},"modified":"2021-10-22T00:21:29","modified_gmt":"2021-10-21T23:21:29","slug":"edd_politique-educative","status":"publish","type":"post","link":"https:\/\/site.ac-martinique.fr\/histoire-geographie\/?p=4848","title":{"rendered":"EDD_Politique \u00e9ducative"},"content":{"rendered":"\n<figure class=\"wp-block-pullquote\"><blockquote><p>EDD<\/p><cite>POLITIQUE EDUCATIVE et RESSOURCES<\/cite><\/blockquote><\/figure>\n\n\n\n<p class=\"has-drop-cap\"> L&rsquo;\u00e9ducation au d\u00e9veloppement durable (EDD) permet d&rsquo;appr\u00e9hender la complexit\u00e9 du monde dans ses dimensions scientifiques, \u00e9thiques et civiques. Transversale, elle figure dans les programmes d&rsquo;enseignement. Enseignants et personnels d&rsquo;encadrement y sont form\u00e9s et l&rsquo;int\u00e8grent dans le fonctionnement des \u00e9tablissements. <\/p>\n\n\n\n<p><\/p>\n","protected":false},"excerpt":{"rendered":"<p>EDD POLITIQUE EDUCATIVE et RESSOURCES L&rsquo;\u00e9ducation au d\u00e9veloppement durable (EDD) permet d&rsquo;appr\u00e9hender la complexit\u00e9 du monde dans ses dimensions scientifiques, \u00e9thiques et civiques. Transversale, elle figure dans les programmes d&rsquo;enseignement. Enseignants et personnels d&rsquo;encadrement y sont form\u00e9s et l&rsquo;int\u00e8grent dans le fonctionnement des \u00e9tablissements.<\/p>\n","protected":false},"author":71,"featured_media":0,"comment_status":"closed","ping_status":"closed","sticky":false,"template":"","format":"standard","meta":{"footnotes":""},"categories":[71,68],"tags":[90],"class_list":["post-4848","post","type-post","status-publish","format-standard","hentry","category-edd","category-enrichir-sa-pratique","tag-edd-eco-delegues"],"_links":{"self":[{"href":"https:\/\/site.ac-martinique.fr\/histoire-geographie\/index.php?rest_route=\/wp\/v2\/posts\/4848","targetHints":{"allow":["GET"]}}],"collection":[{"href":"https:\/\/site.ac-martinique.fr\/histoire-geographie\/index.php?rest_route=\/wp\/v2\/posts"}],"about":[{"href":"https:\/\/site.ac-martinique.fr\/histoire-geographie\/index.php?rest_route=\/wp\/v2\/types\/post"}],"author":[{"embeddable":true,"href":"https:\/\/site.ac-martinique.fr\/histoire-geographie\/index.php?rest_route=\/wp\/v2\/users\/71"}],"replies":[{"embeddable":true,"href":"https:\/\/site.ac-martinique.fr\/histoire-geographie\/index.php?rest_route=%2Fwp%2Fv2%2Fcomments&post=4848"}],"version-history":[{"count":1,"href":"https:\/\/site.ac-martinique.fr\/histoire-geographie\/index.php?rest_route=\/wp\/v2\/posts\/4848\/revisions"}],"predecessor-version":[{"id":4856,"href":"https:\/\/site.ac-martinique.fr\/histoire-geographie\/index.php?rest_route=\/wp\/v2\/posts\/4848\/revisions\/4856"}],"wp:attachment":[{"href":"https:\/\/site.ac-martinique.fr\/histoire-geographie\/index.php?rest_route=%2Fwp%2Fv2%2Fmedia&parent=4848"}],"wp:term":[{"taxonomy":"category","embeddable":true,"href":"https:\/\/site.ac-martinique.fr\/histoire-geographie\/index.php?rest_route=%2Fwp%2Fv2%2Fcategories&post=4848"},{"taxonomy":"post_tag","embeddable":true,"href":"https:\/\/site.ac-martinique.fr\/histoire-geographie\/index.php?rest_route=%2Fwp%2Fv2%2Ftags&post=4848"}],"curies":[{"name":"wp","href":"https:\/\/api.w.org\/{rel}","templated":true}]}}