{"id":5814,"date":"2022-03-31T11:40:16","date_gmt":"2022-03-31T15:40:16","guid":{"rendered":"https:\/\/site.ac-martinique.fr\/histoire-geographie\/?p=5814"},"modified":"2022-05-04T18:03:22","modified_gmt":"2022-05-04T22:03:22","slug":"esprit-critique-et-complotisme_-seminaire-vendredi-6-mai-2022","status":"publish","type":"post","link":"https:\/\/site.ac-martinique.fr\/histoire-geographie\/?p=5814","title":{"rendered":"Esprit critique et complotisme_ S\u00e9minaire vendredi 6 mai 2022"},"content":{"rendered":"\n<figure class=\"wp-block-pullquote is-style-default\"><blockquote><p>S\u00e9minaire acad\u00e9mique<\/p><p>vendredi 6 mai 2022 8:30 &#8211; 12:30<\/p><cite>LYCEE BELLEVUE (Fort-de France)<br><\/cite><\/blockquote><\/figure>\n\n\n\n<div class=\"wp-block-image\"><figure class=\"aligncenter size-large is-resized\"><a href=\"https:\/\/site.ac-martinique.fr\/histoire-geographie\/wp-content\/uploads\/sites\/15\/2022\/03\/logo.png\"><img loading=\"lazy\" decoding=\"async\" src=\"https:\/\/site.ac-martinique.fr\/histoire-geographie\/wp-content\/uploads\/sites\/15\/2022\/03\/logo-630x1024.png\" alt=\"\" class=\"wp-image-5810\" width=\"151\" height=\"245\" srcset=\"https:\/\/site.ac-martinique.fr\/histoire-geographie\/wp-content\/uploads\/sites\/15\/2022\/03\/logo-630x1024.png 630w, https:\/\/site.ac-martinique.fr\/histoire-geographie\/wp-content\/uploads\/sites\/15\/2022\/03\/logo-185x300.png 185w, https:\/\/site.ac-martinique.fr\/histoire-geographie\/wp-content\/uploads\/sites\/15\/2022\/03\/logo-768x1247.png 768w, https:\/\/site.ac-martinique.fr\/histoire-geographie\/wp-content\/uploads\/sites\/15\/2022\/03\/logo.png 910w\" sizes=\"auto, (max-width: 151px) 100vw, 151px\" \/><\/a><\/figure><\/div>\n\n\n\n<p class=\"has-drop-cap has-small-font-size\">La question du complotisme, outre qu\u2019elle est un souci pour de nombreux enseignants, est directement en lien avec la mobilisation de l\u2019\u00e9cole pour les valeurs de la R\u00e9publique.&nbsp;Le GRF d&rsquo;histoire-g\u00e9ographie de l&rsquo;acad\u00e9mie  vous propose des \u00e9clairages et des pistes p\u00e9dagogiques pour aborder le th\u00e8me avec des \u00e9l\u00e8ves lors de son s\u00e9minaire acad\u00e9mique annuel. <\/p>\n\n\n\n<p class=\"has-text-align-center has-small-font-size\">Il aura lieu en pr\u00e9sentiel le vendredi 6 mai 2022 de 8h30 \u00e0 12h30 au Lyc\u00e9e Bellevue \u00e0 Fort-de France. <\/p>\n\n\n\n<p class=\"has-small-font-size\">Vous pouvez vous inscrire aupr\u00e8s de Madame Christelle NOLOT <\/p>\n\n\n\n<p class=\"has-small-font-size\"> <a href=\"mailto:Christelle.Nolot@ac-martinique.fr\">&lt;Christelle.Nolot@ac-martinique.fr&gt;<\/a> <\/p>\n\n\n\n<p class=\"has-small-font-size\">Date limite des inscriptions : 6 avril 2022<\/p>\n\n\n\n<div class=\"wp-block-image is-style-tw-shadow\"><figure class=\"aligncenter size-large is-resized\"><a href=\"https:\/\/site.ac-martinique.fr\/histoire-geographie\/wp-content\/uploads\/sites\/15\/2022\/03\/AFFICHE-SEMINAIRE-complotisme_-6-mai-2022-1.jpg\"><img loading=\"lazy\" decoding=\"async\" src=\"https:\/\/site.ac-martinique.fr\/histoire-geographie\/wp-content\/uploads\/sites\/15\/2022\/03\/AFFICHE-SEMINAIRE-complotisme_-6-mai-2022-1-724x1024.jpg\" alt=\"\" class=\"wp-image-5811\" width=\"128\" height=\"181\" srcset=\"https:\/\/site.ac-martinique.fr\/histoire-geographie\/wp-content\/uploads\/sites\/15\/2022\/03\/AFFICHE-SEMINAIRE-complotisme_-6-mai-2022-1-724x1024.jpg 724w, https:\/\/site.ac-martinique.fr\/histoire-geographie\/wp-content\/uploads\/sites\/15\/2022\/03\/AFFICHE-SEMINAIRE-complotisme_-6-mai-2022-1-212x300.jpg 212w, https:\/\/site.ac-martinique.fr\/histoire-geographie\/wp-content\/uploads\/sites\/15\/2022\/03\/AFFICHE-SEMINAIRE-complotisme_-6-mai-2022-1-768x1086.jpg 768w, https:\/\/site.ac-martinique.fr\/histoire-geographie\/wp-content\/uploads\/sites\/15\/2022\/03\/AFFICHE-SEMINAIRE-complotisme_-6-mai-2022-1-1086x1536.jpg 1086w, https:\/\/site.ac-martinique.fr\/histoire-geographie\/wp-content\/uploads\/sites\/15\/2022\/03\/AFFICHE-SEMINAIRE-complotisme_-6-mai-2022-1-1140x1613.jpg 1140w, https:\/\/site.ac-martinique.fr\/histoire-geographie\/wp-content\/uploads\/sites\/15\/2022\/03\/AFFICHE-SEMINAIRE-complotisme_-6-mai-2022-1.jpg 1240w\" sizes=\"auto, (max-width: 128px) 100vw, 128px\" \/><\/a><\/figure><\/div>\n\n\n\n<p class=\"has-small-font-size\">Retrouvez ici le programme du s\u00e9minaire. <\/p>\n\n\n\n<div style=\"height:100px\" aria-hidden=\"true\" class=\"wp-block-spacer\"><\/div>\n\n\n<style>\n       .errordiv { padding:10px; margin:10px; border: 1px solid #555555;color: #000000;background-color: #f8f8f8; width:500px; }#advanced_iframe {visibility:visible;opacity:1;vertical-align:top;}.ai-info-bottom-iframe { position: fixed; z-index: 10000; bottom:0; left: 0; margin: 0px; text-align: center; width: 100%; background-color: #ff9999; padding-left: 5px;padding-bottom: 5px; border-top: 1px solid #aaa } a.ai-bold {font-weight: bold;}#ai-layer-div-advanced_iframe p {height:100%;margin:0;padding:0}<\/style><script type=\"text\/javascript\">var ai_iframe_width_advanced_iframe = 0;var ai_iframe_height_advanced_iframe = 0;function aiReceiveMessageadvanced_iframe(event) {  aiProcessMessage(event,\"advanced_iframe\", \"true\",\"\",\"false\",\"false\");}if (window.addEventListener) {  window.addEventListener(\"message\", aiReceiveMessageadvanced_iframe);} else if (el.attachEvent)  {  el.attachEvent(\"message\", aiReceiveMessageadvanced_iframe);}var aiOnloadScrollTop=\"true\";var aiShowDebug=false;\n\t\tif (typeof aiReadyCallbacks === 'undefined') {\n\t\t\tvar aiReadyCallbacks = [];\n\t\t} else if (!(aiReadyCallbacks instanceof Array)) {\n\t\t\tvar aiReadyCallbacks = [];\n\t\t}    function aiShowIframeId(id_iframe) { jQuery(\"#\"+id_iframe).css(\"visibility\", \"visible\");    }    function aiResizeIframeHeight(height) { aiResizeIframeHeight(height,advanced_iframe); }    function aiResizeIframeHeightId(height,width,id) {aiResizeIframeHeightById(id,height);}<\/script><iframe id=\"advanced_iframe\"  name=\"advanced_iframe\"  src=\"https:\/\/view.genial.ly\/626bcffec3f6920011f76c5d\"  width=\"100%\"  height=\"600\"  frameborder=\"0\"  border=\"0\"  allowtransparency=\"true\"  loading=\"lazy\"  style=\";border-width: 0px;;border: none;;width:100%;;height:600px;\" ><\/iframe><script type=\"text\/javascript\">var ifrm_advanced_iframe = document.getElementById(\"advanced_iframe\");var hiddenTabsDoneadvanced_iframe = false;\nfunction resizeCallbackadvanced_iframe() {}<\/script><script type=\"text\/javascript\"><\/script><p style=\"display:block !important; visibility:visible !important;margin: -18px 14px 0 0;padding-left: 3px;padding-top:3px;background: white; overflow: hidden; position: relative; line-height:15px;width: fit-content;\"><small style=\"display:block !important;visibility:visible !important\">powered by Advanced iFrame<\/small><\/p>\n\n\n<div style=\"height:100px\" aria-hidden=\"true\" class=\"wp-block-spacer\"><\/div>\n","protected":false},"excerpt":{"rendered":"<p>S\u00e9minaire acad\u00e9mique vendredi 6 mai 2022 8:30 &#8211; 12:30 LYCEE BELLEVUE (Fort-de France) La question du complotisme, outre qu\u2019elle est un souci pour de nombreux enseignants, est directement en lien avec la mobilisation de l\u2019\u00e9cole pour les valeurs de la R\u00e9publique.&nbsp;Le GRF d&rsquo;histoire-g\u00e9ographie de l&rsquo;acad\u00e9mie vous propose des \u00e9clairages et des pistes p\u00e9dagogiques pour aborder le th\u00e8me avec des \u00e9l\u00e8ves lors de son s\u00e9minaire acad\u00e9mique annuel. Il aura lieu en pr\u00e9sentiel le vendredi 6 mai 2022 de 8h30 \u00e0 12h30 au Lyc\u00e9e Bellevue \u00e0 Fort-de France. Vous pouvez vous inscrire aupr\u00e8s de Madame Christelle NOLOT &lt;Christelle.Nolot@ac-martinique.fr&gt; Date limite des inscriptions : 6 avril 2022 Retrouvez ici le programme du s\u00e9minaire.<\/p>\n","protected":false},"author":71,"featured_media":0,"comment_status":"closed","ping_status":"closed","sticky":false,"template":"","format":"standard","meta":{"footnotes":""},"categories":[164,68],"tags":[169,168,127],"class_list":["post-5814","post","type-post","status-publish","format-standard","hentry","category-actualites","category-enrichir-sa-pratique","tag-complotisme","tag-esprit-critique","tag-seminaire"],"_links":{"self":[{"href":"https:\/\/site.ac-martinique.fr\/histoire-geographie\/index.php?rest_route=\/wp\/v2\/posts\/5814","targetHints":{"allow":["GET"]}}],"collection":[{"href":"https:\/\/site.ac-martinique.fr\/histoire-geographie\/index.php?rest_route=\/wp\/v2\/posts"}],"about":[{"href":"https:\/\/site.ac-martinique.fr\/histoire-geographie\/index.php?rest_route=\/wp\/v2\/types\/post"}],"author":[{"embeddable":true,"href":"https:\/\/site.ac-martinique.fr\/histoire-geographie\/index.php?rest_route=\/wp\/v2\/users\/71"}],"replies":[{"embeddable":true,"href":"https:\/\/site.ac-martinique.fr\/histoire-geographie\/index.php?rest_route=%2Fwp%2Fv2%2Fcomments&post=5814"}],"version-history":[{"count":8,"href":"https:\/\/site.ac-martinique.fr\/histoire-geographie\/index.php?rest_route=\/wp\/v2\/posts\/5814\/revisions"}],"predecessor-version":[{"id":5859,"href":"https:\/\/site.ac-martinique.fr\/histoire-geographie\/index.php?rest_route=\/wp\/v2\/posts\/5814\/revisions\/5859"}],"wp:attachment":[{"href":"https:\/\/site.ac-martinique.fr\/histoire-geographie\/index.php?rest_route=%2Fwp%2Fv2%2Fmedia&parent=5814"}],"wp:term":[{"taxonomy":"category","embeddable":true,"href":"https:\/\/site.ac-martinique.fr\/histoire-geographie\/index.php?rest_route=%2Fwp%2Fv2%2Fcategories&post=5814"},{"taxonomy":"post_tag","embeddable":true,"href":"https:\/\/site.ac-martinique.fr\/histoire-geographie\/index.php?rest_route=%2Fwp%2Fv2%2Ftags&post=5814"}],"curies":[{"name":"wp","href":"https:\/\/api.w.org\/{rel}","templated":true}]}}