{"id":6080,"date":"2022-06-27T16:16:20","date_gmt":"2022-06-27T20:16:20","guid":{"rendered":"https:\/\/site.ac-martinique.fr\/histoire-geographie\/?p=6080"},"modified":"2022-06-30T19:33:10","modified_gmt":"2022-06-30T23:33:10","slug":"appel-a-projets_fme-fondation-pour-la-memoire-de-lesclavage","status":"publish","type":"post","link":"https:\/\/site.ac-martinique.fr\/histoire-geographie\/?p=6080","title":{"rendered":"APPEL A PROJETS_FME (fondation pour la m\u00e9moire de l&rsquo;esclavage)."},"content":{"rendered":"\n<figure class=\"wp-block-pullquote\"><blockquote><p>FONDATION POUR LA MEMOIRE DE L&rsquo;ESCLAVAGE<\/p><cite>APPEL A PROJETS 2022\/2023<\/cite><\/blockquote><\/figure>\n\n\n<div class=\"wp-block-image\">\n<figure class=\"aligncenter size-large is-resized\"><a href=\"https:\/\/site.ac-martinique.fr\/histoire-geographie\/wp-content\/uploads\/sites\/15\/2020\/09\/FONDATION-MEMOIRE-ESCLAVAGE.jpg\"><img loading=\"lazy\" decoding=\"async\" src=\"https:\/\/site.ac-martinique.fr\/histoire-geographie\/wp-content\/uploads\/sites\/15\/2020\/09\/FONDATION-MEMOIRE-ESCLAVAGE-1024x512.jpg\" alt=\"\" class=\"wp-image-3563\" width=\"275\" height=\"138\" srcset=\"https:\/\/site.ac-martinique.fr\/histoire-geographie\/wp-content\/uploads\/sites\/15\/2020\/09\/FONDATION-MEMOIRE-ESCLAVAGE-1024x512.jpg 1024w, https:\/\/site.ac-martinique.fr\/histoire-geographie\/wp-content\/uploads\/sites\/15\/2020\/09\/FONDATION-MEMOIRE-ESCLAVAGE-300x150.jpg 300w, https:\/\/site.ac-martinique.fr\/histoire-geographie\/wp-content\/uploads\/sites\/15\/2020\/09\/FONDATION-MEMOIRE-ESCLAVAGE-768x384.jpg 768w, https:\/\/site.ac-martinique.fr\/histoire-geographie\/wp-content\/uploads\/sites\/15\/2020\/09\/FONDATION-MEMOIRE-ESCLAVAGE.jpg 1200w\" sizes=\"auto, (max-width: 275px) 100vw, 275px\" \/><\/a><\/figure>\n<\/div>\n\n\n<p class=\"has-drop-cap\">Ouvert \u00e0 tous les \u00e9tablissements scolaires fran\u00e7ais,\u00a0 l&rsquo;appel \u00e0 projets propose de labelliser et\/ou de soutenir \u00e0 hauteur de 5000 euros les projets \u00e9ducatifs ayant pour objectifs la connaissance et la compr\u00e9hension de l\u2019histoire, de la m\u00e9moire et des h\u00e9ritages de l\u2019esclavage, et qui favorisent le d\u00e9veloppement du dialogue interculturel et l\u2019acc\u00e8s \u00e0 la compr\u00e9hension de la diversit\u00e9 issue de cette histoire.<\/p>\n\n\n\n<p>L&rsquo;Appel \u00e0 projets p\u00e9dagogiques de la Fondation pour la M\u00e9moire de l&rsquo;esclavage est en ligne, et ouvert <strong>jusqu&rsquo;au 12 juillet 2022.\u00a0<\/strong><\/p>\n\n\n\n<p class=\"has-text-align-center has-text-color\" style=\"color:#6c864b\"><a href=\"https:\/\/memoire-esclavage.org\/appel-projet-education\">https:\/\/memoire-esclavage.org\/appel-projet-education<\/a><\/p>\n\n\n\n<p><\/p>\n","protected":false},"excerpt":{"rendered":"<p>FONDATION POUR LA MEMOIRE DE L&rsquo;ESCLAVAGE APPEL A PROJETS 2022\/2023 Ouvert \u00e0 tous les \u00e9tablissements scolaires fran\u00e7ais,\u00a0 l&rsquo;appel \u00e0 projets propose de labelliser et\/ou de soutenir \u00e0 hauteur de 5000 euros les projets \u00e9ducatifs ayant pour objectifs la connaissance et la compr\u00e9hension de l\u2019histoire, de la m\u00e9moire et des h\u00e9ritages de l\u2019esclavage, et qui favorisent le d\u00e9veloppement du dialogue interculturel et l\u2019acc\u00e8s \u00e0 la compr\u00e9hension de la diversit\u00e9 issue de cette histoire. L&rsquo;Appel \u00e0 projets p\u00e9dagogiques de la Fondation pour la M\u00e9moire de l&rsquo;esclavage est en ligne, et ouvert jusqu&rsquo;au 12 juillet 2022.\u00a0 https:\/\/memoire-esclavage.org\/appel-projet-education<\/p>\n","protected":false},"author":71,"featured_media":0,"comment_status":"closed","ping_status":"closed","sticky":false,"template":"","format":"standard","meta":{"footnotes":""},"categories":[164,69,68],"tags":[182,189,61,190,188],"class_list":["post-6080","post","type-post","status-publish","format-standard","hentry","category-actualites","category-concours-pedagogiques","category-enrichir-sa-pratique","tag-abolition-esclavage","tag-fme","tag-histoire","tag-memoire","tag-projet-pedagogique"],"_links":{"self":[{"href":"https:\/\/site.ac-martinique.fr\/histoire-geographie\/index.php?rest_route=\/wp\/v2\/posts\/6080","targetHints":{"allow":["GET"]}}],"collection":[{"href":"https:\/\/site.ac-martinique.fr\/histoire-geographie\/index.php?rest_route=\/wp\/v2\/posts"}],"about":[{"href":"https:\/\/site.ac-martinique.fr\/histoire-geographie\/index.php?rest_route=\/wp\/v2\/types\/post"}],"author":[{"embeddable":true,"href":"https:\/\/site.ac-martinique.fr\/histoire-geographie\/index.php?rest_route=\/wp\/v2\/users\/71"}],"replies":[{"embeddable":true,"href":"https:\/\/site.ac-martinique.fr\/histoire-geographie\/index.php?rest_route=%2Fwp%2Fv2%2Fcomments&post=6080"}],"version-history":[{"count":1,"href":"https:\/\/site.ac-martinique.fr\/histoire-geographie\/index.php?rest_route=\/wp\/v2\/posts\/6080\/revisions"}],"predecessor-version":[{"id":6081,"href":"https:\/\/site.ac-martinique.fr\/histoire-geographie\/index.php?rest_route=\/wp\/v2\/posts\/6080\/revisions\/6081"}],"wp:attachment":[{"href":"https:\/\/site.ac-martinique.fr\/histoire-geographie\/index.php?rest_route=%2Fwp%2Fv2%2Fmedia&parent=6080"}],"wp:term":[{"taxonomy":"category","embeddable":true,"href":"https:\/\/site.ac-martinique.fr\/histoire-geographie\/index.php?rest_route=%2Fwp%2Fv2%2Fcategories&post=6080"},{"taxonomy":"post_tag","embeddable":true,"href":"https:\/\/site.ac-martinique.fr\/histoire-geographie\/index.php?rest_route=%2Fwp%2Fv2%2Ftags&post=6080"}],"curies":[{"name":"wp","href":"https:\/\/api.w.org\/{rel}","templated":true}]}}