{"id":6175,"date":"2022-09-03T18:31:15","date_gmt":"2022-09-03T22:31:15","guid":{"rendered":"https:\/\/site.ac-martinique.fr\/histoire-geographie\/?p=6175"},"modified":"2023-10-20T15:10:59","modified_gmt":"2023-10-20T19:10:59","slug":"septembre-2022_jep","status":"publish","type":"post","link":"https:\/\/site.ac-martinique.fr\/histoire-geographie\/?p=6175","title":{"rendered":"Septembre 2022_JEP"},"content":{"rendered":"\n<figure class=\"wp-block-pullquote\"><blockquote><p>Les Journ\u00e9es Europ\u00e9ennes du Patrimoine<\/p><cite>17 &amp; 18 septembre 2022<\/cite><\/blockquote><\/figure>\n\n\n<div class=\"wp-block-image\">\n<figure class=\"aligncenter size-full is-resized\"><a href=\"https:\/\/site.ac-martinique.fr\/histoire-geographie\/wp-content\/uploads\/sites\/15\/2022\/09\/affiche-jep-2022.jpg\"><img loading=\"lazy\" decoding=\"async\" src=\"https:\/\/site.ac-martinique.fr\/histoire-geographie\/wp-content\/uploads\/sites\/15\/2022\/09\/affiche-jep-2022.jpg\" alt=\"\" class=\"wp-image-6173\" width=\"214\" height=\"319\" srcset=\"https:\/\/site.ac-martinique.fr\/histoire-geographie\/wp-content\/uploads\/sites\/15\/2022\/09\/affiche-jep-2022.jpg 381w, https:\/\/site.ac-martinique.fr\/histoire-geographie\/wp-content\/uploads\/sites\/15\/2022\/09\/affiche-jep-2022-201x300.jpg 201w\" sizes=\"auto, (max-width: 214px) 100vw, 214px\" \/><\/a><\/figure>\n<\/div>\n\n\n<p class=\"has-drop-cap has-small-font-size\">\u00ab\u00a0Les 39\u00e8mes Journ\u00e9es europ\u00e9ennes du patrimoine auront lieu les 16, 17 et 18 septembre 2022, avec pour th\u00e8me le : <strong>\u00ab Patrimoine durable \u00bb<\/strong>. C\u2019est en r\u00e9interrogeant les pratiques, les enseignements tir\u00e9s des traditions, la continuit\u00e9 des savoir-faire, que les acteurs du patrimoine (monuments historiques publics et priv\u00e9s, sites arch\u00e9ologiques, mus\u00e9es, services d\u2019archives, d\u00e9tenteurs de pratiques reconnues comme patrimoine culturel immat\u00e9riel\u2026) pr\u00e9parent le patrimoine de demain pour un avenir plus durable.<\/p>\n\n\n\n[&#8230;]\n\n\n\n<p class=\"has-small-font-size\">Le patrimoine contribue \u00e0 la redynamisation et au d\u00e9veloppement \u00e9conomique et touristique des territoires ainsi qu\u2019\u00e0 la conservation des savoir-faire pr\u00e9sents sur tout le territoire ; il constitue \u00e9galement une ressource d\u2019emplois locaux non d\u00e9localisable. Autant d\u2019enjeux qui seront mis en lumi\u00e8re par les Journ\u00e9es europ\u00e9ennes du patrimoine 2022.<\/p>\n\n\n\n<h4 class=\"wp-block-heading\"><strong>\u00ab Levez les yeu<\/strong><strong>x ! \u00bb<\/strong><\/h4>\n\n\n\n<p class=\"has-small-font-size\">D\u00e8s le vendredi 16 septembre, le public scolaire pourra participer \u00e0 l\u2019op\u00e9ration\u00a0<strong>\u00ab Levez les yeux ! \u00bb<\/strong>\u00a0en partenariat avec le minist\u00e8re de l\u2019\u00c9ducation nationale et de la jeunesse. Les \u00e9l\u00e8ves d\u00e9couvriront ou red\u00e9couvriront le patrimoine de leur r\u00e9gion pour en apprendre l\u2019histoire et les sp\u00e9cificit\u00e9s, en s\u2019\u00e9veillant \u00e0 l\u2019importance de sa protection et de sa valorisation.\u00a0\u00bb<\/p>\n\n\n\n<p class=\"has-text-align-right has-text-color has-small-font-size\" style=\"color:#6c864b\"><a rel=\"noreferrer noopener\" href=\"https:\/\/www.culture.gouv.fr\/Regions\/Actualites-des-regions\/Journees-europeennes-du-patrimoine-2022-inscrivez-votre-lieu-patrimonial\" target=\"_blank\"><em>texte issu du site gouvernemental d\u00e9di\u00e9 aux JEP<\/em><\/a><\/p>\n\n\n\n<p class=\"has-small-font-size\">Retrouvez ci dessous l&rsquo;agenda des manifestations dans chaque commune de la Martinique<\/p>\n\n\n\n<p class=\"has-text-color has-small-font-size\" style=\"color:#6c864b\"><a href=\"https:\/\/972.agendaculturel.fr\/festival\/journees-europeennes-du-patrimoine\/\"><em>https:\/\/972.agendaculturel.fr\/festival\/journees-europeennes-du-patrimoine\/<\/em><\/a><\/p>\n\n\n<style>\n       .errordiv { padding:10px; margin:10px; border: 1px solid #555555;color: #000000;background-color: #f8f8f8; width:500px; }#advanced_iframe {visibility:visible;opacity:1;vertical-align:top;}.ai-info-bottom-iframe { position: fixed; z-index: 10000; bottom:0; left: 0; margin: 0px; text-align: center; width: 100%; background-color: #ff9999; padding-left: 5px;padding-bottom: 5px; border-top: 1px solid #aaa } a.ai-bold {font-weight: bold;}#ai-layer-div-advanced_iframe p {height:100%;margin:0;padding:0}<\/style><script type=\"text\/javascript\">var ai_iframe_width_advanced_iframe = 0;var ai_iframe_height_advanced_iframe = 0;function aiReceiveMessageadvanced_iframe(event) {  aiProcessMessage(event,\"advanced_iframe\", \"true\",\"\",\"false\",\"false\");}if (window.addEventListener) {  window.addEventListener(\"message\", aiReceiveMessageadvanced_iframe);} else if (el.attachEvent)  {  el.attachEvent(\"message\", aiReceiveMessageadvanced_iframe);}var aiOnloadScrollTop=\"true\";var aiShowDebug=false;\n\t\tif (typeof aiReadyCallbacks === 'undefined') {\n\t\t\tvar aiReadyCallbacks = [];\n\t\t} else if (!(aiReadyCallbacks instanceof Array)) {\n\t\t\tvar aiReadyCallbacks = [];\n\t\t}    function aiShowIframeId(id_iframe) { jQuery(\"#\"+id_iframe).css(\"visibility\", \"visible\");    }    function aiResizeIframeHeight(height) { aiResizeIframeHeight(height,advanced_iframe); }    function aiResizeIframeHeightId(height,width,id) {aiResizeIframeHeightById(id,height);}<\/script><iframe id=\"advanced_iframe\"  name=\"advanced_iframe\"  src=\"https:\/\/972.agendaculturel.fr\/festival\/journees-europeennes-du-patrimoine\/\"  width=\"100%\"  height=\"600\"  frameborder=\"0\"  border=\"0\"  allowtransparency=\"true\"  loading=\"lazy\"  style=\";border-width: 0px;;border: none;;width:100%;;height:600px;\" ><\/iframe><script type=\"text\/javascript\">var ifrm_advanced_iframe = document.getElementById(\"advanced_iframe\");var hiddenTabsDoneadvanced_iframe = false;\nfunction resizeCallbackadvanced_iframe() {}<\/script><script type=\"text\/javascript\"><\/script><p style=\"display:block !important; visibility:visible !important;margin: -18px 14px 0 0;padding-left: 3px;padding-top:3px;background: white; overflow: hidden; position: relative; line-height:15px;width: fit-content;\"><small style=\"display:block !important;visibility:visible !important\">powered by Advanced iFrame<\/small><\/p>","protected":false},"excerpt":{"rendered":"<p>Les Journ\u00e9es Europ\u00e9ennes du Patrimoine 17 &amp; 18 septembre 2022 \u00ab\u00a0Les 39\u00e8mes Journ\u00e9es europ\u00e9ennes du patrimoine auront lieu les 16, 17 et 18 septembre 2022, avec pour th\u00e8me le : \u00ab Patrimoine durable \u00bb. C\u2019est en r\u00e9interrogeant les pratiques, les enseignements tir\u00e9s des traditions, la continuit\u00e9 des savoir-faire, que les acteurs du patrimoine (monuments historiques publics et priv\u00e9s, sites arch\u00e9ologiques, mus\u00e9es, services d\u2019archives, d\u00e9tenteurs de pratiques reconnues comme patrimoine culturel immat\u00e9riel\u2026) pr\u00e9parent le patrimoine de demain pour un avenir plus durable. [&#8230;] Le patrimoine contribue \u00e0 la redynamisation et au d\u00e9veloppement \u00e9conomique et touristique des territoires ainsi qu\u2019\u00e0 la conservation des savoir-faire pr\u00e9sents sur tout le territoire ; il constitue \u00e9galement une ressource d\u2019emplois locaux non d\u00e9localisable. Autant d\u2019enjeux qui seront mis en lumi\u00e8re par les Journ\u00e9es europ\u00e9ennes du patrimoine 2022. \u00ab Levez les yeux ! \u00bb D\u00e8s le vendredi 16 septembre, le public scolaire pourra participer \u00e0 l\u2019op\u00e9ration\u00a0\u00ab Levez les yeux ! \u00bb\u00a0en partenariat avec le minist\u00e8re de l\u2019\u00c9ducation nationale et de la jeunesse. Les \u00e9l\u00e8ves d\u00e9couvriront ou red\u00e9couvriront le patrimoine de leur r\u00e9gion pour en apprendre l\u2019histoire et les sp\u00e9cificit\u00e9s, en s\u2019\u00e9veillant \u00e0 l\u2019importance de sa protection et de sa valorisation.\u00a0\u00bb texte issu du site gouvernemental d\u00e9di\u00e9 aux JEP Retrouvez ci dessous l&rsquo;agenda des manifestations dans chaque commune de la Martinique https:\/\/972.agendaculturel.fr\/festival\/journees-europeennes-du-patrimoine\/<\/p>\n","protected":false},"author":71,"featured_media":0,"comment_status":"closed","ping_status":"closed","sticky":false,"template":"","format":"standard","meta":{"footnotes":""},"categories":[164],"tags":[167,211,213,212],"class_list":["post-6175","post","type-post","status-publish","format-standard","hentry","category-actualites","tag-actualites","tag-jep","tag-martinique","tag-patrimoine"],"_links":{"self":[{"href":"https:\/\/site.ac-martinique.fr\/histoire-geographie\/index.php?rest_route=\/wp\/v2\/posts\/6175","targetHints":{"allow":["GET"]}}],"collection":[{"href":"https:\/\/site.ac-martinique.fr\/histoire-geographie\/index.php?rest_route=\/wp\/v2\/posts"}],"about":[{"href":"https:\/\/site.ac-martinique.fr\/histoire-geographie\/index.php?rest_route=\/wp\/v2\/types\/post"}],"author":[{"embeddable":true,"href":"https:\/\/site.ac-martinique.fr\/histoire-geographie\/index.php?rest_route=\/wp\/v2\/users\/71"}],"replies":[{"embeddable":true,"href":"https:\/\/site.ac-martinique.fr\/histoire-geographie\/index.php?rest_route=%2Fwp%2Fv2%2Fcomments&post=6175"}],"version-history":[{"count":2,"href":"https:\/\/site.ac-martinique.fr\/histoire-geographie\/index.php?rest_route=\/wp\/v2\/posts\/6175\/revisions"}],"predecessor-version":[{"id":6183,"href":"https:\/\/site.ac-martinique.fr\/histoire-geographie\/index.php?rest_route=\/wp\/v2\/posts\/6175\/revisions\/6183"}],"wp:attachment":[{"href":"https:\/\/site.ac-martinique.fr\/histoire-geographie\/index.php?rest_route=%2Fwp%2Fv2%2Fmedia&parent=6175"}],"wp:term":[{"taxonomy":"category","embeddable":true,"href":"https:\/\/site.ac-martinique.fr\/histoire-geographie\/index.php?rest_route=%2Fwp%2Fv2%2Fcategories&post=6175"},{"taxonomy":"post_tag","embeddable":true,"href":"https:\/\/site.ac-martinique.fr\/histoire-geographie\/index.php?rest_route=%2Fwp%2Fv2%2Ftags&post=6175"}],"curies":[{"name":"wp","href":"https:\/\/api.w.org\/{rel}","templated":true}]}}