{"id":6363,"date":"2022-09-23T15:47:55","date_gmt":"2022-09-23T19:47:55","guid":{"rendered":"https:\/\/site.ac-martinique.fr\/histoire-geographie\/?p=6363"},"modified":"2023-10-20T15:13:29","modified_gmt":"2023-10-20T19:13:29","slug":"prix-samuel-paty","status":"publish","type":"post","link":"https:\/\/site.ac-martinique.fr\/histoire-geographie\/?p=6363","title":{"rendered":"Prix Samuel Paty"},"content":{"rendered":"\n<figure class=\"wp-block-pullquote\"><blockquote><p>PRIX SAMUEL PATY<\/p><\/blockquote><\/figure>\n\n\n<div class=\"wp-block-image\">\n<figure class=\"aligncenter size-large is-resized\"><a href=\"https:\/\/site.ac-martinique.fr\/histoire-geographie\/wp-content\/uploads\/sites\/15\/2022\/09\/Affiche-S.-PATY.png\"><img loading=\"lazy\" decoding=\"async\" src=\"https:\/\/site.ac-martinique.fr\/histoire-geographie\/wp-content\/uploads\/sites\/15\/2022\/09\/Affiche-S.-PATY-768x1024.png\" alt=\"\" class=\"wp-image-6353\" width=\"207\" height=\"276\" srcset=\"https:\/\/site.ac-martinique.fr\/histoire-geographie\/wp-content\/uploads\/sites\/15\/2022\/09\/Affiche-S.-PATY-768x1023.png 768w, https:\/\/site.ac-martinique.fr\/histoire-geographie\/wp-content\/uploads\/sites\/15\/2022\/09\/Affiche-S.-PATY-225x300.png 225w, https:\/\/site.ac-martinique.fr\/histoire-geographie\/wp-content\/uploads\/sites\/15\/2022\/09\/Affiche-S.-PATY.png 938w\" sizes=\"auto, (max-width: 207px) 100vw, 207px\" \/><\/a><\/figure>\n<\/div>\n\n\n<div style=\"height:100px\" aria-hidden=\"true\" class=\"wp-block-spacer\"><\/div>\n\n\n\n<p>Initi\u00e9 par l\u2019Association des Professeurs d\u2019Histoire et de G\u00e9ographie (APHG), port\u00e9 par des professeurs, le Prix Samuel Paty souhaite rendre hommage \u00e0 notre coll\u00e8gue assassin\u00e9 le 16 octobre 2020\u00a0. D\u2019abord propos\u00e9 aux \u00e9l\u00e8ves de coll\u00e8ge et \u00e0 leurs enseignants autour d\u2019un th\u00e8me annuel articul\u00e9 aux programmes d\u2019EMC, ce prix a pour ambition de favoriser la coh\u00e9sion et la coop\u00e9ration gr\u00e2ce \u00e0 un projet de classe. La seconde \u00e9dition du Prix est propos\u00e9e en cette rentr\u00e9e scolaire 2022.<\/p>\n\n\n\n<p class=\"has-text-align-right has-text-color has-small-font-size\" style=\"color:#6c864b\"><em>texte issu de l&rsquo;a<a href=\"https:\/\/www.aphg.fr\/2e-edition-du-Prix-Samuel-Paty\" target=\"_blank\" rel=\"noreferrer noopener\">rticle du site APHG<\/a><\/em><\/p>\n\n\n\n<div style=\"height:100px\" aria-hidden=\"true\" class=\"wp-block-spacer\"><\/div>\n\n\n\n<p>Le Prix SAMUEL PATY 2023 aura pour th\u00e8me : \u00ab\u00a0LES INFOX : QUELS DANGERS POUR LA D\u00c9MOCRATIE ?\u00a0\u00bb Le concours 2023 est ouvert aux \u00e9l\u00e8ves de: -Coll\u00e8ge -Lyc\u00e9e g\u00e9n\u00e9ral -Lyc\u00e9e professionnel . Ci-dessous, vous retrouverez le r\u00e9glement du prix Samuel Paty<\/p>\n\n\n<div class=\"ead-preview\"><div class=\"ead-document\" style=\"position: relative\"><div class=\"ead-iframe-wrapper\"><iframe src=\"\/\/docs.google.com\/viewer?url=https%3A%2F%2Fsite.ac-martinique.fr%2Fhistoire-geographie%2Fwp-content%2Fuploads%2Fsites%2F15%2F2022%2F09%2Fprix-samuel-paty_REGLEMENT.pdf&amp;embedded=true&amp;hl=en\" title=\"Document embarqu\u00e9\" class=\"ead-iframe\" style=\"width: 50%;height: 50%;border: none;min-height: 500px;visibility: hidden;\"><\/iframe><\/div>\t\t\t<div class=\"ead-document-loading\" style=\"width:100%;height:100%;position:absolute;left:0;top:0;z-index:10\">\n\t\t\t\t<div class=\"ead-loading-wrap\">\n\t\t\t\t\t<div class=\"ead-loading-main\">\n\t\t\t\t\t\t<div class=\"ead-loading\">\n\t\t\t\t\t\t\t<img loading=\"lazy\" decoding=\"async\" src=\"https:\/\/site.ac-martinique.fr\/histoire-geographie\/wp-content\/plugins\/embed-any-document\/images\/loading.svg\" width=\"55\" height=\"55\" alt=\"Chargeur\">\n\t\t\t\t\t\t\t<span>En cours de chargement&hellip;<\/span>\n\t\t\t\t\t\t<\/div>\n\t\t\t\t\t<\/div>\n\t\t\t\t\t<div class=\"ead-loading-foot\">\n\t\t\t\t\t\t<div class=\"ead-loading-foot-title\">\n\t\t\t\t\t\t\t<img loading=\"lazy\" decoding=\"async\" src=\"https:\/\/site.ac-martinique.fr\/histoire-geographie\/wp-content\/plugins\/embed-any-document\/images\/EAD-logo.svg\" alt=\"Logo EAD\" width=\"36\" height=\"23\"\/>\n\t\t\t\t\t\t\t<span>Cela prend trop de temps\u00a0?<\/span>\n\t\t\t\t\t\t<\/div>\n\t\t\t\t\t\t<p>\n\t\t\t\t\t\t\t<div class=\"ead-document-btn ead-reload-btn\" role=\"button\">\n\t\t\t\t\t\t\t\t<img loading=\"lazy\" decoding=\"async\" src=\"https:\/\/site.ac-martinique.fr\/histoire-geographie\/wp-content\/plugins\/embed-any-document\/images\/reload.svg\" alt=\"Recharger\" width=\"12\" height=\"12\"\/> Recharger le document\t\t\t\t\t\t\t<\/div>\n\t\t\t\t\t\t\t<span>|<\/span>\n\t\t\t\t\t\t\t<a href=\"https:\/\/site.ac-martinique.fr\/histoire-geographie\/wp-content\/uploads\/sites\/15\/2022\/09\/prix-samuel-paty_REGLEMENT.pdf\" class=\"ead-document-btn\" target=\"_blank\">\n\t\t\t\t\t\t\t\t<img loading=\"lazy\" decoding=\"async\" src=\"https:\/\/site.ac-martinique.fr\/histoire-geographie\/wp-content\/plugins\/embed-any-document\/images\/open.svg\" alt=\"Ouvert\" width=\"12\" height=\"12\"\/> Ouvrir dans un nouvel onglet\t\t\t\t\t\t\t<\/a>\n\t\t\t\t\t<\/div>\n\t\t\t\t<\/div>\n\t\t\t<\/div>\n\t\t<\/div><p class=\"embed_download\"><a href=\"https:\/\/site.ac-martinique.fr\/histoire-geographie\/wp-content\/uploads\/sites\/15\/2022\/09\/prix-samuel-paty_REGLEMENT.pdf\" download>\ufeffT\u00e9l\u00e9charger <\/a><\/p><\/div>\n\n\n<p>Pour tout renseignement : prixsamuelpaty@gmail.com<\/p>\n\n\n\n<p>Retrouvez toutes les informations sur le <a rel=\"noreferrer noopener\" href=\"https:\/\/www.aphg.fr\/2e-edition-du-Prix-Samuel-Paty\" target=\"_blank\">site de l&rsquo;APHG<\/a><\/p>\n\n\n\n<p><\/p>\n","protected":false},"excerpt":{"rendered":"<p>PRIX SAMUEL PATY Initi\u00e9 par l\u2019Association des Professeurs d\u2019Histoire et de G\u00e9ographie (APHG), port\u00e9 par des professeurs, le Prix Samuel Paty souhaite rendre hommage \u00e0 notre coll\u00e8gue assassin\u00e9 le 16 octobre 2020\u00a0. D\u2019abord propos\u00e9 aux \u00e9l\u00e8ves de coll\u00e8ge et \u00e0 leurs enseignants autour d\u2019un th\u00e8me annuel articul\u00e9 aux programmes d\u2019EMC, ce prix a pour ambition de favoriser la coh\u00e9sion et la coop\u00e9ration gr\u00e2ce \u00e0 un projet de classe. La seconde \u00e9dition du Prix est propos\u00e9e en cette rentr\u00e9e scolaire 2022. texte issu de l&rsquo;article du site APHG Le Prix SAMUEL PATY 2023 aura pour th\u00e8me : \u00ab\u00a0LES INFOX : QUELS DANGERS POUR LA D\u00c9MOCRATIE ?\u00a0\u00bb Le concours 2023 est ouvert aux \u00e9l\u00e8ves de: -Coll\u00e8ge -Lyc\u00e9e g\u00e9n\u00e9ral -Lyc\u00e9e professionnel . Ci-dessous, vous retrouverez le r\u00e9glement du prix Samuel Paty Pour tout renseignement : prixsamuelpaty@gmail.com Retrouvez toutes les informations sur le site de l&rsquo;APHG<\/p>\n","protected":false},"author":71,"featured_media":0,"comment_status":"closed","ping_status":"closed","sticky":false,"template":"","format":"standard","meta":{"footnotes":""},"categories":[69,68],"tags":[216,67,217,172,209,208],"class_list":["post-6363","post","type-post","status-publish","format-standard","hentry","category-concours-pedagogiques","category-enrichir-sa-pratique","tag-2022-2023","tag-concours-pedagogiques","tag-desinformation","tag-emc","tag-laicite","tag-samuel-paty"],"_links":{"self":[{"href":"https:\/\/site.ac-martinique.fr\/histoire-geographie\/index.php?rest_route=\/wp\/v2\/posts\/6363","targetHints":{"allow":["GET"]}}],"collection":[{"href":"https:\/\/site.ac-martinique.fr\/histoire-geographie\/index.php?rest_route=\/wp\/v2\/posts"}],"about":[{"href":"https:\/\/site.ac-martinique.fr\/histoire-geographie\/index.php?rest_route=\/wp\/v2\/types\/post"}],"author":[{"embeddable":true,"href":"https:\/\/site.ac-martinique.fr\/histoire-geographie\/index.php?rest_route=\/wp\/v2\/users\/71"}],"replies":[{"embeddable":true,"href":"https:\/\/site.ac-martinique.fr\/histoire-geographie\/index.php?rest_route=%2Fwp%2Fv2%2Fcomments&post=6363"}],"version-history":[{"count":1,"href":"https:\/\/site.ac-martinique.fr\/histoire-geographie\/index.php?rest_route=\/wp\/v2\/posts\/6363\/revisions"}],"predecessor-version":[{"id":6365,"href":"https:\/\/site.ac-martinique.fr\/histoire-geographie\/index.php?rest_route=\/wp\/v2\/posts\/6363\/revisions\/6365"}],"wp:attachment":[{"href":"https:\/\/site.ac-martinique.fr\/histoire-geographie\/index.php?rest_route=%2Fwp%2Fv2%2Fmedia&parent=6363"}],"wp:term":[{"taxonomy":"category","embeddable":true,"href":"https:\/\/site.ac-martinique.fr\/histoire-geographie\/index.php?rest_route=%2Fwp%2Fv2%2Fcategories&post=6363"},{"taxonomy":"post_tag","embeddable":true,"href":"https:\/\/site.ac-martinique.fr\/histoire-geographie\/index.php?rest_route=%2Fwp%2Fv2%2Ftags&post=6363"}],"curies":[{"name":"wp","href":"https:\/\/api.w.org\/{rel}","templated":true}]}}