{"id":6442,"date":"2022-12-14T09:46:36","date_gmt":"2022-12-14T13:46:36","guid":{"rendered":"https:\/\/site.ac-martinique.fr\/histoire-geographie\/?p=6442"},"modified":"2025-09-05T12:19:56","modified_gmt":"2025-09-05T16:19:56","slug":"referents","status":"publish","type":"post","link":"https:\/\/site.ac-martinique.fr\/histoire-geographie\/?p=6442","title":{"rendered":"Professeurs ressources"},"content":{"rendered":"\n<figure class=\"wp-block-pullquote\"><blockquote><p>PROFESSEURS RESSOURCES<\/p><cite>Contacts<\/cite><\/blockquote><\/figure>\n\n\n<div class=\"wp-block-image\">\n<figure class=\"aligncenter size-full is-resized\"><a href=\"https:\/\/site.ac-martinique.fr\/histoire-geographie\/wp-content\/uploads\/sites\/15\/2022\/12\/REFERENTS.jpg\"><img loading=\"lazy\" decoding=\"async\" width=\"320\" height=\"200\" src=\"https:\/\/site.ac-martinique.fr\/histoire-geographie\/wp-content\/uploads\/sites\/15\/2022\/12\/REFERENTS.jpg\" alt=\"\" class=\"wp-image-6441\" style=\"width:232px;height:145px\" srcset=\"https:\/\/site.ac-martinique.fr\/histoire-geographie\/wp-content\/uploads\/sites\/15\/2022\/12\/REFERENTS.jpg 320w, https:\/\/site.ac-martinique.fr\/histoire-geographie\/wp-content\/uploads\/sites\/15\/2022\/12\/REFERENTS-300x188.jpg 300w\" sizes=\"auto, (max-width: 320px) 100vw, 320px\" \/><\/a><\/figure>\n<\/div>\n\n\n<div style=\"height:100px\" aria-hidden=\"true\" class=\"wp-block-spacer\"><\/div>\n\n\n\n<h2 class=\"wp-block-heading has-text-align-center\">2025\/2026<\/h2>\n\n\n\n<div style=\"height:100px\" aria-hidden=\"true\" class=\"wp-block-spacer\"><\/div>\n\n\n\n<p><strong>IA-IPR d&rsquo;histoire-g\u00e9ographie de l&rsquo;Acad\u00e9mie de Martinique: <\/strong><\/p>\n\n\n\n<p>Mme Brigitte Louise-Palix : <a href=\"mailto:brigitte.louise-palix@ac-martinique.fr\">brigitte.louise-palix@ac-martinique.fr<\/a><\/p>\n\n\n\n<div style=\"height:100px\" aria-hidden=\"true\" class=\"wp-block-spacer\"><\/div>\n\n\n\n<p><strong>Les charg\u00e9es de mission <\/strong><strong>d\u2019inspection (CMI) :<\/strong><\/p>\n\n\n\n<p><\/p>\n\n\n\n<p>&#8211; Madame Muriel DESCAS-RAVOTEUR, professeure au lyc\u00e9e Nord Cara\u00efbe de Bellefontaine,<\/p>\n\n\n\n<p>&#8211; Madame Lorian ZACHARIE, professeure au coll\u00e8ge de Terreville, Schoelcher.<\/p>\n\n\n\n<p>Ces professeures sont amen\u00e9es \u00e0 effectuer des visites conseils aupr\u00e8s des enseignants contractuels, des stagiaires et des enseignants titulaires (hors PPCR).<\/p>\n\n\n\n<div style=\"height:100px\" aria-hidden=\"true\" class=\"wp-block-spacer\"><\/div>\n\n\n\n<p><strong>Les membres du Groupe de Recherche et Formation (GRF) et les formateurs acad\u00e9miques :<\/strong><strong><\/strong><\/p>\n\n\n\n<p>Leurs missions sont, entre autres, d\u2019assurer le suivi et l\u2019animation de la formation initiale, de la formation continue, ainsi que la production de ressources p\u00e9dagogiques.<\/p>\n\n\n\n<p>&#8211;<strong>Les membres du GRF :<\/strong> Philippe BELLO, Michel CANTON, , Cecilia DEBRUYN, Muriel DESCAS-RAVOTEUR, Gilles GAUDION, Erwann JADE, Elsa JUSTON, Fabienne JANNAS, St\u00e9phanie MARTINGOULET, Myriam PAJANIANDY, Christine PIERRE-CHARLES, Laetitia R\u00e9gis-B\u00e9chet, Vanessa Saturnin, Lorian ZACHARIE<\/p>\n\n\n\n<p><\/p>\n\n\n\n<p>&#8211;&nbsp;<strong>L\u2019\u00e9quipe TICE&nbsp;<\/strong>compos\u00e9e de Vanessa SATURNIN, Muriel DESCAS-RAVOTEUR, Fabienne JANNAS,<\/p>\n\n\n\n<p>&#8211;&nbsp;<strong>L\u2019\u00e9quipe de pr\u00e9paration du CAPES interne et du CAER<\/strong>&nbsp;coordonn\u00e9e par Michel CANTON du coll\u00e8ge Roger Castendet,<\/p>\n\n\n\n<p>&#8211;&nbsp;<strong>La coordonnatrice du PAF histoire-g\u00e9ographie<\/strong>&nbsp;: Christelle NOLOT du coll\u00e8ge Julia Nicolas,<\/p>\n\n\n\n<p>&#8211;<strong>&nbsp;La r\u00e9f\u00e9rente concours scolaires&nbsp;<\/strong>: Myriam PAJANIANDY<\/p>\n\n\n\n<p>&#8211;&nbsp;<strong>La r\u00e9f\u00e9rence d\u00e9fense&nbsp;<\/strong>: St\u00e9phanie MARTINGOULET.<\/p>\n\n\n\n<p>&#8211;<strong>Conseill\u00e8re Histoire, M\u00e9moire et patrimoine :<\/strong> Sylvie MESLIEN<\/p>\n\n\n\n<p>&#8211;<strong> Education au d\u00e9veloppement durable<\/strong>&nbsp;: Voir Site acad\u00e9mique de SVT <\/p>\n\n\n\n<p><\/p>\n","protected":false},"excerpt":{"rendered":"<p>PROFESSEURS RESSOURCES Contacts 2025\/2026 IA-IPR d&rsquo;histoire-g\u00e9ographie de l&rsquo;Acad\u00e9mie de Martinique: Mme Brigitte Louise-Palix : brigitte.louise-palix@ac-martinique.fr Les charg\u00e9es de mission d\u2019inspection (CMI) : &#8211; Madame Muriel DESCAS-RAVOTEUR, professeure au lyc\u00e9e Nord Cara\u00efbe de Bellefontaine, &#8211; Madame Lorian ZACHARIE, professeure au coll\u00e8ge de Terreville, Schoelcher. Ces professeures sont amen\u00e9es \u00e0 effectuer des visites conseils aupr\u00e8s des enseignants contractuels, des stagiaires et des enseignants titulaires (hors PPCR). Les membres du Groupe de Recherche et Formation (GRF) et les formateurs acad\u00e9miques : Leurs missions sont, entre autres, d\u2019assurer le suivi et l\u2019animation de la formation initiale, de la formation continue, ainsi que la production de ressources p\u00e9dagogiques. &#8211;Les membres du GRF : Philippe BELLO, Michel CANTON, , Cecilia DEBRUYN, Muriel DESCAS-RAVOTEUR, Gilles GAUDION, Erwann JADE, Elsa JUSTON, Fabienne JANNAS, St\u00e9phanie MARTINGOULET, Myriam PAJANIANDY, Christine PIERRE-CHARLES, Laetitia R\u00e9gis-B\u00e9chet, Vanessa Saturnin, Lorian ZACHARIE &#8211;&nbsp;L\u2019\u00e9quipe TICE&nbsp;compos\u00e9e de Vanessa SATURNIN, Muriel DESCAS-RAVOTEUR, Fabienne JANNAS, &#8211;&nbsp;L\u2019\u00e9quipe de pr\u00e9paration du CAPES interne et du CAER&nbsp;coordonn\u00e9e par Michel CANTON du coll\u00e8ge Roger Castendet, &#8211;&nbsp;La coordonnatrice du PAF histoire-g\u00e9ographie&nbsp;: Christelle NOLOT du coll\u00e8ge Julia Nicolas, &#8211;&nbsp;La r\u00e9f\u00e9rente concours scolaires&nbsp;: Myriam PAJANIANDY &#8211;&nbsp;La r\u00e9f\u00e9rence d\u00e9fense&nbsp;: St\u00e9phanie MARTINGOULET. &#8211;Conseill\u00e8re Histoire, M\u00e9moire et patrimoine : Sylvie MESLIEN &#8211; Education au d\u00e9veloppement durable&nbsp;: Voir Site acad\u00e9mique de SVT<\/p>\n","protected":false},"author":71,"featured_media":0,"comment_status":"closed","ping_status":"closed","sticky":false,"template":"","format":"standard","meta":{"footnotes":""},"categories":[164,37],"tags":[223,222,224,221],"class_list":["post-6442","post","type-post","status-publish","format-standard","hentry","category-actualites","category-sinformer","tag-academie-martinique","tag-grf","tag-histoire-geographie","tag-referents"],"_links":{"self":[{"href":"https:\/\/site.ac-martinique.fr\/histoire-geographie\/index.php?rest_route=\/wp\/v2\/posts\/6442","targetHints":{"allow":["GET"]}}],"collection":[{"href":"https:\/\/site.ac-martinique.fr\/histoire-geographie\/index.php?rest_route=\/wp\/v2\/posts"}],"about":[{"href":"https:\/\/site.ac-martinique.fr\/histoire-geographie\/index.php?rest_route=\/wp\/v2\/types\/post"}],"author":[{"embeddable":true,"href":"https:\/\/site.ac-martinique.fr\/histoire-geographie\/index.php?rest_route=\/wp\/v2\/users\/71"}],"replies":[{"embeddable":true,"href":"https:\/\/site.ac-martinique.fr\/histoire-geographie\/index.php?rest_route=%2Fwp%2Fv2%2Fcomments&post=6442"}],"version-history":[{"count":12,"href":"https:\/\/site.ac-martinique.fr\/histoire-geographie\/index.php?rest_route=\/wp\/v2\/posts\/6442\/revisions"}],"predecessor-version":[{"id":7209,"href":"https:\/\/site.ac-martinique.fr\/histoire-geographie\/index.php?rest_route=\/wp\/v2\/posts\/6442\/revisions\/7209"}],"wp:attachment":[{"href":"https:\/\/site.ac-martinique.fr\/histoire-geographie\/index.php?rest_route=%2Fwp%2Fv2%2Fmedia&parent=6442"}],"wp:term":[{"taxonomy":"category","embeddable":true,"href":"https:\/\/site.ac-martinique.fr\/histoire-geographie\/index.php?rest_route=%2Fwp%2Fv2%2Fcategories&post=6442"},{"taxonomy":"post_tag","embeddable":true,"href":"https:\/\/site.ac-martinique.fr\/histoire-geographie\/index.php?rest_route=%2Fwp%2Fv2%2Ftags&post=6442"}],"curies":[{"name":"wp","href":"https:\/\/api.w.org\/{rel}","templated":true}]}}