{"id":6587,"date":"2023-09-13T17:00:52","date_gmt":"2023-09-13T21:00:52","guid":{"rendered":"https:\/\/site.ac-martinique.fr\/histoire-geographie\/?p=6587"},"modified":"2026-03-30T23:30:25","modified_gmt":"2026-03-31T03:30:25","slug":"flamme-de-legalite-2023-2024","status":"publish","type":"post","link":"https:\/\/site.ac-martinique.fr\/histoire-geographie\/?p=6587","title":{"rendered":"Flamme de l&rsquo;\u00e9galit\u00e9"},"content":{"rendered":"\n<figure class=\"wp-block-pullquote\"><blockquote><p>Concours de la Flamme de l&rsquo;\u00e9galit\u00e9<\/p><\/blockquote><\/figure>\n\n\n<div class=\"wp-block-image\">\n<figure class=\"aligncenter size-full is-resized\"><a href=\"https:\/\/site.ac-martinique.fr\/histoire-geographie\/wp-content\/uploads\/sites\/15\/2023\/11\/la-flamme-de-l-galit-1200x800-158400.jpg\"><img loading=\"lazy\" decoding=\"async\" width=\"600\" height=\"400\" src=\"https:\/\/site.ac-martinique.fr\/histoire-geographie\/wp-content\/uploads\/sites\/15\/2023\/11\/la-flamme-de-l-galit-1200x800-158400.jpg\" alt=\"\" class=\"wp-image-6717\" style=\"width:381px;height:213px\" srcset=\"https:\/\/site.ac-martinique.fr\/histoire-geographie\/wp-content\/uploads\/sites\/15\/2023\/11\/la-flamme-de-l-galit-1200x800-158400.jpg 600w, https:\/\/site.ac-martinique.fr\/histoire-geographie\/wp-content\/uploads\/sites\/15\/2023\/11\/la-flamme-de-l-galit-1200x800-158400-300x200.jpg 300w\" sizes=\"auto, (max-width: 600px) 100vw, 600px\" \/><\/a><\/figure>\n<\/div>\n\n\n<p><strong><u style=\"color: red;\">Session 2025\/2026<\/u><\/strong><\/p>\n\n\n\n<p>Le th\u00e8me pour cette 11<sup>\u00e8me<\/sup> session: <\/p>\n\n\n\n<p class=\"has-text-align-center\"><strong>\u00a0\u00bb Femmes en esclavage\u00a0\u00bb<\/strong><\/p>\n\n\n\n<div class=\"wp-block-columns is-layout-flex wp-container-core-columns-is-layout-d0b3c9c8 wp-block-columns-is-layout-flex\">\n<div class=\"wp-block-column is-layout-flow wp-block-column-is-layout-flow\"><div class=\"wp-block-image\">\n<figure class=\"aligncenter size-large is-resized\"><a href=\"https:\/\/site.ac-martinique.fr\/histoire-geographie\/wp-content\/uploads\/sites\/15\/2023\/09\/Image-femmes-en-esclavage.png\"><img loading=\"lazy\" decoding=\"async\" width=\"720\" height=\"1024\" src=\"https:\/\/site.ac-martinique.fr\/histoire-geographie\/wp-content\/uploads\/sites\/15\/2023\/09\/Image-femmes-en-esclavage-720x1024.png\" alt=\"\" class=\"wp-image-7300\" style=\"aspect-ratio:0.7031262622182729;width:255px;height:auto\" srcset=\"https:\/\/site.ac-martinique.fr\/histoire-geographie\/wp-content\/uploads\/sites\/15\/2023\/09\/Image-femmes-en-esclavage-720x1024.png 720w, https:\/\/site.ac-martinique.fr\/histoire-geographie\/wp-content\/uploads\/sites\/15\/2023\/09\/Image-femmes-en-esclavage-211x300.png 211w, https:\/\/site.ac-martinique.fr\/histoire-geographie\/wp-content\/uploads\/sites\/15\/2023\/09\/Image-femmes-en-esclavage-768x1092.png 768w, https:\/\/site.ac-martinique.fr\/histoire-geographie\/wp-content\/uploads\/sites\/15\/2023\/09\/Image-femmes-en-esclavage.png 952w\" sizes=\"auto, (max-width: 720px) 100vw, 720px\" \/><\/a><figcaption class=\"wp-element-caption\"><a href=\"https:\/\/www.laflammedelegalite.org\/le-concours\/presentation\">https:\/\/www.laflammedelegalite.org<\/a>\/<\/figcaption><\/figure>\n<\/div><\/div>\n\n\n\n<div class=\"wp-block-column is-layout-flow wp-block-column-is-layout-flow\">\n<p>Pour explorer les diverses formes de l\u2019esclavage des femmes,<strong>\u00a0la Fondation pour la M\u00e9moire de l&rsquo;esclavage vous propose un dossier p\u00e9dagogique <\/strong>que vous retrouverez <a href=\"https:\/\/www.laflammedelegalite.org\/le-concours\/thematique\">ici<\/a>   <\/p>\n\n\n\n<p><\/p>\n\n\n\n<p><strong><em>Date limite d&rsquo;inscription: 30 mars 2026<\/em><\/strong><\/p>\n<\/div>\n<\/div>\n\n\n\n<div style=\"height:100px\" aria-hidden=\"true\" class=\"wp-block-spacer\"><\/div>\n\n\n\n<p><strong>Session 2024\/2025<\/strong><\/p>\n\n\n\n<p>Le th\u00e8me pour cette 10<sup>\u00e8me<\/sup> session:<\/p>\n\n\n\n<p class=\"has-text-align-center\"><strong>\u00ab R\u00e9sister \u00e0 l\u2019esclavage : survivre, s\u2019opposer, se r\u00e9volter \u00bb<\/strong>.<\/p>\n\n\n\n<p>Toujours et partout, l\u2019esclavage a suscit\u00e9 des r\u00e9sistances. Pour r\u00e9pondre \u00e0 la violence de leur condition impos\u00e9e de \u00ab bien meuble \u00bb et n\u00e9gocier au mieux leur place dans les soci\u00e9t\u00e9s coloniales, hommes et femmes en esclavage ont utilis\u00e9 des modalit\u00e9s de r\u00e9sistance tr\u00e8s diverses afin de pr\u00e9server leur humanit\u00e9, affirmer leur dignit\u00e9, conqu\u00e9rir leur libert\u00e9. Pour abolir l\u2019esclavage, hommes et femmes libres se sont organis\u00e9s et mobilis\u00e9s dans le monde entier.<\/p>\n\n\n\n<p>Le projet peut \u00eatre men\u00e9 dans <strong>toutes les disciplines<\/strong> et prendre <strong>diff\u00e9rentes formes d&rsquo;expression <\/strong>(r\u00e9cit, danse, peinture, vid\u00e9o, journal, etc.).<\/p>\n\n\n\n<p class=\"has-text-align-center\"><strong>Les inscriptions sont ouvertes depuis le 4 septembre via le lien suivant:<\/strong> <a href=\"https:\/\/www.laflammedelegalite.org\/pre-inscription\">inscriptions<\/a><\/p>\n\n\n\n<p><\/p>\n\n\n\n<p>N&rsquo;h\u00e9sitez pas \u00e0 consulter le &nbsp;<strong>site internet<\/strong> <a href=\"https:\/\/5o8k7.r.bh.d.sendibt3.com\/mk\/cl\/f\/TY9Jh-xoThCas3RlQbs4pBU2A6etnd8i5t3Wfi_jRB9luIVKDbpAl6QhazmXl7oAA850ITW6d_QgzMPsZqjWfHmZK60iwlNj1zP7a956cmOH1nZJTU-ezC_vwTUG45yEpY4CN7iXqQoQNOeCfxXiwRkifeiVLVRa-vDy1QVndXBw_2GvtmtgP3HUpnMWpQEgW7Tiilzn\">www.laflammedelegalite.org<\/a> pour acc\u00e9der aux ressources et informations utiles.<\/p>\n\n\n\n<p>Les modalit\u00e9s de candidature, notamment le calendrier, sont expliqu\u00e9es dans le r\u00e8glement disponible sur le site du concours \u00e0 cette adresse&nbsp;: <a href=\"https:\/\/www.laflammedelegalite.org\/texte-et-reglement-officiels.php\">https:\/\/www.laflammedelegalite.org\/texte-et-reglement-officiels.php<\/a> <\/p>\n\n\n\n<p>&nbsp;Educ\u2019Arte propose &nbsp;un w\u00e9binaire le mercredi 29 novembre 2023 de 12 H 30 \u00e0 13 H 15 (heure de Paris): <a href=\"https:\/\/educarte.clickmeeting.com\/presentation-educ-arte-x-flamme-de-l-egalite\/register\" target=\"_blank\" rel=\"noreferrer noopener\">inscriptions via ce lien<\/a><\/p>\n\n\n\n<p class=\"has-text-align-right has-text-color\" style=\"color:#6c864b;font-size:11px\">Retrouvez toutes les informations et les modalit\u00e9s sur le <a rel=\"noreferrer noopener\" href=\"https:\/\/laflammedelegalite.org\/index.php\" target=\"_blank\">site consacr\u00e9 au concours<\/a><\/p>\n","protected":false},"excerpt":{"rendered":"<p>Concours de la Flamme de l&rsquo;\u00e9galit\u00e9 Session 2025\/2026 Le th\u00e8me pour cette 11\u00e8me session: \u00a0\u00bb Femmes en esclavage\u00a0\u00bb Pour explorer les diverses formes de l\u2019esclavage des femmes,\u00a0la Fondation pour la M\u00e9moire de l&rsquo;esclavage vous propose un dossier p\u00e9dagogique que vous retrouverez ici Date limite d&rsquo;inscription: 30 mars 2026 Session 2024\/2025 Le th\u00e8me pour cette 10\u00e8me session: \u00ab R\u00e9sister \u00e0 l\u2019esclavage : survivre, s\u2019opposer, se r\u00e9volter \u00bb. Toujours et partout, l\u2019esclavage a suscit\u00e9 des r\u00e9sistances. Pour r\u00e9pondre \u00e0 la violence de leur condition impos\u00e9e de \u00ab bien meuble \u00bb et n\u00e9gocier au mieux leur place dans les soci\u00e9t\u00e9s coloniales, hommes et femmes en esclavage ont utilis\u00e9 des modalit\u00e9s de r\u00e9sistance tr\u00e8s diverses afin de pr\u00e9server leur humanit\u00e9, affirmer leur dignit\u00e9, conqu\u00e9rir leur libert\u00e9. Pour abolir l\u2019esclavage, hommes et femmes libres se sont organis\u00e9s et mobilis\u00e9s dans le monde entier. Le projet peut \u00eatre men\u00e9 dans toutes les disciplines et prendre diff\u00e9rentes formes d&rsquo;expression (r\u00e9cit, danse, peinture, vid\u00e9o, journal, etc.). Les inscriptions sont ouvertes depuis le 4 septembre via le lien suivant: inscriptions N&rsquo;h\u00e9sitez pas \u00e0 consulter le &nbsp;site internet www.laflammedelegalite.org pour acc\u00e9der aux ressources et informations utiles. Les modalit\u00e9s de candidature, notamment le calendrier, sont expliqu\u00e9es dans le r\u00e8glement disponible sur le site du concours \u00e0 cette adresse&nbsp;: https:\/\/www.laflammedelegalite.org\/texte-et-reglement-officiels.php &nbsp;Educ\u2019Arte propose &nbsp;un w\u00e9binaire le mercredi 29 novembre 2023 de 12 H 30 \u00e0 13 H 15 (heure de Paris): inscriptions via ce lien Retrouvez toutes les informations et les modalit\u00e9s sur le site consacr\u00e9 au concours<\/p>\n","protected":false},"author":71,"featured_media":0,"comment_status":"closed","ping_status":"closed","sticky":false,"template":"","format":"standard","meta":{"footnotes":""},"categories":[69,68],"tags":[67,189,61],"class_list":["post-6587","post","type-post","status-publish","format-standard","hentry","category-concours-pedagogiques","category-enrichir-sa-pratique","tag-concours-pedagogiques","tag-fme","tag-histoire"],"_links":{"self":[{"href":"https:\/\/site.ac-martinique.fr\/histoire-geographie\/index.php?rest_route=\/wp\/v2\/posts\/6587","targetHints":{"allow":["GET"]}}],"collection":[{"href":"https:\/\/site.ac-martinique.fr\/histoire-geographie\/index.php?rest_route=\/wp\/v2\/posts"}],"about":[{"href":"https:\/\/site.ac-martinique.fr\/histoire-geographie\/index.php?rest_route=\/wp\/v2\/types\/post"}],"author":[{"embeddable":true,"href":"https:\/\/site.ac-martinique.fr\/histoire-geographie\/index.php?rest_route=\/wp\/v2\/users\/71"}],"replies":[{"embeddable":true,"href":"https:\/\/site.ac-martinique.fr\/histoire-geographie\/index.php?rest_route=%2Fwp%2Fv2%2Fcomments&post=6587"}],"version-history":[{"count":7,"href":"https:\/\/site.ac-martinique.fr\/histoire-geographie\/index.php?rest_route=\/wp\/v2\/posts\/6587\/revisions"}],"predecessor-version":[{"id":7303,"href":"https:\/\/site.ac-martinique.fr\/histoire-geographie\/index.php?rest_route=\/wp\/v2\/posts\/6587\/revisions\/7303"}],"wp:attachment":[{"href":"https:\/\/site.ac-martinique.fr\/histoire-geographie\/index.php?rest_route=%2Fwp%2Fv2%2Fmedia&parent=6587"}],"wp:term":[{"taxonomy":"category","embeddable":true,"href":"https:\/\/site.ac-martinique.fr\/histoire-geographie\/index.php?rest_route=%2Fwp%2Fv2%2Fcategories&post=6587"},{"taxonomy":"post_tag","embeddable":true,"href":"https:\/\/site.ac-martinique.fr\/histoire-geographie\/index.php?rest_route=%2Fwp%2Fv2%2Ftags&post=6587"}],"curies":[{"name":"wp","href":"https:\/\/api.w.org\/{rel}","templated":true}]}}