{"id":6630,"date":"2023-10-18T13:39:31","date_gmt":"2023-10-18T17:39:31","guid":{"rendered":"https:\/\/site.ac-martinique.fr\/histoire-geographie\/?p=6630"},"modified":"2023-10-20T15:07:18","modified_gmt":"2023-10-20T19:07:18","slug":"octobre-2023","status":"publish","type":"post","link":"https:\/\/site.ac-martinique.fr\/histoire-geographie\/?p=6630","title":{"rendered":"Octobre 2023"},"content":{"rendered":"\n<figure class=\"wp-block-pullquote\"><blockquote><p>Octobre 2023<\/p><cite>lettre aux coll\u00e8gues<\/cite><\/blockquote><\/figure>\n\n\n\n<div style=\"height:100px\" aria-hidden=\"true\" class=\"wp-block-spacer\"><\/div>\n\n\n\n<p>Ch\u00e8res et chers coll\u00e8gues,<\/p>\n\n\n\n<p>Parce que,&nbsp; vendredi, nous \u00e9tions dans la sid\u00e9ration, parce que lundi nous \u00e9tions dans un temps hommage officiel,&nbsp; \u00e0 la veille des obs\u00e8ques de Dominique Bernard, je tiens apr\u00e8s ce d\u00e9but de semaine \u00e9prouvant \u00e0 vous t\u00e9moigner de mon soutien ind\u00e9fectible.<\/p>\n\n\n\n<p>Trois ans apr\u00e8s l&rsquo;assassinat de Samuel Paty, Dominique Bernard, enseignant de lettres, a \u00e9t\u00e9 tu\u00e9 et trois autres membres de la communaut\u00e9 \u00e9ducative du lyc\u00e9e Gambetta d&rsquo;Arras bless\u00e9s gri\u00e8vement.<\/p>\n\n\n\n<p>Cette concomitance des dates a ajout\u00e9 \u00e0 l&rsquo;horreur et \u00e0 la peine. Cette tragique actualit\u00e9 a d\u00e9montr\u00e9 la fragilit\u00e9 de notre syst\u00e8me \u00e9ducatif face aux fanatismes et aux manques de rep\u00e8res qui peuvent toucher notre jeunesse. Nous savons que nos \u00e9l\u00e8ves peuvent \u00eatre influenc\u00e9s par ceux qui veulent installer de la division l\u00e0 o\u00f9 nous pr\u00f4nons le vivre ensemble, par ceux qui diffusent des discours de haine quand nous travaillons&nbsp; \u00e0 former des esprits libres et \u00e9clair\u00e9s.<\/p>\n\n\n\n<p>A la place qui est la n\u00f4tre,&nbsp; de professeurs d&rsquo;histoire-g\u00e9ographie, il nous faut contribuer \u00e0 maintenir la diffusion de nos valeurs et de nos principes d&rsquo;\u00e9galit\u00e9, de la\u00efcit\u00e9 et de vivre ensemble afin de lutter contre toutes les formes d&rsquo;obscurantisme ou de sectarisme.<\/p>\n\n\n\n<p>Je veux \u00e9galement vous assurer aujourd&rsquo;hui de mon soutien dans l&rsquo;exercice de vos missions et vous redire toute ma confiance et ma disponibilit\u00e9 \u00e0 vos c\u00f4t\u00e9s.<\/p>\n\n\n\n<p>Je partage avec vous ce po\u00e8me r\u00e9dig\u00e9 par Marilyne Dewavrin Farry (IA-IPR Histoire-g\u00e9ographie, acad\u00e9mie de Clermont-Ferrand)<\/p>\n\n\n\n<figure class=\"wp-block-image size-large\"><a href=\"https:\/\/site.ac-martinique.fr\/histoire-geographie\/wp-content\/uploads\/sites\/15\/2023\/10\/poeme_octobre-2023.png\"><img loading=\"lazy\" decoding=\"async\" width=\"1024\" height=\"1024\" src=\"https:\/\/site.ac-martinique.fr\/histoire-geographie\/wp-content\/uploads\/sites\/15\/2023\/10\/poeme_octobre-2023-1024x1024.png\" alt=\"\" class=\"wp-image-6631\" srcset=\"https:\/\/site.ac-martinique.fr\/histoire-geographie\/wp-content\/uploads\/sites\/15\/2023\/10\/poeme_octobre-2023-1024x1024.png 1024w, https:\/\/site.ac-martinique.fr\/histoire-geographie\/wp-content\/uploads\/sites\/15\/2023\/10\/poeme_octobre-2023-300x300.png 300w, https:\/\/site.ac-martinique.fr\/histoire-geographie\/wp-content\/uploads\/sites\/15\/2023\/10\/poeme_octobre-2023-150x150.png 150w, https:\/\/site.ac-martinique.fr\/histoire-geographie\/wp-content\/uploads\/sites\/15\/2023\/10\/poeme_octobre-2023-768x768.png 768w, https:\/\/site.ac-martinique.fr\/histoire-geographie\/wp-content\/uploads\/sites\/15\/2023\/10\/poeme_octobre-2023-75x75.png 75w, https:\/\/site.ac-martinique.fr\/histoire-geographie\/wp-content\/uploads\/sites\/15\/2023\/10\/poeme_octobre-2023.png 1080w\" sizes=\"auto, (max-width: 1024px) 100vw, 1024px\" \/><\/a><\/figure>\n","protected":false},"excerpt":{"rendered":"<p>Octobre 2023 lettre aux coll\u00e8gues Ch\u00e8res et chers coll\u00e8gues, Parce que,&nbsp; vendredi, nous \u00e9tions dans la sid\u00e9ration, parce que lundi nous \u00e9tions dans un temps hommage officiel,&nbsp; \u00e0 la veille des obs\u00e8ques de Dominique Bernard, je tiens apr\u00e8s ce d\u00e9but de semaine \u00e9prouvant \u00e0 vous t\u00e9moigner de mon soutien ind\u00e9fectible. Trois ans apr\u00e8s l&rsquo;assassinat de Samuel Paty, Dominique Bernard, enseignant de lettres, a \u00e9t\u00e9 tu\u00e9 et trois autres membres de la communaut\u00e9 \u00e9ducative du lyc\u00e9e Gambetta d&rsquo;Arras bless\u00e9s gri\u00e8vement. Cette concomitance des dates a ajout\u00e9 \u00e0 l&rsquo;horreur et \u00e0 la peine. Cette tragique actualit\u00e9 a d\u00e9montr\u00e9 la fragilit\u00e9 de notre syst\u00e8me \u00e9ducatif face aux fanatismes et aux manques de rep\u00e8res qui peuvent toucher notre jeunesse. Nous savons que nos \u00e9l\u00e8ves peuvent \u00eatre influenc\u00e9s par ceux qui veulent installer de la division l\u00e0 o\u00f9 nous pr\u00f4nons le vivre ensemble, par ceux qui diffusent des discours de haine quand nous travaillons&nbsp; \u00e0 former des esprits libres et \u00e9clair\u00e9s. A la place qui est la n\u00f4tre,&nbsp; de professeurs d&rsquo;histoire-g\u00e9ographie, il nous faut contribuer \u00e0 maintenir la diffusion de nos valeurs et de nos principes d&rsquo;\u00e9galit\u00e9, de la\u00efcit\u00e9 et de vivre ensemble afin de lutter contre toutes les formes d&rsquo;obscurantisme ou de sectarisme. Je veux \u00e9galement vous assurer aujourd&rsquo;hui de mon soutien dans l&rsquo;exercice de vos missions et vous redire toute ma confiance et ma disponibilit\u00e9 \u00e0 vos c\u00f4t\u00e9s. Je partage avec vous ce po\u00e8me r\u00e9dig\u00e9 par Marilyne Dewavrin Farry (IA-IPR Histoire-g\u00e9ographie, acad\u00e9mie de Clermont-Ferrand)<\/p>\n","protected":false},"author":71,"featured_media":0,"comment_status":"closed","ping_status":"closed","sticky":false,"template":"","format":"standard","meta":{"footnotes":""},"categories":[164,37],"tags":[181,125],"class_list":["post-6630","post","type-post","status-publish","format-standard","hentry","category-actualites","category-sinformer","tag-commemoration","tag-hommage-samuel-paty-republique-emc"],"_links":{"self":[{"href":"https:\/\/site.ac-martinique.fr\/histoire-geographie\/index.php?rest_route=\/wp\/v2\/posts\/6630","targetHints":{"allow":["GET"]}}],"collection":[{"href":"https:\/\/site.ac-martinique.fr\/histoire-geographie\/index.php?rest_route=\/wp\/v2\/posts"}],"about":[{"href":"https:\/\/site.ac-martinique.fr\/histoire-geographie\/index.php?rest_route=\/wp\/v2\/types\/post"}],"author":[{"embeddable":true,"href":"https:\/\/site.ac-martinique.fr\/histoire-geographie\/index.php?rest_route=\/wp\/v2\/users\/71"}],"replies":[{"embeddable":true,"href":"https:\/\/site.ac-martinique.fr\/histoire-geographie\/index.php?rest_route=%2Fwp%2Fv2%2Fcomments&post=6630"}],"version-history":[{"count":1,"href":"https:\/\/site.ac-martinique.fr\/histoire-geographie\/index.php?rest_route=\/wp\/v2\/posts\/6630\/revisions"}],"predecessor-version":[{"id":6632,"href":"https:\/\/site.ac-martinique.fr\/histoire-geographie\/index.php?rest_route=\/wp\/v2\/posts\/6630\/revisions\/6632"}],"wp:attachment":[{"href":"https:\/\/site.ac-martinique.fr\/histoire-geographie\/index.php?rest_route=%2Fwp%2Fv2%2Fmedia&parent=6630"}],"wp:term":[{"taxonomy":"category","embeddable":true,"href":"https:\/\/site.ac-martinique.fr\/histoire-geographie\/index.php?rest_route=%2Fwp%2Fv2%2Fcategories&post=6630"},{"taxonomy":"post_tag","embeddable":true,"href":"https:\/\/site.ac-martinique.fr\/histoire-geographie\/index.php?rest_route=%2Fwp%2Fv2%2Ftags&post=6630"}],"curies":[{"name":"wp","href":"https:\/\/api.w.org\/{rel}","templated":true}]}}