{"id":6782,"date":"2024-03-14T11:32:57","date_gmt":"2024-03-14T15:32:57","guid":{"rendered":"https:\/\/site.ac-martinique.fr\/histoire-geographie\/?p=6782"},"modified":"2024-03-14T11:50:35","modified_gmt":"2024-03-14T15:50:35","slug":"nocturnes-de-lhistoire","status":"publish","type":"post","link":"https:\/\/site.ac-martinique.fr\/histoire-geographie\/?p=6782","title":{"rendered":"Nocturnes de l&rsquo;Histoire"},"content":{"rendered":"\n<figure class=\"wp-block-pullquote\"><blockquote><p>Nocturnes de l&rsquo;Histoire<\/p><cite>2024<\/cite><\/blockquote><\/figure>\n\n\n<div class=\"wp-block-image\">\n<figure class=\"aligncenter size-full is-resized\"><a href=\"https:\/\/site.ac-martinique.fr\/histoire-geographie\/wp-content\/uploads\/sites\/15\/2024\/03\/image.png\"><img loading=\"lazy\" decoding=\"async\" width=\"497\" height=\"507\" src=\"https:\/\/site.ac-martinique.fr\/histoire-geographie\/wp-content\/uploads\/sites\/15\/2024\/03\/image.png\" alt=\"\" class=\"wp-image-6783\" style=\"width:137px;height:auto\" srcset=\"https:\/\/site.ac-martinique.fr\/histoire-geographie\/wp-content\/uploads\/sites\/15\/2024\/03\/image.png 497w, https:\/\/site.ac-martinique.fr\/histoire-geographie\/wp-content\/uploads\/sites\/15\/2024\/03\/image-294x300.png 294w\" sizes=\"auto, (max-width: 497px) 100vw, 497px\" \/><\/a><\/figure>\n<\/div>\n\n\n<p><strong>Les Nocturnes de l&rsquo;Histoire, de quoi s&rsquo;agit-il?<\/strong> <\/p>\n\n\n\n<p>Initi\u00e9es par les quatre soci\u00e9t\u00e9s savantes fran\u00e7aises d\u2019enseignement sup\u00e9rieur et de recherche en histoire (SoPHAU, SHMESP, AHMUF, H2C), l&rsquo;objectif des Nocturnes de l&rsquo;Histoire est de promouvoir une diffusion large du savoir historique en valorisant des manifestations de qualit\u00e9 et en rendant accessibles les r\u00e9sultats de la recherche au public le plus large.<\/p>\n\n\n\n<p>le label Nocturnes de l\u2019Histoire est donn\u00e9 aux manifestations conformes \u00e0 l\u2019esprit du projet par leur int\u00e9r\u00eat p\u00e9dagogique et scientifique et respectant l\u2019\u00e9thique de la pratique historienne, conform\u00e9ment \u00e0 la Charte des Nocturnes de l\u2019Histoire.<\/p>\n\n\n\n<p><\/p>\n\n\n\n<p><strong>Comment s&rsquo;organisent-elles en 2024 ? <\/strong><\/p>\n\n\n\n<p>L\u2019\u00e9dition 2024 a lieu le 27 mars, avec 88 manifestations dans une cinquantaine de villes de m\u00e9tropole et des Outre-mer, organis\u00e9es par des chercheurs, chercheuses et enseignant(e)s bien s\u00fbr, mais aussi des biblioth\u00e9caires, archivistes, conservateurs et conservatrices de mus\u00e9es, lyc\u00e9en(ne)s et coll\u00e9gien(ne)s, \u00e9tudiant(e)s, de la premi\u00e8re ann\u00e9e de licence au doctorat, docteur(e)s, professeur(e)s de l\u2019enseignement secondaire, documentalistes, membres d\u2019associations, etc.<\/p>\n\n\n\n<p><strong>En Martinique ? <\/strong><\/p>\n\n\n<div class=\"wp-block-image\">\n<figure class=\"aligncenter size-full is-resized\"><a href=\"https:\/\/site.ac-martinique.fr\/histoire-geographie\/wp-content\/uploads\/sites\/15\/2024\/03\/image-1.png\"><img loading=\"lazy\" decoding=\"async\" width=\"724\" height=\"1024\" src=\"https:\/\/site.ac-martinique.fr\/histoire-geographie\/wp-content\/uploads\/sites\/15\/2024\/03\/image-1.png\" alt=\"\" class=\"wp-image-6784\" style=\"width:306px;height:auto\" srcset=\"https:\/\/site.ac-martinique.fr\/histoire-geographie\/wp-content\/uploads\/sites\/15\/2024\/03\/image-1.png 724w, https:\/\/site.ac-martinique.fr\/histoire-geographie\/wp-content\/uploads\/sites\/15\/2024\/03\/image-1-212x300.png 212w\" sizes=\"auto, (max-width: 724px) 100vw, 724px\" \/><\/a><\/figure>\n<\/div>\n\n\n<h2 class=\"wp-block-heading has-text-align-center has-small-font-size\">Les&nbsp;martiniquais. es coupeurs de canne au V\u00e9n\u00e9zuela (1926-1927)<\/h2>\n\n\n\n<p class=\"has-small-font-size\"><strong>Horaires<\/strong>: 16h30-20h<\/p>\n\n\n\n<p class=\"has-small-font-size\"><strong>Lieu<\/strong>&nbsp;: Domaine du Fonds Saint-Jacques, Habitation Distillerie Monastique du XVII<sup>e<\/sup>&nbsp;sucrerie, 11 rue Pave. 97230 Sainte-Marie.<\/p>\n\n\n\n<p class=\"has-small-font-size\"><strong>Organisation<\/strong>&nbsp;: laboratoire AIHP-GEODE Cara\u00efbes UR6-1, Monique Milia-Marie-Luce (universit\u00e9 des Antilles), Collectivit\u00e9 territoriale de la Martinique<\/p>\n\n\n\n<p class=\"has-small-font-size\"><strong>Intervenants<\/strong>&nbsp;: Luc LERANDY (professeur retrait\u00e9 d\u2019histoire-g\u00e9ographie, pr\u00e9sident de l\u2019association B\u00e9lia), Monique MILIA-MARIE-LUCE (MCF histoire contemporaine, UA), Dinah NICOLAS (cheffe de service)<\/p>\n\n\n\n<p class=\"has-small-font-size\"><strong>Tout public, \u00e9tudiants<\/strong><\/p>\n\n\n\n<p class=\"has-small-font-size\">La manifestation se d\u00e9roulera dans l\u2019ancienne habitation-sucrerie monastique du XVIIe si\u00e8cle du Fonds Saint-Jacques, dont une visite guid\u00e9e sera propos\u00e9e et dont la transformation en tant que centre culturel diffusant l\u2019histoire de la Cara\u00efbe et de la culture antillaise sera \u00e9voqu\u00e9e. Une conf\u00e9rence mettra en lumi\u00e8re un \u00e9v\u00e9nement m\u00e9connu : les recrutements de martiniquais. es&nbsp;en 1926-1927 pour couper la canne au V\u00e9n\u00e9zuela<\/p>\n\n\n\n<p class=\"has-small-font-size\"><strong>Programme<\/strong>&nbsp;:<\/p>\n\n\n\n<p class=\"has-small-font-size\"><strong>16h30h00-18h00<\/strong>&nbsp;: Visite guid\u00e9e du domaine de Fonds Saint-Jacques par Dinah NICOLAS<\/p>\n\n\n\n<p class=\"has-small-font-size\"><strong>18h00-19h00&nbsp;<\/strong>: Raconter l\u2019histoire du domaine<\/p>\n\n\n\n<p class=\"has-small-font-size\">\u00ab&nbsp;Le domaine de Fonds Saint-Jacques: de l\u2019habitation au centre de diffusion culturel&nbsp;\u00bb par Luc L\u00c9RANDY<\/p>\n\n\n\n<p class=\"has-small-font-size\"><strong>19h00-20h00<\/strong>&nbsp;: Conf\u00e9rence li\u00e9e \u00e0 l\u2019histoire du sucre<\/p>\n\n\n\n<p class=\"has-small-font-size\">\u00ab Les martiniquais.es\u00a0coupeurs de canne au V\u00e9n\u00e9zuela (1926-1927)\u00a0\u00bb, conf\u00e9rence de Monique MILIA-MARIE-LUCE et \u00e9change avec le public<\/p>\n\n\n\n<p><\/p>\n\n\n\n<p class=\"has-text-align-center has-medium-font-size\">Enfin, retrouvez ci-dessous le document de pr\u00e9sentation des Nocturnes de L&rsquo;Histoire ainsi que leur site internet. <\/p>\n\n\n\n<div class=\"wp-block-columns is-layout-flex wp-container-core-columns-is-layout-d0b3c9c8 wp-block-columns-is-layout-flex\">\n<div class=\"wp-block-column is-layout-flow wp-block-column-is-layout-flow\"><div class=\"ead-preview\"><div class=\"ead-document\" style=\"position: relative;padding-top: 90%\"><div class=\"ead-iframe-wrapper\"><iframe src=\"\/\/docs.google.com\/viewer?url=https%3A%2F%2Fsite.ac-martinique.fr%2Fhistoire-geographie%2Fwp-content%2Fuploads%2Fsites%2F15%2F2024%2F03%2FNocturnes-de-lhistoire-2024.pdf&amp;embedded=true&amp;hl=en\" title=\"Document embarqu\u00e9\" class=\"ead-iframe\" style=\"width: 100%;height: 100%;border: none;position: absolute;left: 0;top: 0;visibility: hidden;\"><\/iframe><\/div>\t\t\t<div class=\"ead-document-loading\" style=\"width:100%;height:100%;position:absolute;left:0;top:0;z-index:10\">\n\t\t\t\t<div class=\"ead-loading-wrap\">\n\t\t\t\t\t<div class=\"ead-loading-main\">\n\t\t\t\t\t\t<div class=\"ead-loading\">\n\t\t\t\t\t\t\t<img loading=\"lazy\" decoding=\"async\" src=\"https:\/\/site.ac-martinique.fr\/histoire-geographie\/wp-content\/plugins\/embed-any-document\/images\/loading.svg\" width=\"55\" height=\"55\" alt=\"Chargeur\">\n\t\t\t\t\t\t\t<span>En cours de chargement&hellip;<\/span>\n\t\t\t\t\t\t<\/div>\n\t\t\t\t\t<\/div>\n\t\t\t\t\t<div class=\"ead-loading-foot\">\n\t\t\t\t\t\t<div class=\"ead-loading-foot-title\">\n\t\t\t\t\t\t\t<img loading=\"lazy\" decoding=\"async\" src=\"https:\/\/site.ac-martinique.fr\/histoire-geographie\/wp-content\/plugins\/embed-any-document\/images\/EAD-logo.svg\" alt=\"Logo EAD\" width=\"36\" height=\"23\"\/>\n\t\t\t\t\t\t\t<span>Cela prend trop de temps\u00a0?<\/span>\n\t\t\t\t\t\t<\/div>\n\t\t\t\t\t\t<p>\n\t\t\t\t\t\t\t<div class=\"ead-document-btn ead-reload-btn\" role=\"button\">\n\t\t\t\t\t\t\t\t<img loading=\"lazy\" decoding=\"async\" src=\"https:\/\/site.ac-martinique.fr\/histoire-geographie\/wp-content\/plugins\/embed-any-document\/images\/reload.svg\" alt=\"Recharger\" width=\"12\" height=\"12\"\/> Recharger le document\t\t\t\t\t\t\t<\/div>\n\t\t\t\t\t\t\t<span>|<\/span>\n\t\t\t\t\t\t\t<a href=\"https:\/\/site.ac-martinique.fr\/histoire-geographie\/wp-content\/uploads\/sites\/15\/2024\/03\/Nocturnes-de-lhistoire-2024.pdf\" class=\"ead-document-btn\" target=\"_blank\">\n\t\t\t\t\t\t\t\t<img loading=\"lazy\" decoding=\"async\" src=\"https:\/\/site.ac-martinique.fr\/histoire-geographie\/wp-content\/plugins\/embed-any-document\/images\/open.svg\" alt=\"Ouvert\" width=\"12\" height=\"12\"\/> Ouvrir dans un nouvel onglet\t\t\t\t\t\t\t<\/a>\n\t\t\t\t\t<\/div>\n\t\t\t\t<\/div>\n\t\t\t<\/div>\n\t\t<\/div><\/div><\/div>\n\n\n\n<div class=\"wp-block-column is-layout-flow wp-block-column-is-layout-flow\"><div class=\"wp-block-image\">\n<figure class=\"aligncenter size-full is-resized\"><a href=\"https:\/\/nocturnesdelhistoire.com\/manifestations-2024\/\" target=\"_blank\" rel=\"noreferrer noopener\"><img loading=\"lazy\" decoding=\"async\" width=\"497\" height=\"507\" src=\"https:\/\/site.ac-martinique.fr\/histoire-geographie\/wp-content\/uploads\/sites\/15\/2024\/03\/image.png\" alt=\"\" class=\"wp-image-6783\" style=\"width:129px;height:auto\" srcset=\"https:\/\/site.ac-martinique.fr\/histoire-geographie\/wp-content\/uploads\/sites\/15\/2024\/03\/image.png 497w, https:\/\/site.ac-martinique.fr\/histoire-geographie\/wp-content\/uploads\/sites\/15\/2024\/03\/image-294x300.png 294w\" sizes=\"auto, (max-width: 497px) 100vw, 497px\" \/><\/a><\/figure>\n<\/div><\/div>\n<\/div>\n","protected":false},"excerpt":{"rendered":"<p>Nocturnes de l&rsquo;Histoire 2024 Les Nocturnes de l&rsquo;Histoire, de quoi s&rsquo;agit-il? Initi\u00e9es par les quatre soci\u00e9t\u00e9s savantes fran\u00e7aises d\u2019enseignement sup\u00e9rieur et de recherche en histoire (SoPHAU, SHMESP, AHMUF, H2C), l&rsquo;objectif des Nocturnes de l&rsquo;Histoire est de promouvoir une diffusion large du savoir historique en valorisant des manifestations de qualit\u00e9 et en rendant accessibles les r\u00e9sultats de la recherche au public le plus large. le label Nocturnes de l\u2019Histoire est donn\u00e9 aux manifestations conformes \u00e0 l\u2019esprit du projet par leur int\u00e9r\u00eat p\u00e9dagogique et scientifique et respectant l\u2019\u00e9thique de la pratique historienne, conform\u00e9ment \u00e0 la Charte des Nocturnes de l\u2019Histoire. Comment s&rsquo;organisent-elles en 2024 ? L\u2019\u00e9dition 2024 a lieu le 27 mars, avec 88 manifestations dans une cinquantaine de villes de m\u00e9tropole et des Outre-mer, organis\u00e9es par des chercheurs, chercheuses et enseignant(e)s bien s\u00fbr, mais aussi des biblioth\u00e9caires, archivistes, conservateurs et conservatrices de mus\u00e9es, lyc\u00e9en(ne)s et coll\u00e9gien(ne)s, \u00e9tudiant(e)s, de la premi\u00e8re ann\u00e9e de licence au doctorat, docteur(e)s, professeur(e)s de l\u2019enseignement secondaire, documentalistes, membres d\u2019associations, etc. En Martinique ? Les&nbsp;martiniquais. es coupeurs de canne au V\u00e9n\u00e9zuela (1926-1927) Horaires: 16h30-20h Lieu&nbsp;: Domaine du Fonds Saint-Jacques, Habitation Distillerie Monastique du XVIIe&nbsp;sucrerie, 11 rue Pave. 97230 Sainte-Marie. Organisation&nbsp;: laboratoire AIHP-GEODE Cara\u00efbes UR6-1, Monique Milia-Marie-Luce (universit\u00e9 des Antilles), Collectivit\u00e9 territoriale de la Martinique Intervenants&nbsp;: Luc LERANDY (professeur retrait\u00e9 d\u2019histoire-g\u00e9ographie, pr\u00e9sident de l\u2019association B\u00e9lia), Monique MILIA-MARIE-LUCE (MCF histoire contemporaine, UA), Dinah NICOLAS (cheffe de service) Tout public, \u00e9tudiants La manifestation se d\u00e9roulera dans l\u2019ancienne habitation-sucrerie monastique du XVIIe si\u00e8cle du Fonds Saint-Jacques, dont une visite guid\u00e9e sera propos\u00e9e et dont la transformation en tant que centre culturel diffusant l\u2019histoire de la Cara\u00efbe et de la culture antillaise sera \u00e9voqu\u00e9e. Une conf\u00e9rence mettra en lumi\u00e8re un \u00e9v\u00e9nement m\u00e9connu : les recrutements de martiniquais. es&nbsp;en 1926-1927 pour couper la canne au V\u00e9n\u00e9zuela Programme&nbsp;: 16h30h00-18h00&nbsp;: Visite guid\u00e9e du domaine de Fonds Saint-Jacques par Dinah NICOLAS 18h00-19h00&nbsp;: Raconter l\u2019histoire du domaine \u00ab&nbsp;Le domaine de Fonds Saint-Jacques: de l\u2019habitation au centre de diffusion culturel&nbsp;\u00bb par Luc L\u00c9RANDY 19h00-20h00&nbsp;: Conf\u00e9rence li\u00e9e \u00e0 l\u2019histoire du sucre \u00ab Les martiniquais.es\u00a0coupeurs de canne au V\u00e9n\u00e9zuela (1926-1927)\u00a0\u00bb, conf\u00e9rence de Monique MILIA-MARIE-LUCE et \u00e9change avec le public Enfin, retrouvez ci-dessous le document de pr\u00e9sentation des Nocturnes de L&rsquo;Histoire ainsi que leur site internet.<\/p>\n","protected":false},"author":71,"featured_media":0,"comment_status":"closed","ping_status":"closed","sticky":false,"template":"","format":"standard","meta":{"footnotes":""},"categories":[164,113,64],"tags":[167,163,240,213,239],"class_list":["post-6782","post","type-post","status-publish","format-standard","hentry","category-actualites","category-adaptations","category-histoire","tag-actualites","tag-evenement","tag-histoire-locale","tag-martinique","tag-nocturnes-de-lhistoire"],"_links":{"self":[{"href":"https:\/\/site.ac-martinique.fr\/histoire-geographie\/index.php?rest_route=\/wp\/v2\/posts\/6782","targetHints":{"allow":["GET"]}}],"collection":[{"href":"https:\/\/site.ac-martinique.fr\/histoire-geographie\/index.php?rest_route=\/wp\/v2\/posts"}],"about":[{"href":"https:\/\/site.ac-martinique.fr\/histoire-geographie\/index.php?rest_route=\/wp\/v2\/types\/post"}],"author":[{"embeddable":true,"href":"https:\/\/site.ac-martinique.fr\/histoire-geographie\/index.php?rest_route=\/wp\/v2\/users\/71"}],"replies":[{"embeddable":true,"href":"https:\/\/site.ac-martinique.fr\/histoire-geographie\/index.php?rest_route=%2Fwp%2Fv2%2Fcomments&post=6782"}],"version-history":[{"count":3,"href":"https:\/\/site.ac-martinique.fr\/histoire-geographie\/index.php?rest_route=\/wp\/v2\/posts\/6782\/revisions"}],"predecessor-version":[{"id":6790,"href":"https:\/\/site.ac-martinique.fr\/histoire-geographie\/index.php?rest_route=\/wp\/v2\/posts\/6782\/revisions\/6790"}],"wp:attachment":[{"href":"https:\/\/site.ac-martinique.fr\/histoire-geographie\/index.php?rest_route=%2Fwp%2Fv2%2Fmedia&parent=6782"}],"wp:term":[{"taxonomy":"category","embeddable":true,"href":"https:\/\/site.ac-martinique.fr\/histoire-geographie\/index.php?rest_route=%2Fwp%2Fv2%2Fcategories&post=6782"},{"taxonomy":"post_tag","embeddable":true,"href":"https:\/\/site.ac-martinique.fr\/histoire-geographie\/index.php?rest_route=%2Fwp%2Fv2%2Ftags&post=6782"}],"curies":[{"name":"wp","href":"https:\/\/api.w.org\/{rel}","templated":true}]}}