{"id":7098,"date":"2024-11-28T17:23:03","date_gmt":"2024-11-28T21:23:03","guid":{"rendered":"https:\/\/site.ac-martinique.fr\/histoire-geographie\/?p=7098"},"modified":"2024-11-28T17:42:08","modified_gmt":"2024-11-28T21:42:08","slug":"colloque-biodiversite-dec-2024","status":"publish","type":"post","link":"https:\/\/site.ac-martinique.fr\/histoire-geographie\/?p=7098","title":{"rendered":"Colloque Biodiversit\u00e9 d\u00e9c 2024"},"content":{"rendered":"\n<figure class=\"wp-block-pullquote\"><blockquote><p>Iles tropicales &amp; Biodiversit\u00e9s<br>colloque pluridisciplinaire<\/p><cite>du 9 au 13 d\u00e9cembre 2024<\/cite><\/blockquote><\/figure>\n\n\n\n<div class=\"wp-block-columns is-layout-flex wp-container-core-columns-is-layout-d0b3c9c8 wp-block-columns-is-layout-flex\">\n<div class=\"wp-block-column is-layout-flow wp-block-column-is-layout-flow\">\n<figure class=\"wp-block-image size-large\"><a href=\"https:\/\/site.ac-martinique.fr\/histoire-geographie\/wp-content\/uploads\/sites\/15\/2024\/11\/image003.jpg\"><img loading=\"lazy\" decoding=\"async\" width=\"724\" height=\"1024\" src=\"https:\/\/site.ac-martinique.fr\/histoire-geographie\/wp-content\/uploads\/sites\/15\/2024\/11\/image003-724x1024.jpg\" alt=\"\" class=\"wp-image-7101\" srcset=\"https:\/\/site.ac-martinique.fr\/histoire-geographie\/wp-content\/uploads\/sites\/15\/2024\/11\/image003-724x1024.jpg 724w, https:\/\/site.ac-martinique.fr\/histoire-geographie\/wp-content\/uploads\/sites\/15\/2024\/11\/image003-212x300.jpg 212w, https:\/\/site.ac-martinique.fr\/histoire-geographie\/wp-content\/uploads\/sites\/15\/2024\/11\/image003-768x1086.jpg 768w, https:\/\/site.ac-martinique.fr\/histoire-geographie\/wp-content\/uploads\/sites\/15\/2024\/11\/image003.jpg 981w\" sizes=\"auto, (max-width: 724px) 100vw, 724px\" \/><\/a><\/figure>\n<\/div>\n\n\n\n<div class=\"wp-block-column is-layout-flow wp-block-column-is-layout-flow\">\n<figure class=\"wp-block-image size-large\"><a href=\"https:\/\/site.ac-martinique.fr\/histoire-geographie\/wp-content\/uploads\/sites\/15\/2024\/11\/Poster-Colloque-2024_241115_090304.jpg\"><img loading=\"lazy\" decoding=\"async\" width=\"724\" height=\"1024\" src=\"https:\/\/site.ac-martinique.fr\/histoire-geographie\/wp-content\/uploads\/sites\/15\/2024\/11\/Poster-Colloque-2024_241115_090304-724x1024.jpg\" alt=\"\" class=\"wp-image-7097\" srcset=\"https:\/\/site.ac-martinique.fr\/histoire-geographie\/wp-content\/uploads\/sites\/15\/2024\/11\/Poster-Colloque-2024_241115_090304-724x1024.jpg 724w, https:\/\/site.ac-martinique.fr\/histoire-geographie\/wp-content\/uploads\/sites\/15\/2024\/11\/Poster-Colloque-2024_241115_090304-212x300.jpg 212w, https:\/\/site.ac-martinique.fr\/histoire-geographie\/wp-content\/uploads\/sites\/15\/2024\/11\/Poster-Colloque-2024_241115_090304-768x1086.jpg 768w, https:\/\/site.ac-martinique.fr\/histoire-geographie\/wp-content\/uploads\/sites\/15\/2024\/11\/Poster-Colloque-2024_241115_090304.jpg 1080w\" sizes=\"auto, (max-width: 724px) 100vw, 724px\" \/><\/a><\/figure>\n<\/div>\n<\/div>\n\n\n\n<p>Cet \u00e9v\u00e9nement, ouvert au grand public, r\u00e9unira des experts issus de diverses disciplines : chercheurs naturalistes, biog\u00e9ographes, g\u00e9ographes, botanistes, \u00e9cologues, ethnobiologistes, ethnobotanistes, sociologues, anthropologues, juristes, ainsi que sp\u00e9cialistes de l&rsquo;am\u00e9nagement et du tourisme. Ils seront accompagn\u00e9s de professionnels du secteur touristique, de la gestion des milieux naturels et de l\u2019ing\u00e9nierie environnementale.<\/p>\n\n\n\n<p>Les discussions porteront sur de nombreux th\u00e8mes, notamment :<\/p>\n\n\n\n<ul class=\"wp-block-list\">\n<li><strong>Les aspects floristiques, faunistiques et bioc\u00e9notiques<\/strong><\/li>\n\n\n\n<li><strong>La valorisation des ressources \u00e9cosyst\u00e9miques<\/strong><br>Les sp\u00e9cialistes des sciences humaines apporteront une perspective unique sur&nbsp;<strong>les perceptions et repr\u00e9sentations des diff\u00e9rentes modalit\u00e9s de la Biodiversit\u00e9<\/strong>.<\/li>\n<\/ul>\n\n\n\n<p>L&rsquo;objectif de ce colloque est d&rsquo;explorer la dimension biophysique de nos territoires insulaires, leurs processus d\u2019humanisation et l&rsquo;impact de ces derniers sur nos soci\u00e9t\u00e9s, le tout dans une perspective de d\u00e9veloppement durable et ma\u00eetris\u00e9.<\/p>\n\n\n\n<p>Nous esp\u00e9rons vous compter nombreux parmi nous pour cet \u00e9v\u00e9nement riche en \u00e9changes et r\u00e9flexions.<\/p>\n\n\n\n<p><strong>Contact&nbsp;:&nbsp;<a href=\"mailto:joseph.phil@wanadoo.fr\">joseph.phil@wanadoo.fr<\/a><\/strong><\/p>\n\n\n\n<p>Vous pouvez retrouver le programme ci-dessous  <a href=\"https:\/\/www.calameo.com\/books\/0056186675ce04c572851\" target=\"_blank\" rel=\"noreferrer noopener\">en cliquant ici <\/a> ou : <\/p>\n\n\n<div style=\"text-align:center;\">\n<div style=\"margin:8px 0px 4px;\"><a href=\"https:\/\/www.calameo.com\/books\/0056186675ce04c572851\" target=\"_blank\">Programme Colloque Iles et Biodiversit\u00e9 9 au 13 Martin 241115 090403<\/a><\/div>\n<p><iframe loading=\"lazy\" src=\"\/\/v.calameo.com\/?bkcode=0056186675ce04c572851\" width=\"300\" height=\"194\" frameborder=\"0\" scrolling=\"no\" allowtransparency allowfullscreen style=\"margin:0 auto;\"><\/iframe><\/p>\n<div style=\"margin:4px 0px 8px;\"><a href=\"http:\/\/www.calameo.com\/\">Publish at Calameo<\/a><\/div>\n<\/div>\n\n\n\n<p><\/p>\n","protected":false},"excerpt":{"rendered":"<p>Iles tropicales &amp; Biodiversit\u00e9scolloque pluridisciplinaire du 9 au 13 d\u00e9cembre 2024 Cet \u00e9v\u00e9nement, ouvert au grand public, r\u00e9unira des experts issus de diverses disciplines : chercheurs naturalistes, biog\u00e9ographes, g\u00e9ographes, botanistes, \u00e9cologues, ethnobiologistes, ethnobotanistes, sociologues, anthropologues, juristes, ainsi que sp\u00e9cialistes de l&rsquo;am\u00e9nagement et du tourisme. Ils seront accompagn\u00e9s de professionnels du secteur touristique, de la gestion des milieux naturels et de l\u2019ing\u00e9nierie environnementale. Les discussions porteront sur de nombreux th\u00e8mes, notamment : L&rsquo;objectif de ce colloque est d&rsquo;explorer la dimension biophysique de nos territoires insulaires, leurs processus d\u2019humanisation et l&rsquo;impact de ces derniers sur nos soci\u00e9t\u00e9s, le tout dans une perspective de d\u00e9veloppement durable et ma\u00eetris\u00e9. Nous esp\u00e9rons vous compter nombreux parmi nous pour cet \u00e9v\u00e9nement riche en \u00e9changes et r\u00e9flexions. Contact&nbsp;:&nbsp;joseph.phil@wanadoo.fr Vous pouvez retrouver le programme ci-dessous en cliquant ici ou :<\/p>\n","protected":false},"author":71,"featured_media":0,"comment_status":"closed","ping_status":"closed","sticky":false,"template":"","format":"standard","meta":{"footnotes":""},"categories":[1],"tags":[],"class_list":["post-7098","post","type-post","status-publish","format-standard","hentry","category-non-classe"],"_links":{"self":[{"href":"https:\/\/site.ac-martinique.fr\/histoire-geographie\/index.php?rest_route=\/wp\/v2\/posts\/7098","targetHints":{"allow":["GET"]}}],"collection":[{"href":"https:\/\/site.ac-martinique.fr\/histoire-geographie\/index.php?rest_route=\/wp\/v2\/posts"}],"about":[{"href":"https:\/\/site.ac-martinique.fr\/histoire-geographie\/index.php?rest_route=\/wp\/v2\/types\/post"}],"author":[{"embeddable":true,"href":"https:\/\/site.ac-martinique.fr\/histoire-geographie\/index.php?rest_route=\/wp\/v2\/users\/71"}],"replies":[{"embeddable":true,"href":"https:\/\/site.ac-martinique.fr\/histoire-geographie\/index.php?rest_route=%2Fwp%2Fv2%2Fcomments&post=7098"}],"version-history":[{"count":2,"href":"https:\/\/site.ac-martinique.fr\/histoire-geographie\/index.php?rest_route=\/wp\/v2\/posts\/7098\/revisions"}],"predecessor-version":[{"id":7102,"href":"https:\/\/site.ac-martinique.fr\/histoire-geographie\/index.php?rest_route=\/wp\/v2\/posts\/7098\/revisions\/7102"}],"wp:attachment":[{"href":"https:\/\/site.ac-martinique.fr\/histoire-geographie\/index.php?rest_route=%2Fwp%2Fv2%2Fmedia&parent=7098"}],"wp:term":[{"taxonomy":"category","embeddable":true,"href":"https:\/\/site.ac-martinique.fr\/histoire-geographie\/index.php?rest_route=%2Fwp%2Fv2%2Fcategories&post=7098"},{"taxonomy":"post_tag","embeddable":true,"href":"https:\/\/site.ac-martinique.fr\/histoire-geographie\/index.php?rest_route=%2Fwp%2Fv2%2Ftags&post=7098"}],"curies":[{"name":"wp","href":"https:\/\/api.w.org\/{rel}","templated":true}]}}