{"id":38709,"date":"2025-07-09T12:41:32","date_gmt":"2025-07-09T16:41:32","guid":{"rendered":"https:\/\/site.ac-martinique.fr\/?p=38709"},"modified":"2025-10-28T13:46:52","modified_gmt":"2025-10-28T17:46:52","slug":"actualite-des-sites-disciplinaires-de-lacademie-de-martinique","status":"publish","type":"post","link":"https:\/\/site.ac-martinique.fr\/?p=38709","title":{"rendered":"Actualit\u00e9 des sites disciplinaires de l\u2019acad\u00e9mie de Martinique"},"content":{"rendered":"<div class=\"wpra-display align\" data-display-id=\"6\" hx-target=\"this\" hx-swap=\"outerHTML\">    <div class=\"wp-rss-aggregator wpra-list-template \">\n        <ul class=\"rss-aggregator wpra-item-list wpra-item-list--bullets wpra-item-list--default\" start=\"1\">\n                <li class=\"wpra-item feed-item \">\n        <a href=\"https:\/\/site.ac-martinique.fr\/casf\/?p=186\" class=\"\" target=\"_blank\" rel=\"noopener noreferrer nofollow\" style=\"\"><\/a>\n\n        <div class=\"wprss-feed-meta\">\n                <span class=\"feed-source\">\n        Source:  <a href=\"https:\/\/site.ac-martinique.fr\/casf\/?feed-rss2\" class=\"\" target=\"_blank\" rel=\"noopener noreferrer nofollow\" style=\"\">Savoirs fondamentaux<\/a>\n    <\/span>\n                <span class=\"feed-date\">\n        Date:  2025-11-20\n    <\/span>\n            <span class=\"feed-author\">By Christophe SMIERZCHALSKI<\/span>\n        <\/div>\n\n        \n    <\/li>    <li class=\"wpra-item feed-item \">\n        <a href=\"https:\/\/site.ac-martinique.fr\/anglais\/?p=4037\" class=\"\" target=\"_blank\" rel=\"noopener noreferrer nofollow\" style=\"\">D\u00e9bats citoyens en langue anglaise Ann\u00e9e 2025 -2026<\/a>\n\n        <div class=\"wprss-feed-meta\">\n                <span class=\"feed-source\">\n        Source:  <a href=\"https:\/\/site.ac-martinique.fr\/anglais\/?feed=rss2\" class=\"\" target=\"_blank\" rel=\"noopener noreferrer nofollow\" style=\"\">Anglais<\/a>\n    <\/span>\n                <span class=\"feed-date\">\n        Date:  2025-11-19\n    <\/span>\n            <span class=\"feed-author\">By Webmestre<\/span>\n        <\/div>\n\n        \n    <\/li>    <li class=\"wpra-item feed-item \">\n        <a href=\"https:\/\/site.ac-martinique.fr\/bss\/?p=4588\" class=\"\" target=\"_blank\" rel=\"noopener noreferrer nofollow\" style=\"\">ESS en Martinique : chiffres cl\u00e9s et associations engag\u00e9es pour la culture, le social et l\u2019inclusion<\/a>\n\n        <div class=\"wprss-feed-meta\">\n                <span class=\"feed-source\">\n        Source:  <a href=\"https:\/\/site.ac-martinique.fr\/bss\/?feed=rss2\" class=\"\" target=\"_blank\" rel=\"noopener noreferrer nofollow\" style=\"\">BSS<\/a>\n    <\/span>\n                <span class=\"feed-date\">\n        Date:  2025-11-14\n    <\/span>\n            <span class=\"feed-author\">By Brigitte BRELIERE<\/span>\n        <\/div>\n\n        \n    <\/li>    <li class=\"wpra-item feed-item \">\n        <a href=\"https:\/\/site.ac-martinique.fr\/bss\/?p=4586\" class=\"\" target=\"_blank\" rel=\"noopener noreferrer nofollow\" style=\"\">Le Mois de l\u2019ESS : qu\u2019est-ce que c\u2019est ?<\/a>\n\n        <div class=\"wprss-feed-meta\">\n                <span class=\"feed-source\">\n        Source:  <a href=\"https:\/\/site.ac-martinique.fr\/bss\/?feed=rss2\" class=\"\" target=\"_blank\" rel=\"noopener noreferrer nofollow\" style=\"\">BSS<\/a>\n    <\/span>\n                <span class=\"feed-date\">\n        Date:  2025-11-14\n    <\/span>\n            <span class=\"feed-author\">By Brigitte BRELIERE<\/span>\n        <\/div>\n\n        \n    <\/li>    <li class=\"wpra-item feed-item \">\n        <a href=\"https:\/\/site.ac-martinique.fr\/bss\/?p=4583\" class=\"\" target=\"_blank\" rel=\"noopener noreferrer nofollow\" style=\"\">Semaine de l\u2019ESS : une 10\u1d49 \u00e9dition tourn\u00e9e vers l\u2019engagement citoyen<\/a>\n\n        <div class=\"wprss-feed-meta\">\n                <span class=\"feed-source\">\n        Source:  <a href=\"https:\/\/site.ac-martinique.fr\/bss\/?feed=rss2\" class=\"\" target=\"_blank\" rel=\"noopener noreferrer nofollow\" style=\"\">BSS<\/a>\n    <\/span>\n                <span class=\"feed-date\">\n        Date:  2025-11-14\n    <\/span>\n            <span class=\"feed-author\">By Brigitte BRELIERE<\/span>\n        <\/div>\n\n        \n    <\/li>    <li class=\"wpra-item feed-item \">\n        <a href=\"https:\/\/site.ac-martinique.fr\/maths-sciences\/?p=2300\" class=\"\" target=\"_blank\" rel=\"noopener noreferrer nofollow\" style=\"\">\u00c9nigme du jour 5<\/a>\n\n        <div class=\"wprss-feed-meta\">\n                <span class=\"feed-source\">\n        Source:  <a href=\"https:\/\/site.ac-martinique.fr\/maths-sciences\/?feed=rss2\" class=\"\" target=\"_blank\" rel=\"noopener noreferrer nofollow\" style=\"\">Maths Sciences<\/a>\n    <\/span>\n                <span class=\"feed-date\">\n        Date:  2025-11-14\n    <\/span>\n            <span class=\"feed-author\">By Julien ARROUS<\/span>\n        <\/div>\n\n        \n    <\/li>    <li class=\"wpra-item feed-item \">\n        <a href=\"https:\/\/site.ac-martinique.fr\/espagnol\/?p=3503\" class=\"\" target=\"_blank\" rel=\"noopener noreferrer nofollow\" style=\"\">Webinaire sur les \u00e9preuves du CAPES L3 avec le directoire du jury<\/a>\n\n        <div class=\"wprss-feed-meta\">\n                <span class=\"feed-source\">\n        Source:  <a href=\"https:\/\/site.ac-martinique.fr\/espagnol\/?feed=rss2\" class=\"\" target=\"_blank\" rel=\"noopener noreferrer nofollow\" style=\"\">Espagnol<\/a>\n    <\/span>\n                <span class=\"feed-date\">\n        Date:  2025-11-13\n    <\/span>\n            <span class=\"feed-author\">By webmestre<\/span>\n        <\/div>\n\n        \n    <\/li>    <li class=\"wpra-item feed-item \">\n        <a href=\"https:\/\/site.ac-martinique.fr\/maths-sciences\/?p=2298\" class=\"\" target=\"_blank\" rel=\"noopener noreferrer nofollow\" style=\"\">\u00c9nigme du jour 4<\/a>\n\n        <div class=\"wprss-feed-meta\">\n                <span class=\"feed-source\">\n        Source:  <a href=\"https:\/\/site.ac-martinique.fr\/maths-sciences\/?feed=rss2\" class=\"\" target=\"_blank\" rel=\"noopener noreferrer nofollow\" style=\"\">Maths Sciences<\/a>\n    <\/span>\n                <span class=\"feed-date\">\n        Date:  2025-11-12\n    <\/span>\n            <span class=\"feed-author\">By Julien ARROUS<\/span>\n        <\/div>\n\n        \n    <\/li>    <li class=\"wpra-item feed-item \">\n        <a href=\"https:\/\/site.ac-martinique.fr\/bss\/?p=4595\" class=\"\" target=\"_blank\" rel=\"noopener noreferrer nofollow\" style=\"\">Prot\u00e9g\u00e9\u00a0: Sujet BTS ESF Session 2025 \u2013 \u00c9preuve E2 \u2013 Nouvelle Cal\u00e9donie<\/a>\n\n        <div class=\"wprss-feed-meta\">\n                <span class=\"feed-source\">\n        Source:  <a href=\"https:\/\/site.ac-martinique.fr\/bss\/?feed=rss2\" class=\"\" target=\"_blank\" rel=\"noopener noreferrer nofollow\" style=\"\">BSS<\/a>\n    <\/span>\n                <span class=\"feed-date\">\n        Date:  2025-11-12\n    <\/span>\n            <span class=\"feed-author\">By Brigitte BRELIERE<\/span>\n        <\/div>\n\n        \n    <\/li>    <li class=\"wpra-item feed-item \">\n        <a href=\"https:\/\/site.ac-martinique.fr\/bss\/?p=4592\" class=\"\" target=\"_blank\" rel=\"noopener noreferrer nofollow\" style=\"\">Prot\u00e9g\u00e9\u00a0: Sujet BTS ESF Session 2025 \u2013 \u00c9preuve E5\u2013 Nouvelle Cal\u00e9donie<\/a>\n\n        <div class=\"wprss-feed-meta\">\n                <span class=\"feed-source\">\n        Source:  <a href=\"https:\/\/site.ac-martinique.fr\/bss\/?feed=rss2\" class=\"\" target=\"_blank\" rel=\"noopener noreferrer nofollow\" style=\"\">BSS<\/a>\n    <\/span>\n                <span class=\"feed-date\">\n        Date:  2025-11-12\n    <\/span>\n            <span class=\"feed-author\">By Brigitte BRELIERE<\/span>\n        <\/div>\n\n        \n    <\/li>    <li class=\"wpra-item feed-item \">\n        <a href=\"https:\/\/site.ac-martinique.fr\/lettres-histoire\/?p=3627\" class=\"\" target=\"_blank\" rel=\"noopener noreferrer nofollow\" style=\"\">Concours de l\u2019AMOPA<\/a>\n\n        <div class=\"wprss-feed-meta\">\n                <span class=\"feed-source\">\n        Source:  <a href=\"https:\/\/site.ac-martinique.fr\/lettres-histoire\/?feed=rss2\" class=\"\" target=\"_blank\" rel=\"noopener noreferrer nofollow\" style=\"\">Lettres Histoire<\/a>\n    <\/span>\n                <span class=\"feed-date\">\n        Date:  2025-11-12\n    <\/span>\n            <span class=\"feed-author\">By Sylvie REGINA<\/span>\n        <\/div>\n\n        \n    <\/li>    <li class=\"wpra-item feed-item \">\n        <a href=\"https:\/\/site.ac-martinique.fr\/maths-sciences\/?p=2296\" class=\"\" target=\"_blank\" rel=\"noopener noreferrer nofollow\" style=\"\">\u00c9nigme du jour 3<\/a>\n\n        <div class=\"wprss-feed-meta\">\n                <span class=\"feed-source\">\n        Source:  <a href=\"https:\/\/site.ac-martinique.fr\/maths-sciences\/?feed=rss2\" class=\"\" target=\"_blank\" rel=\"noopener noreferrer nofollow\" style=\"\">Maths Sciences<\/a>\n    <\/span>\n                <span class=\"feed-date\">\n        Date:  2025-11-11\n    <\/span>\n            <span class=\"feed-author\">By Julien ARROUS<\/span>\n        <\/div>\n\n        \n    <\/li>    <li class=\"wpra-item feed-item \">\n        <a href=\"https:\/\/site.ac-martinique.fr\/maths-sciences\/?p=2293\" class=\"\" target=\"_blank\" rel=\"noopener noreferrer nofollow\" style=\"\">\u00c9nigme du jour 2<\/a>\n\n        <div class=\"wprss-feed-meta\">\n                <span class=\"feed-source\">\n        Source:  <a href=\"https:\/\/site.ac-martinique.fr\/maths-sciences\/?feed=rss2\" class=\"\" target=\"_blank\" rel=\"noopener noreferrer nofollow\" style=\"\">Maths Sciences<\/a>\n    <\/span>\n                <span class=\"feed-date\">\n        Date:  2025-11-10\n    <\/span>\n            <span class=\"feed-author\">By Julien ARROUS<\/span>\n        <\/div>\n\n        \n    <\/li>    <li class=\"wpra-item feed-item \">\n        <a href=\"https:\/\/site.ac-martinique.fr\/maths-sciences\/?p=2283\" class=\"\" target=\"_blank\" rel=\"noopener noreferrer nofollow\" style=\"\">\u00c9nigmes du jour 1<\/a>\n\n        <div class=\"wprss-feed-meta\">\n                <span class=\"feed-source\">\n        Source:  <a href=\"https:\/\/site.ac-martinique.fr\/maths-sciences\/?feed=rss2\" class=\"\" target=\"_blank\" rel=\"noopener noreferrer nofollow\" style=\"\">Maths Sciences<\/a>\n    <\/span>\n                <span class=\"feed-date\">\n        Date:  2025-11-10\n    <\/span>\n            <span class=\"feed-author\">By Julien ARROUS<\/span>\n        <\/div>\n\n        \n    <\/li>    <li class=\"wpra-item feed-item \">\n        <a href=\"https:\/\/site.ac-martinique.fr\/sbssa\/lettre-de-rentree-2025\/\" class=\"\" target=\"_blank\" rel=\"noopener noreferrer nofollow\" style=\"\">Prot\u00e9g\u00e9\u00a0: LETTRE DE RENTR\u00c9E 2025<\/a>\n\n        <div class=\"wprss-feed-meta\">\n                <span class=\"feed-source\">\n        Source:  <a href=\"https:\/\/site.ac-martinique.fr\/sbssa\/?feed=rss2\" class=\"\" target=\"_blank\" rel=\"noopener noreferrer nofollow\" style=\"\">SBSSA<\/a>\n    <\/span>\n                <span class=\"feed-date\">\n        Date:  2025-11-09\n    <\/span>\n            <span class=\"feed-author\">By Yonna FORGARD<\/span>\n        <\/div>\n\n        \n    <\/li>    <li class=\"wpra-item feed-item \">\n        <a href=\"https:\/\/site.ac-martinique.fr\/bss\/?p=4576\" class=\"\" target=\"_blank\" rel=\"noopener noreferrer nofollow\" style=\"\">Prot\u00e9g\u00e9\u00a0: Sujet BTS SP3S Session 2025 \u2013 \u00c9preuve U3 \u2013 Nouvelle Cal\u00e9donie<\/a>\n\n        <div class=\"wprss-feed-meta\">\n                <span class=\"feed-source\">\n        Source:  <a href=\"https:\/\/site.ac-martinique.fr\/bss\/?feed=rss2\" class=\"\" target=\"_blank\" rel=\"noopener noreferrer nofollow\" style=\"\">BSS<\/a>\n    <\/span>\n                <span class=\"feed-date\">\n        Date:  2025-11-05\n    <\/span>\n            <span class=\"feed-author\">By Brigitte BRELIERE<\/span>\n        <\/div>\n\n        \n    <\/li>    <li class=\"wpra-item feed-item \">\n        <a href=\"https:\/\/site.ac-martinique.fr\/bss\/?p=4572\" class=\"\" target=\"_blank\" rel=\"noopener noreferrer nofollow\" style=\"\">Prot\u00e9g\u00e9\u00a0: Sujet BTS SP3S Session 2025 \u2013 \u00c9preuve U4 \u2013 Nouvelle Cal\u00e9donie<\/a>\n\n        <div class=\"wprss-feed-meta\">\n                <span class=\"feed-source\">\n        Source:  <a href=\"https:\/\/site.ac-martinique.fr\/bss\/?feed=rss2\" class=\"\" target=\"_blank\" rel=\"noopener noreferrer nofollow\" style=\"\">BSS<\/a>\n    <\/span>\n                <span class=\"feed-date\">\n        Date:  2025-11-05\n    <\/span>\n            <span class=\"feed-author\">By Brigitte BRELIERE<\/span>\n        <\/div>\n\n        \n    <\/li>    <li class=\"wpra-item feed-item \">\n        <a href=\"https:\/\/site.ac-martinique.fr\/bss\/?p=4570\" class=\"\" target=\"_blank\" rel=\"noopener noreferrer nofollow\" style=\"\">Concours g\u00e9n\u00e9ral des lyc\u00e9es \u2013 Session 2026<\/a>\n\n        <div class=\"wprss-feed-meta\">\n                <span class=\"feed-source\">\n        Source:  <a href=\"https:\/\/site.ac-martinique.fr\/bss\/?feed=rss2\" class=\"\" target=\"_blank\" rel=\"noopener noreferrer nofollow\" style=\"\">BSS<\/a>\n    <\/span>\n                <span class=\"feed-date\">\n        Date:  2025-10-23\n    <\/span>\n            <span class=\"feed-author\">By Brigitte BRELIERE<\/span>\n        <\/div>\n\n        \n    <\/li>    <li class=\"wpra-item feed-item \">\n        <a href=\"https:\/\/site.ac-martinique.fr\/bss\/?p=4567\" class=\"\" target=\"_blank\" rel=\"noopener noreferrer nofollow\" style=\"\">Parcoursup 2026 : Le calendrier est en ligne<\/a>\n\n        <div class=\"wprss-feed-meta\">\n                <span class=\"feed-source\">\n        Source:  <a href=\"https:\/\/site.ac-martinique.fr\/bss\/?feed=rss2\" class=\"\" target=\"_blank\" rel=\"noopener noreferrer nofollow\" style=\"\">BSS<\/a>\n    <\/span>\n                <span class=\"feed-date\">\n        Date:  2025-10-23\n    <\/span>\n            <span class=\"feed-author\">By Brigitte BRELIERE<\/span>\n        <\/div>\n\n        \n    <\/li>    <li class=\"wpra-item feed-item \">\n        <a href=\"https:\/\/site.ac-martinique.fr\/anglais\/?p=4028\" class=\"\" target=\"_blank\" rel=\"noopener noreferrer nofollow\" style=\"\">Concours \u00ab Ministre junior du tourisme \u00bb 2025-2026<\/a>\n\n        <div class=\"wprss-feed-meta\">\n                <span class=\"feed-source\">\n        Source:  <a href=\"https:\/\/site.ac-martinique.fr\/anglais\/?feed=rss2\" class=\"\" target=\"_blank\" rel=\"noopener noreferrer nofollow\" style=\"\">Anglais<\/a>\n    <\/span>\n                <span class=\"feed-date\">\n        Date:  2025-10-13\n    <\/span>\n            <span class=\"feed-author\">By Webmestre<\/span>\n        <\/div>\n\n        \n    <\/li>    <li class=\"wpra-item feed-item \">\n        <a href=\"https:\/\/site.ac-martinique.fr\/espagnol\/?p=3500\" class=\"\" target=\"_blank\" rel=\"noopener noreferrer nofollow\" style=\"\">Autonomiser les apprenant\u00b7es de langues<\/a>\n\n        <div class=\"wprss-feed-meta\">\n                <span class=\"feed-source\">\n        Source:  <a href=\"https:\/\/site.ac-martinique.fr\/espagnol\/?feed=rss2\" class=\"\" target=\"_blank\" rel=\"noopener noreferrer nofollow\" style=\"\">Espagnol<\/a>\n    <\/span>\n                <span class=\"feed-date\">\n        Date:  2025-10-12\n    <\/span>\n            <span class=\"feed-author\">By webmestre<\/span>\n        <\/div>\n\n        \n    <\/li>    <li class=\"wpra-item feed-item \">\n        <a href=\"https:\/\/site.ac-martinique.fr\/espagnol\/?p=3497\" class=\"\" target=\"_blank\" rel=\"noopener noreferrer nofollow\" style=\"\">Inscription aux concours Niveau Bac+3<\/a>\n\n        <div class=\"wprss-feed-meta\">\n                <span class=\"feed-source\">\n        Source:  <a href=\"https:\/\/site.ac-martinique.fr\/espagnol\/?feed=rss2\" class=\"\" target=\"_blank\" rel=\"noopener noreferrer nofollow\" style=\"\">Espagnol<\/a>\n    <\/span>\n                <span class=\"feed-date\">\n        Date:  2025-10-12\n    <\/span>\n            <span class=\"feed-author\">By webmestre<\/span>\n        <\/div>\n\n        \n    <\/li>    <li class=\"wpra-item feed-item \">\n        <a href=\"https:\/\/site.ac-martinique.fr\/espagnol\/?p=3489\" class=\"\" target=\"_blank\" rel=\"noopener noreferrer nofollow\" style=\"\">Calendrier 2026 des examens<\/a>\n\n        <div class=\"wprss-feed-meta\">\n                <span class=\"feed-source\">\n        Source:  <a href=\"https:\/\/site.ac-martinique.fr\/espagnol\/?feed=rss2\" class=\"\" target=\"_blank\" rel=\"noopener noreferrer nofollow\" style=\"\">Espagnol<\/a>\n    <\/span>\n                <span class=\"feed-date\">\n        Date:  2025-10-12\n    <\/span>\n            <span class=\"feed-author\">By webmestre<\/span>\n        <\/div>\n\n        \n    <\/li>    <li class=\"wpra-item feed-item \">\n        <a href=\"https:\/\/site.ac-martinique.fr\/physique-chimie\/?p=8198\" class=\"\" target=\"_blank\" rel=\"noopener noreferrer nofollow\" style=\"\">Plan acad\u00e9mique de formation 2025-2026<\/a>\n\n        <div class=\"wprss-feed-meta\">\n                <span class=\"feed-source\">\n        Source:  <a href=\"https:\/\/site.ac-martinique.fr\/physique-chimie\/?feed=rss2\" class=\"\" target=\"_blank\" rel=\"noopener noreferrer nofollow\" style=\"\">Physique Chimie<\/a>\n    <\/span>\n                <span class=\"feed-date\">\n        Date:  2025-10-12\n    <\/span>\n            <span class=\"feed-author\">By Dimitri ODONNAT<\/span>\n        <\/div>\n\n        \n    <\/li>    <li class=\"wpra-item feed-item \">\n        <a href=\"https:\/\/site.ac-martinique.fr\/sciences-economiques\/?p=1813\" class=\"\" target=\"_blank\" rel=\"noopener noreferrer nofollow\" style=\"\">Les principaux concours et prix ouverts aux \u00e9l\u00e8ves de la sp\u00e9cialit\u00e9 SES<\/a>\n\n        <div class=\"wprss-feed-meta\">\n                <span class=\"feed-source\">\n        Source:  <a href=\"https:\/\/site.ac-martinique.fr\/sciences-economiques\/?feed=rss2\" class=\"\" target=\"_blank\" rel=\"noopener noreferrer nofollow\" style=\"\">Sciences Economiques<\/a>\n    <\/span>\n                <span class=\"feed-date\">\n        Date:  2025-10-09\n    <\/span>\n            <span class=\"feed-author\">By Sandra Gaby RENE-CORAIL<\/span>\n        <\/div>\n\n        \n    <\/li>    <li class=\"wpra-item feed-item \">\n        <a href=\"https:\/\/site.ac-martinique.fr\/svt\/?p=6150\" class=\"\" target=\"_blank\" rel=\"noopener noreferrer nofollow\" style=\"\">Projet d\u2019\u00e9valuation au lyc\u00e9e g\u00e9n\u00e9ral et technologique : Nouveaut\u00e9 2025<\/a>\n\n        <div class=\"wprss-feed-meta\">\n                <span class=\"feed-source\">\n        Source:  <a href=\"https:\/\/site.ac-martinique.fr\/svt\/?feed=rss2\" class=\"\" target=\"_blank\" rel=\"noopener noreferrer nofollow\" style=\"\">SVT<\/a>\n    <\/span>\n                <span class=\"feed-date\">\n        Date:  2025-10-03\n    <\/span>\n            <span class=\"feed-author\">By Gwladys FORDANT<\/span>\n        <\/div>\n\n        \n    <\/li>    <li class=\"wpra-item feed-item \">\n        <a href=\"https:\/\/site.ac-martinique.fr\/svt\/?p=6160\" class=\"\" target=\"_blank\" rel=\"noopener noreferrer nofollow\" style=\"\">Mise en \u0153uvre de l\u2019EVARS<\/a>\n\n        <div class=\"wprss-feed-meta\">\n                <span class=\"feed-source\">\n        Source:  <a href=\"https:\/\/site.ac-martinique.fr\/svt\/?feed=rss2\" class=\"\" target=\"_blank\" rel=\"noopener noreferrer nofollow\" style=\"\">SVT<\/a>\n    <\/span>\n                <span class=\"feed-date\">\n        Date:  2025-10-03\n    <\/span>\n            <span class=\"feed-author\">By Gwladys FORDANT<\/span>\n        <\/div>\n\n        \n    <\/li>    <li class=\"wpra-item feed-item \">\n        <a href=\"https:\/\/site.ac-martinique.fr\/svt\/?p=6155\" class=\"\" target=\"_blank\" rel=\"noopener noreferrer nofollow\" style=\"\">Dipl\u00f4me National du Brevet : De nouvelles modalit\u00e9s d\u2019attribution<\/a>\n\n        <div class=\"wprss-feed-meta\">\n                <span class=\"feed-source\">\n        Source:  <a href=\"https:\/\/site.ac-martinique.fr\/svt\/?feed=rss2\" class=\"\" target=\"_blank\" rel=\"noopener noreferrer nofollow\" style=\"\">SVT<\/a>\n    <\/span>\n                <span class=\"feed-date\">\n        Date:  2025-10-03\n    <\/span>\n            <span class=\"feed-author\">By Gwladys FORDANT<\/span>\n        <\/div>\n\n        \n    <\/li>    <li class=\"wpra-item feed-item \">\n        <a href=\"https:\/\/site.ac-martinique.fr\/maths-sciences\/?p=2268\" class=\"\" target=\"_blank\" rel=\"noopener noreferrer nofollow\" style=\"\">Lettre \u00c9duNum Physique-Chimie n\u00b0 37 de mars 2025<\/a>\n\n        <div class=\"wprss-feed-meta\">\n                <span class=\"feed-source\">\n        Source:  <a href=\"https:\/\/site.ac-martinique.fr\/maths-sciences\/?feed=rss2\" class=\"\" target=\"_blank\" rel=\"noopener noreferrer nofollow\" style=\"\">Maths Sciences<\/a>\n    <\/span>\n                <span class=\"feed-date\">\n        Date:  2025-10-02\n    <\/span>\n            <span class=\"feed-author\">By Julien ARROUS<\/span>\n        <\/div>\n\n        \n    <\/li>    <li class=\"wpra-item feed-item \">\n        <a href=\"https:\/\/site.ac-martinique.fr\/lettres-histoire\/?p=3624\" class=\"\" target=\"_blank\" rel=\"noopener noreferrer nofollow\" style=\"\">LETTRE DE RENTR\u00c9E SEPTEMBRE 2025<\/a>\n\n        <div class=\"wprss-feed-meta\">\n                <span class=\"feed-source\">\n        Source:  <a href=\"https:\/\/site.ac-martinique.fr\/lettres-histoire\/?feed=rss2\" class=\"\" target=\"_blank\" rel=\"noopener noreferrer nofollow\" style=\"\">Lettres Histoire<\/a>\n    <\/span>\n                <span class=\"feed-date\">\n        Date:  2025-09-30\n    <\/span>\n            <span class=\"feed-author\">By Sylvie REGINA<\/span>\n        <\/div>\n\n        \n    <\/li>    <li class=\"wpra-item feed-item \">\n        <a href=\"https:\/\/site.ac-martinique.fr\/anglais\/?p=4018\" class=\"\" target=\"_blank\" rel=\"noopener noreferrer nofollow\" style=\"\">Lettre \u00c9duNum LV n\u00b0 42 de septembre 2025<\/a>\n\n        <div class=\"wprss-feed-meta\">\n                <span class=\"feed-source\">\n        Source:  <a href=\"https:\/\/site.ac-martinique.fr\/anglais\/?feed=rss2\" class=\"\" target=\"_blank\" rel=\"noopener noreferrer nofollow\" style=\"\">Anglais<\/a>\n    <\/span>\n                <span class=\"feed-date\">\n        Date:  2025-09-29\n    <\/span>\n            <span class=\"feed-author\">By Webmestre<\/span>\n        <\/div>\n\n        \n    <\/li>    <li class=\"wpra-item feed-item \">\n        <a href=\"https:\/\/site.ac-martinique.fr\/anglais\/?p=4009\" class=\"\" target=\"_blank\" rel=\"noopener noreferrer nofollow\" style=\"\">Calendrier des examens 2026<\/a>\n\n        <div class=\"wprss-feed-meta\">\n                <span class=\"feed-source\">\n        Source:  <a href=\"https:\/\/site.ac-martinique.fr\/anglais\/?feed=rss2\" class=\"\" target=\"_blank\" rel=\"noopener noreferrer nofollow\" style=\"\">Anglais<\/a>\n    <\/span>\n                <span class=\"feed-date\">\n        Date:  2025-09-26\n    <\/span>\n            <span class=\"feed-author\">By Webmestre<\/span>\n        <\/div>\n\n        \n    <\/li>    <li class=\"wpra-item feed-item \">\n        <a href=\"https:\/\/site.ac-martinique.fr\/bss\/?p=4564\" class=\"\" target=\"_blank\" rel=\"noopener noreferrer nofollow\" style=\"\">Baccalaur\u00e9at\u00a0: le calendrier 2026<\/a>\n\n        <div class=\"wprss-feed-meta\">\n                <span class=\"feed-source\">\n        Source:  <a href=\"https:\/\/site.ac-martinique.fr\/bss\/?feed=rss2\" class=\"\" target=\"_blank\" rel=\"noopener noreferrer nofollow\" style=\"\">BSS<\/a>\n    <\/span>\n                <span class=\"feed-date\">\n        Date:  2025-09-26\n    <\/span>\n            <span class=\"feed-author\">By Brigitte BRELIERE<\/span>\n        <\/div>\n\n        \n    <\/li>    <li class=\"wpra-item feed-item \">\n        <a href=\"https:\/\/site.ac-martinique.fr\/arts-appliques\/certification-complementaire-session-2026\/\" class=\"\" target=\"_blank\" rel=\"noopener noreferrer nofollow\" style=\"\">Certification compl\u00e9mentaire session 2026<\/a>\n\n        <div class=\"wprss-feed-meta\">\n                <span class=\"feed-source\">\n        Source:  <a href=\"https:\/\/site.ac-martinique.fr\/arts-appliques\/?feed=rss2\" class=\"\" target=\"_blank\" rel=\"noopener noreferrer nofollow\" style=\"\">Arts Appliqu\u00e9s<\/a>\n    <\/span>\n                <span class=\"feed-date\">\n        Date:  2025-09-24\n    <\/span>\n            <span class=\"feed-author\">By webmestre<\/span>\n        <\/div>\n\n        \n    <\/li>    <li class=\"wpra-item feed-item \">\n        <a href=\"https:\/\/site.ac-martinique.fr\/arts-appliques\/concours-caplp-session-2026\/\" class=\"\" target=\"_blank\" rel=\"noopener noreferrer nofollow\" style=\"\">Concours CAPLP session 2026<\/a>\n\n        <div class=\"wprss-feed-meta\">\n                <span class=\"feed-source\">\n        Source:  <a href=\"https:\/\/site.ac-martinique.fr\/arts-appliques\/?feed=rss2\" class=\"\" target=\"_blank\" rel=\"noopener noreferrer nofollow\" style=\"\">Arts Appliqu\u00e9s<\/a>\n    <\/span>\n                <span class=\"feed-date\">\n        Date:  2025-09-24\n    <\/span>\n            <span class=\"feed-author\">By webmestre<\/span>\n        <\/div>\n\n        \n    <\/li>    <li class=\"wpra-item feed-item \">\n        <a href=\"https:\/\/site.ac-martinique.fr\/bss\/?p=4561\" class=\"\" target=\"_blank\" rel=\"noopener noreferrer nofollow\" style=\"\">Un projet interg\u00e9n\u00e9rationnel innovant au c\u0153ur de la formation DECESF<\/a>\n\n        <div class=\"wprss-feed-meta\">\n                <span class=\"feed-source\">\n        Source:  <a href=\"https:\/\/site.ac-martinique.fr\/bss\/?feed=rss2\" class=\"\" target=\"_blank\" rel=\"noopener noreferrer nofollow\" style=\"\">BSS<\/a>\n    <\/span>\n                <span class=\"feed-date\">\n        Date:  2025-09-18\n    <\/span>\n            <span class=\"feed-author\">By Brigitte BRELIERE<\/span>\n        <\/div>\n\n        \n    <\/li>    <li class=\"wpra-item feed-item \">\n        <a href=\"https:\/\/site.ac-martinique.fr\/bss\/?p=4559\" class=\"\" target=\"_blank\" rel=\"noopener noreferrer nofollow\" style=\"\">Concours de recrutement des enseignants \u2013 Session 2026<\/a>\n\n        <div class=\"wprss-feed-meta\">\n                <span class=\"feed-source\">\n        Source:  <a href=\"https:\/\/site.ac-martinique.fr\/bss\/?feed=rss2\" class=\"\" target=\"_blank\" rel=\"noopener noreferrer nofollow\" style=\"\">BSS<\/a>\n    <\/span>\n                <span class=\"feed-date\">\n        Date:  2025-09-17\n    <\/span>\n            <span class=\"feed-author\">By Brigitte BRELIERE<\/span>\n        <\/div>\n\n        \n    <\/li>    <li class=\"wpra-item feed-item \">\n        <a href=\"https:\/\/site.ac-martinique.fr\/arts-appliques\/fiche-pedagogique-le-patrimoine-vestimentaire-martiniquais\/\" class=\"\" target=\"_blank\" rel=\"noopener noreferrer nofollow\" style=\"\">Fiche p\u00e9dagogique : le patrimoine vestimentaire Martiniquais<\/a>\n\n        <div class=\"wprss-feed-meta\">\n                <span class=\"feed-source\">\n        Source:  <a href=\"https:\/\/site.ac-martinique.fr\/arts-appliques\/?feed=rss2\" class=\"\" target=\"_blank\" rel=\"noopener noreferrer nofollow\" style=\"\">Arts Appliqu\u00e9s<\/a>\n    <\/span>\n                <span class=\"feed-date\">\n        Date:  2025-09-15\n    <\/span>\n            <span class=\"feed-author\">By webmestre<\/span>\n        <\/div>\n\n        \n    <\/li>    <li class=\"wpra-item feed-item \">\n        <a href=\"https:\/\/site.ac-martinique.fr\/arts-appliques\/lettre-de-rentree-2025\/\" class=\"\" target=\"_blank\" rel=\"noopener noreferrer nofollow\" style=\"\">Lettre de rentr\u00e9e 2025<\/a>\n\n        <div class=\"wprss-feed-meta\">\n                <span class=\"feed-source\">\n        Source:  <a href=\"https:\/\/site.ac-martinique.fr\/arts-appliques\/?feed=rss2\" class=\"\" target=\"_blank\" rel=\"noopener noreferrer nofollow\" style=\"\">Arts Appliqu\u00e9s<\/a>\n    <\/span>\n                <span class=\"feed-date\">\n        Date:  2025-09-15\n    <\/span>\n            <span class=\"feed-author\">By webmestre<\/span>\n        <\/div>\n\n        \n    <\/li>    <li class=\"wpra-item feed-item \">\n        <a href=\"https:\/\/site.ac-martinique.fr\/arts-appliques\/france-design-week-en-martinique\/\" class=\"\" target=\"_blank\" rel=\"noopener noreferrer nofollow\" style=\"\">France Design Week en Martinique<\/a>\n\n        <div class=\"wprss-feed-meta\">\n                <span class=\"feed-source\">\n        Source:  <a href=\"https:\/\/site.ac-martinique.fr\/arts-appliques\/?feed=rss2\" class=\"\" target=\"_blank\" rel=\"noopener noreferrer nofollow\" style=\"\">Arts Appliqu\u00e9s<\/a>\n    <\/span>\n                <span class=\"feed-date\">\n        Date:  2025-09-15\n    <\/span>\n            <span class=\"feed-author\">By webmestre<\/span>\n        <\/div>\n\n        \n    <\/li>    <li class=\"wpra-item feed-item \">\n        <a href=\"https:\/\/site.ac-martinique.fr\/anglais\/?p=3990\" class=\"\" target=\"_blank\" rel=\"noopener noreferrer nofollow\" style=\"\">Cafeyn: kiosque num\u00e9rique de presse<\/a>\n\n        <div class=\"wprss-feed-meta\">\n                <span class=\"feed-source\">\n        Source:  <a href=\"https:\/\/site.ac-martinique.fr\/anglais\/?feed=rss2\" class=\"\" target=\"_blank\" rel=\"noopener noreferrer nofollow\" style=\"\">Anglais<\/a>\n    <\/span>\n                <span class=\"feed-date\">\n        Date:  2025-09-15\n    <\/span>\n            <span class=\"feed-author\">By Webmestre<\/span>\n        <\/div>\n\n        \n    <\/li>    <li class=\"wpra-item feed-item \">\n        <a href=\"https:\/\/site.ac-martinique.fr\/svt\/?p=6145\" class=\"\" target=\"_blank\" rel=\"noopener noreferrer nofollow\" style=\"\">IA et \u00e9ducation : vers un cadre clair pour innover sereinement.<\/a>\n\n        <div class=\"wprss-feed-meta\">\n                <span class=\"feed-source\">\n        Source:  <a href=\"https:\/\/site.ac-martinique.fr\/svt\/?feed=rss2\" class=\"\" target=\"_blank\" rel=\"noopener noreferrer nofollow\" style=\"\">SVT<\/a>\n    <\/span>\n                <span class=\"feed-date\">\n        Date:  2025-09-14\n    <\/span>\n            <span class=\"feed-author\">By Gwladys FORDANT<\/span>\n        <\/div>\n\n        \n    <\/li>    <li class=\"wpra-item feed-item \">\n        <a href=\"https:\/\/site.ac-martinique.fr\/espagnol\/?p=3484\" class=\"\" target=\"_blank\" rel=\"noopener noreferrer nofollow\" style=\"\">Nouveau CAPES L3<\/a>\n\n        <div class=\"wprss-feed-meta\">\n                <span class=\"feed-source\">\n        Source:  <a href=\"https:\/\/site.ac-martinique.fr\/espagnol\/?feed=rss2\" class=\"\" target=\"_blank\" rel=\"noopener noreferrer nofollow\" style=\"\">Espagnol<\/a>\n    <\/span>\n                <span class=\"feed-date\">\n        Date:  2025-09-12\n    <\/span>\n            <span class=\"feed-author\">By webmestre<\/span>\n        <\/div>\n\n        \n    <\/li>    <li class=\"wpra-item feed-item \">\n        <a href=\"https:\/\/site.ac-martinique.fr\/physique-chimie\/?p=8193\" class=\"\" target=\"_blank\" rel=\"noopener noreferrer nofollow\" style=\"\">Lettre de rentr\u00e9e 2025<\/a>\n\n        <div class=\"wprss-feed-meta\">\n                <span class=\"feed-source\">\n        Source:  <a href=\"https:\/\/site.ac-martinique.fr\/physique-chimie\/?feed=rss2\" class=\"\" target=\"_blank\" rel=\"noopener noreferrer nofollow\" style=\"\">Physique Chimie<\/a>\n    <\/span>\n                <span class=\"feed-date\">\n        Date:  2025-09-03\n    <\/span>\n            <span class=\"feed-author\">By Dimitri ODONNAT<\/span>\n        <\/div>\n\n        \n    <\/li>    <li class=\"wpra-item feed-item \">\n        <a href=\"https:\/\/site.ac-martinique.fr\/espagnol\/?p=3479\" class=\"\" target=\"_blank\" rel=\"noopener noreferrer nofollow\" style=\"\">Journ\u00e9e d\u2019\u00e9tude programmes de sp\u00e9cialit\u00e9 au lyc\u00e9e<\/a>\n\n        <div class=\"wprss-feed-meta\">\n                <span class=\"feed-source\">\n        Source:  <a href=\"https:\/\/site.ac-martinique.fr\/espagnol\/?feed=rss2\" class=\"\" target=\"_blank\" rel=\"noopener noreferrer nofollow\" style=\"\">Espagnol<\/a>\n    <\/span>\n                <span class=\"feed-date\">\n        Date:  2025-09-01\n    <\/span>\n            <span class=\"feed-author\">By webmestre<\/span>\n        <\/div>\n\n        \n    <\/li>    <li class=\"wpra-item feed-item \">\n        <a href=\"https:\/\/site.ac-martinique.fr\/bss\/?p=4551\" class=\"\" target=\"_blank\" rel=\"noopener noreferrer nofollow\" style=\"\">Calendrier 2025 des journ\u00e9es mondiales et nationales utiles pour les agents de la fonction publique<\/a>\n\n        <div class=\"wprss-feed-meta\">\n                <span class=\"feed-source\">\n        Source:  <a href=\"https:\/\/site.ac-martinique.fr\/bss\/?feed=rss2\" class=\"\" target=\"_blank\" rel=\"noopener noreferrer nofollow\" style=\"\">BSS<\/a>\n    <\/span>\n                <span class=\"feed-date\">\n        Date:  2025-08-30\n    <\/span>\n            <span class=\"feed-author\">By Brigitte BRELIERE<\/span>\n        <\/div>\n\n        \n    <\/li>    <li class=\"wpra-item feed-item \">\n        <a href=\"https:\/\/site.ac-martinique.fr\/sstrm\/2025\/08\/26\/les-ppms\/\" class=\"\" target=\"_blank\" rel=\"noopener noreferrer nofollow\" style=\"\">Le PPMS<\/a>\n\n        <div class=\"wprss-feed-meta\">\n                <span class=\"feed-source\">\n        Source:  <a href=\"https:\/\/site.ac-martinique.fr\/sstrm\/?feed=rss2\" class=\"\" target=\"_blank\" rel=\"noopener noreferrer nofollow\" style=\"\">SSTRM<\/a>\n    <\/span>\n                <span class=\"feed-date\">\n        Date:  2025-08-26\n    <\/span>\n            <span class=\"feed-author\">By Sophie THEAS<\/span>\n        <\/div>\n\n        \n    <\/li>    <li class=\"wpra-item feed-item \">\n        <a href=\"https:\/\/site.ac-martinique.fr\/creole\/?p=691\" class=\"\" target=\"_blank\" rel=\"noopener noreferrer nofollow\" style=\"\">Newsletter EDNUM Cr\u00e9ole<\/a>\n\n        <div class=\"wprss-feed-meta\">\n                <span class=\"feed-source\">\n        Source:  <a href=\"https:\/\/site.ac-martinique.fr\/creole\/?feed=rss2\" class=\"\" target=\"_blank\" rel=\"noopener noreferrer nofollow\" style=\"\">Cr\u00e9ole<\/a>\n    <\/span>\n                <span class=\"feed-date\">\n        Date:  2025-07-15\n    <\/span>\n            <span class=\"feed-author\">By wpcreole<\/span>\n        <\/div>\n\n        \n    <\/li>    <li class=\"wpra-item feed-item \">\n        <a href=\"https:\/\/site.ac-martinique.fr\/physique-chimie\/?p=8161\" class=\"\" target=\"_blank\" rel=\"noopener noreferrer nofollow\" style=\"\">Cap sur la rentr\u00e9e 2025 : quelques inspirations pour bien la pr\u00e9parer<\/a>\n\n        <div class=\"wprss-feed-meta\">\n                <span class=\"feed-source\">\n        Source:  <a href=\"https:\/\/site.ac-martinique.fr\/physique-chimie\/?feed=rss2\" class=\"\" target=\"_blank\" rel=\"noopener noreferrer nofollow\" style=\"\">Physique Chimie<\/a>\n    <\/span>\n                <span class=\"feed-date\">\n        Date:  2025-07-10\n    <\/span>\n            <span class=\"feed-author\">By Dimitri ODONNAT<\/span>\n        <\/div>\n\n        \n    <\/li>    <li class=\"wpra-item feed-item \">\n        <a href=\"https:\/\/site.ac-martinique.fr\/bss\/?p=4548\" class=\"\" target=\"_blank\" rel=\"noopener noreferrer nofollow\" style=\"\">La 15\u00e8me\u00a0lettre d\u201dinformation du RNRSMS est disponible<\/a>\n\n        <div class=\"wprss-feed-meta\">\n                <span class=\"feed-source\">\n        Source:  <a href=\"https:\/\/site.ac-martinique.fr\/bss\/?feed=rss2\" class=\"\" target=\"_blank\" rel=\"noopener noreferrer nofollow\" style=\"\">BSS<\/a>\n    <\/span>\n                <span class=\"feed-date\">\n        Date:  2025-07-10\n    <\/span>\n            <span class=\"feed-author\">By Brigitte BRELIERE<\/span>\n        <\/div>\n\n        \n    <\/li>    <li class=\"wpra-item feed-item \">\n        <a href=\"https:\/\/site.ac-martinique.fr\/arts-plastiques\/?p=1852\" class=\"\" target=\"_blank\" rel=\"noopener noreferrer nofollow\" style=\"\">MANGROVESCENCE 2022<\/a>\n\n        <div class=\"wprss-feed-meta\">\n                <span class=\"feed-source\">\n        Source:  <a href=\"https:\/\/site.ac-martinique.fr\/arts-plastiques\/?feed=rss2\" class=\"\" target=\"_blank\" rel=\"noopener noreferrer nofollow\" style=\"\">Arts Plastiques<\/a>\n    <\/span>\n                <span class=\"feed-date\">\n        Date:  2025-07-08\n    <\/span>\n            <span class=\"feed-author\">By Yvan EMONIDES<\/span>\n        <\/div>\n\n        \n    <\/li>    <li class=\"wpra-item feed-item \">\n        <a href=\"https:\/\/site.ac-martinique.fr\/creole\/?p=656\" class=\"\" target=\"_blank\" rel=\"noopener noreferrer nofollow\" style=\"\">Les parcours interactifs avec \u00c9l\u00e9a : du cahier \u00e0 la version num\u00e9rique<\/a>\n\n        <div class=\"wprss-feed-meta\">\n                <span class=\"feed-source\">\n        Source:  <a href=\"https:\/\/site.ac-martinique.fr\/creole\/?feed=rss2\" class=\"\" target=\"_blank\" rel=\"noopener noreferrer nofollow\" style=\"\">Cr\u00e9ole<\/a>\n    <\/span>\n                <span class=\"feed-date\">\n        Date:  2025-07-07\n    <\/span>\n            <span class=\"feed-author\">By wpcreole<\/span>\n        <\/div>\n\n        \n    <\/li>    <li class=\"wpra-item feed-item \">\n        <a href=\"https:\/\/site.ac-martinique.fr\/bss\/?p=4544\" class=\"\" target=\"_blank\" rel=\"noopener noreferrer nofollow\" style=\"\">Prot\u00e9g\u00e9\u00a0: Sujet BTS ESF Session 2025 \u2013 Epreuve E5<\/a>\n\n        <div class=\"wprss-feed-meta\">\n                <span class=\"feed-source\">\n        Source:  <a href=\"https:\/\/site.ac-martinique.fr\/bss\/?feed=rss2\" class=\"\" target=\"_blank\" rel=\"noopener noreferrer nofollow\" style=\"\">BSS<\/a>\n    <\/span>\n                <span class=\"feed-date\">\n        Date:  2025-07-05\n    <\/span>\n            <span class=\"feed-author\">By Brigitte BRELIERE<\/span>\n        <\/div>\n\n        \n    <\/li>    <li class=\"wpra-item feed-item \">\n        <a href=\"https:\/\/site.ac-martinique.fr\/bss\/?p=4541\" class=\"\" target=\"_blank\" rel=\"noopener noreferrer nofollow\" style=\"\">Prot\u00e9g\u00e9\u00a0: Sujet BTS SP3S Session 2025 \u2013 \u00c9preuve U4<\/a>\n\n        <div class=\"wprss-feed-meta\">\n                <span class=\"feed-source\">\n        Source:  <a href=\"https:\/\/site.ac-martinique.fr\/bss\/?feed=rss2\" class=\"\" target=\"_blank\" rel=\"noopener noreferrer nofollow\" style=\"\">BSS<\/a>\n    <\/span>\n                <span class=\"feed-date\">\n        Date:  2025-07-05\n    <\/span>\n            <span class=\"feed-author\">By Brigitte BRELIERE<\/span>\n        <\/div>\n\n        \n    <\/li>    <li class=\"wpra-item feed-item \">\n        <a href=\"https:\/\/site.ac-martinique.fr\/bss\/?p=4536\" class=\"\" target=\"_blank\" rel=\"noopener noreferrer nofollow\" style=\"\">Prot\u00e9g\u00e9\u00a0: Sujet BTS SP3S Session 2025 \u2013 \u00c9preuve U3<\/a>\n\n        <div class=\"wprss-feed-meta\">\n                <span class=\"feed-source\">\n        Source:  <a href=\"https:\/\/site.ac-martinique.fr\/bss\/?feed=rss2\" class=\"\" target=\"_blank\" rel=\"noopener noreferrer nofollow\" style=\"\">BSS<\/a>\n    <\/span>\n                <span class=\"feed-date\">\n        Date:  2025-07-05\n    <\/span>\n            <span class=\"feed-author\">By Brigitte BRELIERE<\/span>\n        <\/div>\n\n        \n    <\/li>    <li class=\"wpra-item feed-item \">\n        <a href=\"https:\/\/site.ac-martinique.fr\/espagnol\/?p=3466\" class=\"\" target=\"_blank\" rel=\"noopener noreferrer nofollow\" style=\"\">Publication du PAF 2025\/2026<\/a>\n\n        <div class=\"wprss-feed-meta\">\n                <span class=\"feed-source\">\n        Source:  <a href=\"https:\/\/site.ac-martinique.fr\/espagnol\/?feed=rss2\" class=\"\" target=\"_blank\" rel=\"noopener noreferrer nofollow\" style=\"\">Espagnol<\/a>\n    <\/span>\n                <span class=\"feed-date\">\n        Date:  2025-07-01\n    <\/span>\n            <span class=\"feed-author\">By webmestre<\/span>\n        <\/div>\n\n        \n    <\/li>    <li class=\"wpra-item feed-item \">\n        <a href=\"https:\/\/site.ac-martinique.fr\/anglais\/?p=3971\" class=\"\" target=\"_blank\" rel=\"noopener noreferrer nofollow\" style=\"\">PAF 2025-2026: campagne d\u2019inscription aux formations \u00e0 candidature individuelle<\/a>\n\n        <div class=\"wprss-feed-meta\">\n                <span class=\"feed-source\">\n        Source:  <a href=\"https:\/\/site.ac-martinique.fr\/anglais\/?feed=rss2\" class=\"\" target=\"_blank\" rel=\"noopener noreferrer nofollow\" style=\"\">Anglais<\/a>\n    <\/span>\n                <span class=\"feed-date\">\n        Date:  2025-07-01\n    <\/span>\n            <span class=\"feed-author\">By Webmestre<\/span>\n        <\/div>\n\n        \n    <\/li>    <li class=\"wpra-item feed-item \">\n        <a href=\"https:\/\/site.ac-martinique.fr\/edd\/?p=2454\" class=\"\" target=\"_blank\" rel=\"noopener noreferrer nofollow\" style=\"\">Plongez au coeur de l\u2019oc\u00e9an avec l\u2019offre p\u00e9dagogique de la fondation TARA<\/a>\n\n        <div class=\"wprss-feed-meta\">\n                <span class=\"feed-source\">\n        Source:  <a href=\"https:\/\/site.ac-martinique.fr\/edd\/?feed=rss2\" class=\"\" target=\"_blank\" rel=\"noopener noreferrer nofollow\" style=\"\">EDD<\/a>\n    <\/span>\n                <span class=\"feed-date\">\n        Date:  2025-06-30\n    <\/span>\n            <span class=\"feed-author\">By Gwladys FORDANT<\/span>\n        <\/div>\n\n        \n    <\/li>    <li class=\"wpra-item feed-item \">\n        <a href=\"https:\/\/site.ac-martinique.fr\/svt\/?p=6128\" class=\"\" target=\"_blank\" rel=\"noopener noreferrer nofollow\" style=\"\">Plongez au coeur de l\u2019oc\u00e9an avec l\u2019offre p\u00e9dagogique de la fondation TARA<\/a>\n\n        <div class=\"wprss-feed-meta\">\n                <span class=\"feed-source\">\n        Source:  <a href=\"https:\/\/site.ac-martinique.fr\/svt\/?feed=rss2\" class=\"\" target=\"_blank\" rel=\"noopener noreferrer nofollow\" style=\"\">SVT<\/a>\n    <\/span>\n                <span class=\"feed-date\">\n        Date:  2025-06-30\n    <\/span>\n            <span class=\"feed-author\">By Gwladys FORDANT<\/span>\n        <\/div>\n\n        \n    <\/li>    <li class=\"wpra-item feed-item \">\n        <a href=\"https:\/\/site.ac-martinique.fr\/missionnumerique1d\/?p=1737\" class=\"\" target=\"_blank\" rel=\"noopener noreferrer nofollow\" style=\"\">PIX Junior<\/a>\n\n        <div class=\"wprss-feed-meta\">\n                <span class=\"feed-source\">\n        Source:  <a href=\"https:\/\/site.ac-martinique.fr\/missionnumerique1d\/?feed=rss2\" class=\"\" target=\"_blank\" rel=\"noopener noreferrer nofollow\" style=\"\">Mission Num\u00e9rique 1D<\/a>\n    <\/span>\n                <span class=\"feed-date\">\n        Date:  2025-06-29\n    <\/span>\n            <span class=\"feed-author\">By Sandrine LIGER<\/span>\n        <\/div>\n\n        \n    <\/li>    <li class=\"wpra-item feed-item \">\n        <a href=\"https:\/\/site.ac-martinique.fr\/missionnumerique1d\/?p=1733\" class=\"\" target=\"_blank\" rel=\"noopener noreferrer nofollow\" style=\"\">Concours ZERO CLICHE<\/a>\n\n        <div class=\"wprss-feed-meta\">\n                <span class=\"feed-source\">\n        Source:  <a href=\"https:\/\/site.ac-martinique.fr\/missionnumerique1d\/?feed=rss2\" class=\"\" target=\"_blank\" rel=\"noopener noreferrer nofollow\" style=\"\">Mission Num\u00e9rique 1D<\/a>\n    <\/span>\n                <span class=\"feed-date\">\n        Date:  2025-06-29\n    <\/span>\n            <span class=\"feed-author\">By Sandrine LIGER<\/span>\n        <\/div>\n\n        \n    <\/li>    <li class=\"wpra-item feed-item \">\n        <a href=\"https:\/\/site.ac-martinique.fr\/missionnumerique1d\/?p=1727\" class=\"\" target=\"_blank\" rel=\"noopener noreferrer nofollow\" style=\"\">Atelier robotique \u00e0 l\u2019\u00e9cole Robert-Platon : BeeBot, bien plus qu\u2019un jeu d\u2019enfant !<\/a>\n\n        <div class=\"wprss-feed-meta\">\n                <span class=\"feed-source\">\n        Source:  <a href=\"https:\/\/site.ac-martinique.fr\/missionnumerique1d\/?feed=rss2\" class=\"\" target=\"_blank\" rel=\"noopener noreferrer nofollow\" style=\"\">Mission Num\u00e9rique 1D<\/a>\n    <\/span>\n                <span class=\"feed-date\">\n        Date:  2025-06-24\n    <\/span>\n            <span class=\"feed-author\">By Noemie CAUVER<\/span>\n        <\/div>\n\n        \n    <\/li>    <li class=\"wpra-item feed-item \">\n        <a href=\"https:\/\/site.ac-martinique.fr\/ash\/?p=3145\" class=\"\" target=\"_blank\" rel=\"noopener noreferrer nofollow\" style=\"\">Ouverture d\u2019un p\u00f4le d\u2019enseignement des jeunes sourds \u00e0 la rentr\u00e9e 2025<\/a>\n\n        <div class=\"wprss-feed-meta\">\n                <span class=\"feed-source\">\n        Source:  <a href=\"https:\/\/site.ac-martinique.fr\/ash\/?feed=rss2\" class=\"\" target=\"_blank\" rel=\"noopener noreferrer nofollow\" style=\"\">ASH<\/a>\n    <\/span>\n                <span class=\"feed-date\">\n        Date:  2025-06-21\n    <\/span>\n            <span class=\"feed-author\">By Tania JEAN-ALPHONSE<\/span>\n        <\/div>\n\n        \n    <\/li>    <li class=\"wpra-item feed-item \">\n        <a href=\"https:\/\/site.ac-martinique.fr\/ash\/?p=3312\" class=\"\" target=\"_blank\" rel=\"noopener noreferrer nofollow\" style=\"\">Les assises de l\u2019autisme<\/a>\n\n        <div class=\"wprss-feed-meta\">\n                <span class=\"feed-source\">\n        Source:  <a href=\"https:\/\/site.ac-martinique.fr\/ash\/?feed=rss2\" class=\"\" target=\"_blank\" rel=\"noopener noreferrer nofollow\" style=\"\">ASH<\/a>\n    <\/span>\n                <span class=\"feed-date\">\n        Date:  2025-06-21\n    <\/span>\n            <span class=\"feed-author\">By Tania JEAN-ALPHONSE<\/span>\n        <\/div>\n\n        \n    <\/li>    <li class=\"wpra-item feed-item \">\n        <a href=\"https:\/\/site.ac-martinique.fr\/anglais\/?p=2703\" class=\"\" target=\"_blank\" rel=\"noopener noreferrer nofollow\" style=\"\">Programme limitatif de LLCER Anglais \u2013 classe de premi\u00e8re pour les ann\u00e9es 2025-2026 et 2026-2027<\/a>\n\n        <div class=\"wprss-feed-meta\">\n                <span class=\"feed-source\">\n        Source:  <a href=\"https:\/\/site.ac-martinique.fr\/anglais\/?feed=rss2\" class=\"\" target=\"_blank\" rel=\"noopener noreferrer nofollow\" style=\"\">Anglais<\/a>\n    <\/span>\n                <span class=\"feed-date\">\n        Date:  2025-06-19\n    <\/span>\n            <span class=\"feed-author\">By Webmestre<\/span>\n        <\/div>\n\n        \n    <\/li>    <li class=\"wpra-item feed-item \">\n        <a href=\"https:\/\/site.ac-martinique.fr\/anglais\/?p=3933\" class=\"\" target=\"_blank\" rel=\"noopener noreferrer nofollow\" style=\"\">L\u2019IA en \u00e9ducation: cadre d\u2019usage<\/a>\n\n        <div class=\"wprss-feed-meta\">\n                <span class=\"feed-source\">\n        Source:  <a href=\"https:\/\/site.ac-martinique.fr\/anglais\/?feed=rss2\" class=\"\" target=\"_blank\" rel=\"noopener noreferrer nofollow\" style=\"\">Anglais<\/a>\n    <\/span>\n                <span class=\"feed-date\">\n        Date:  2025-06-15\n    <\/span>\n            <span class=\"feed-author\">By Webmestre<\/span>\n        <\/div>\n\n        \n    <\/li>    <li class=\"wpra-item feed-item \">\n        <a href=\"https:\/\/site.ac-martinique.fr\/anglaislp\/?p=6359\" class=\"\" target=\"_blank\" rel=\"noopener noreferrer nofollow\" style=\"\">ANG+IA<\/a>\n\n        <div class=\"wprss-feed-meta\">\n                <span class=\"feed-source\">\n        Source:  <a href=\"https:\/\/site.ac-martinique.fr\/anglaislp\/?feed=rss2\" class=\"\" target=\"_blank\" rel=\"noopener noreferrer nofollow\" style=\"\">Anglais LP<\/a>\n    <\/span>\n                <span class=\"feed-date\">\n        Date:  2025-06-13\n    <\/span>\n            <span class=\"feed-author\">By Dominique SYLVESTRE<\/span>\n        <\/div>\n\n        \n    <\/li>    <li class=\"wpra-item feed-item \">\n        <a href=\"https:\/\/site.ac-martinique.fr\/lettres-histoire\/?p=3576\" class=\"\" target=\"_blank\" rel=\"noopener noreferrer nofollow\" style=\"\">JNAI \u00e9dition 2025<\/a>\n\n        <div class=\"wprss-feed-meta\">\n                <span class=\"feed-source\">\n        Source:  <a href=\"https:\/\/site.ac-martinique.fr\/lettres-histoire\/?feed=rss2\" class=\"\" target=\"_blank\" rel=\"noopener noreferrer nofollow\" style=\"\">Lettres Histoire<\/a>\n    <\/span>\n                <span class=\"feed-date\">\n        Date:  2025-06-13\n    <\/span>\n            <span class=\"feed-author\">By Sylvie REGINA<\/span>\n        <\/div>\n\n        \n    <\/li>    <li class=\"wpra-item feed-item \">\n        <a href=\"https:\/\/site.ac-martinique.fr\/sciences-economiques\/?p=1791\" class=\"\" target=\"_blank\" rel=\"noopener noreferrer nofollow\" style=\"\">LES SUJETS DE L\u2019EPREUVE DE S.E.S 2025 A L\u2019ETRANGER<\/a>\n\n        <div class=\"wprss-feed-meta\">\n                <span class=\"feed-source\">\n        Source:  <a href=\"https:\/\/site.ac-martinique.fr\/sciences-economiques\/?feed=rss2\" class=\"\" target=\"_blank\" rel=\"noopener noreferrer nofollow\" style=\"\">Sciences Economiques<\/a>\n    <\/span>\n                <span class=\"feed-date\">\n        Date:  2025-06-11\n    <\/span>\n            <span class=\"feed-author\">By Sandra Gaby RENE-CORAIL<\/span>\n        <\/div>\n\n        \n    <\/li>    <li class=\"wpra-item feed-item \">\n        <a href=\"https:\/\/site.ac-martinique.fr\/physique-chimie\/?p=8155\" class=\"\" target=\"_blank\" rel=\"noopener noreferrer nofollow\" style=\"\">Comprendre l\u2019impact de la chlord\u00e9cone : une activit\u00e9 pour les \u00e9l\u00e8ves de seconde<\/a>\n\n        <div class=\"wprss-feed-meta\">\n                <span class=\"feed-source\">\n        Source:  <a href=\"https:\/\/site.ac-martinique.fr\/physique-chimie\/?feed=rss2\" class=\"\" target=\"_blank\" rel=\"noopener noreferrer nofollow\" style=\"\">Physique Chimie<\/a>\n    <\/span>\n                <span class=\"feed-date\">\n        Date:  2025-06-11\n    <\/span>\n            <span class=\"feed-author\">By Dimitri ODONNAT<\/span>\n        <\/div>\n\n        \n    <\/li>    <li class=\"wpra-item feed-item \">\n        <a href=\"https:\/\/site.ac-martinique.fr\/espagnol\/?p=3454\" class=\"\" target=\"_blank\" rel=\"noopener noreferrer nofollow\" style=\"\">Publication des programmes et mise \u00e0 jour d\u2019Eduscol<\/a>\n\n        <div class=\"wprss-feed-meta\">\n                <span class=\"feed-source\">\n        Source:  <a href=\"https:\/\/site.ac-martinique.fr\/espagnol\/?feed=rss2\" class=\"\" target=\"_blank\" rel=\"noopener noreferrer nofollow\" style=\"\">Espagnol<\/a>\n    <\/span>\n                <span class=\"feed-date\">\n        Date:  2025-06-11\n    <\/span>\n            <span class=\"feed-author\">By webmestre<\/span>\n        <\/div>\n\n        \n    <\/li>    <li class=\"wpra-item feed-item \">\n        <a href=\"https:\/\/site.ac-martinique.fr\/arts-plastiques\/?p=1845\" class=\"\" target=\"_blank\" rel=\"noopener noreferrer nofollow\" style=\"\">L\u2019IA, MON NOUVEL OUTIL NUM\u00c9RIQUE<\/a>\n\n        <div class=\"wprss-feed-meta\">\n                <span class=\"feed-source\">\n        Source:  <a href=\"https:\/\/site.ac-martinique.fr\/arts-plastiques\/?feed=rss2\" class=\"\" target=\"_blank\" rel=\"noopener noreferrer nofollow\" style=\"\">Arts Plastiques<\/a>\n    <\/span>\n                <span class=\"feed-date\">\n        Date:  2025-06-08\n    <\/span>\n            <span class=\"feed-author\">By Yvan EMONIDES<\/span>\n        <\/div>\n\n        \n    <\/li>    <li class=\"wpra-item feed-item \">\n        <a href=\"https:\/\/site.ac-martinique.fr\/arts-plastiques\/?p=1843\" class=\"\" target=\"_blank\" rel=\"noopener noreferrer nofollow\" style=\"\">L\u2019ART, L\u2019IA ET MOI : PILOTAGE ARTISTIQUE<\/a>\n\n        <div class=\"wprss-feed-meta\">\n                <span class=\"feed-source\">\n        Source:  <a href=\"https:\/\/site.ac-martinique.fr\/arts-plastiques\/?feed=rss2\" class=\"\" target=\"_blank\" rel=\"noopener noreferrer nofollow\" style=\"\">Arts Plastiques<\/a>\n    <\/span>\n                <span class=\"feed-date\">\n        Date:  2025-06-08\n    <\/span>\n            <span class=\"feed-author\">By Yvan EMONIDES<\/span>\n        <\/div>\n\n        \n    <\/li>    <li class=\"wpra-item feed-item \">\n        <a href=\"https:\/\/site.ac-martinique.fr\/arts-plastiques\/?p=1839\" class=\"\" target=\"_blank\" rel=\"noopener noreferrer nofollow\" style=\"\">COLLABORATION SURR\u00c9ALISTE : QUI FAIT MIEUX ? L\u2019IA OU NOUS ?<\/a>\n\n        <div class=\"wprss-feed-meta\">\n                <span class=\"feed-source\">\n        Source:  <a href=\"https:\/\/site.ac-martinique.fr\/arts-plastiques\/?feed=rss2\" class=\"\" target=\"_blank\" rel=\"noopener noreferrer nofollow\" style=\"\">Arts Plastiques<\/a>\n    <\/span>\n                <span class=\"feed-date\">\n        Date:  2025-06-08\n    <\/span>\n            <span class=\"feed-author\">By Yvan EMONIDES<\/span>\n        <\/div>\n\n        \n    <\/li>    <li class=\"wpra-item feed-item \">\n        <a href=\"https:\/\/site.ac-martinique.fr\/arts-plastiques\/?p=1837\" class=\"\" target=\"_blank\" rel=\"noopener noreferrer nofollow\" style=\"\">C\u2019EST MOI L\u2019ARTISTE ! PAS L\u2019IA !<\/a>\n\n        <div class=\"wprss-feed-meta\">\n                <span class=\"feed-source\">\n        Source:  <a href=\"https:\/\/site.ac-martinique.fr\/arts-plastiques\/?feed=rss2\" class=\"\" target=\"_blank\" rel=\"noopener noreferrer nofollow\" style=\"\">Arts Plastiques<\/a>\n    <\/span>\n                <span class=\"feed-date\">\n        Date:  2025-06-08\n    <\/span>\n            <span class=\"feed-author\">By Yvan EMONIDES<\/span>\n        <\/div>\n\n        \n    <\/li>    <li class=\"wpra-item feed-item \">\n        <a href=\"https:\/\/site.ac-martinique.fr\/espagnol\/?p=3437\" class=\"\" target=\"_blank\" rel=\"noopener noreferrer nofollow\" style=\"\">Publication des nouveaux programmes<\/a>\n\n        <div class=\"wprss-feed-meta\">\n                <span class=\"feed-source\">\n        Source:  <a href=\"https:\/\/site.ac-martinique.fr\/espagnol\/?feed=rss2\" class=\"\" target=\"_blank\" rel=\"noopener noreferrer nofollow\" style=\"\">Espagnol<\/a>\n    <\/span>\n                <span class=\"feed-date\">\n        Date:  2025-05-31\n    <\/span>\n            <span class=\"feed-author\">By webmestre<\/span>\n        <\/div>\n\n        \n    <\/li>    <li class=\"wpra-item feed-item \">\n        <a href=\"https:\/\/site.ac-martinique.fr\/anglais\/?p=3915\" class=\"\" target=\"_blank\" rel=\"noopener noreferrer nofollow\" style=\"\">Nouveaux programmes de langues vivantes au lyc\u00e9e g\u00e9n\u00e9ral et technologique (Rentr\u00e9e 2025 \u2013 2de)<\/a>\n\n        <div class=\"wprss-feed-meta\">\n                <span class=\"feed-source\">\n        Source:  <a href=\"https:\/\/site.ac-martinique.fr\/anglais\/?feed=rss2\" class=\"\" target=\"_blank\" rel=\"noopener noreferrer nofollow\" style=\"\">Anglais<\/a>\n    <\/span>\n                <span class=\"feed-date\">\n        Date:  2025-05-30\n    <\/span>\n            <span class=\"feed-author\">By Webmestre<\/span>\n        <\/div>\n\n        \n    <\/li>    <li class=\"wpra-item feed-item \">\n        <a href=\"https:\/\/site.ac-martinique.fr\/anglais\/?p=3912\" class=\"\" target=\"_blank\" rel=\"noopener noreferrer nofollow\" style=\"\">Nouveaux programmes de langues vivantes au coll\u00e8ge (Rentr\u00e9e 2025 \u2013 6\u00e8me)<\/a>\n\n        <div class=\"wprss-feed-meta\">\n                <span class=\"feed-source\">\n        Source:  <a href=\"https:\/\/site.ac-martinique.fr\/anglais\/?feed=rss2\" class=\"\" target=\"_blank\" rel=\"noopener noreferrer nofollow\" style=\"\">Anglais<\/a>\n    <\/span>\n                <span class=\"feed-date\">\n        Date:  2025-05-30\n    <\/span>\n            <span class=\"feed-author\">By Webmestre<\/span>\n        <\/div>\n\n        \n    <\/li>    <li class=\"wpra-item feed-item \">\n        <a href=\"https:\/\/site.ac-martinique.fr\/arts-plastiques\/?p=1440\" class=\"\" target=\"_blank\" rel=\"noopener noreferrer nofollow\" style=\"\">AUTO-POSITIONNEMENT PIX+EDU<\/a>\n\n        <div class=\"wprss-feed-meta\">\n                <span class=\"feed-source\">\n        Source:  <a href=\"https:\/\/site.ac-martinique.fr\/arts-plastiques\/?feed=rss2\" class=\"\" target=\"_blank\" rel=\"noopener noreferrer nofollow\" style=\"\">Arts Plastiques<\/a>\n    <\/span>\n                <span class=\"feed-date\">\n        Date:  2025-05-29\n    <\/span>\n            <span class=\"feed-author\">By Yvan EMONIDES<\/span>\n        <\/div>\n\n        \n    <\/li>    <li class=\"wpra-item feed-item \">\n        <a href=\"https:\/\/site.ac-martinique.fr\/arts-plastiques\/?p=1830\" class=\"\" target=\"_blank\" rel=\"noopener noreferrer nofollow\" style=\"\">S\u00e9minaire IAN AP Comm\u2019on lab La Rochelle 2025 : ARTS PLASTIQUES ET INTELLIGENCES ARTIFICIELLES<\/a>\n\n        <div class=\"wprss-feed-meta\">\n                <span class=\"feed-source\">\n        Source:  <a href=\"https:\/\/site.ac-martinique.fr\/arts-plastiques\/?feed=rss2\" class=\"\" target=\"_blank\" rel=\"noopener noreferrer nofollow\" style=\"\">Arts Plastiques<\/a>\n    <\/span>\n                <span class=\"feed-date\">\n        Date:  2025-05-28\n    <\/span>\n            <span class=\"feed-author\">By Yvan EMONIDES<\/span>\n        <\/div>\n\n        \n    <\/li>    <li class=\"wpra-item feed-item \">\n        <a href=\"https:\/\/site.ac-martinique.fr\/arts-plastiques\/?p=1827\" class=\"\" target=\"_blank\" rel=\"noopener noreferrer nofollow\" style=\"\">BIBLIOTH\u00c8QUE D\u2019IMAGES D\u2019IA<\/a>\n\n        <div class=\"wprss-feed-meta\">\n                <span class=\"feed-source\">\n        Source:  <a href=\"https:\/\/site.ac-martinique.fr\/arts-plastiques\/?feed=rss2\" class=\"\" target=\"_blank\" rel=\"noopener noreferrer nofollow\" style=\"\">Arts Plastiques<\/a>\n    <\/span>\n                <span class=\"feed-date\">\n        Date:  2025-05-28\n    <\/span>\n            <span class=\"feed-author\">By Yvan EMONIDES<\/span>\n        <\/div>\n\n        \n    <\/li>    <li class=\"wpra-item feed-item \">\n        <a href=\"https:\/\/site.ac-martinique.fr\/arts-plastiques\/?p=1824\" class=\"\" target=\"_blank\" rel=\"noopener noreferrer nofollow\" style=\"\">IA ET \u00c9DUCATION ARTISTIQUE : CADRE \u00c9THIQUE ET P\u00c9DAGOGIQUE<\/a>\n\n        <div class=\"wprss-feed-meta\">\n                <span class=\"feed-source\">\n        Source:  <a href=\"https:\/\/site.ac-martinique.fr\/arts-plastiques\/?feed=rss2\" class=\"\" target=\"_blank\" rel=\"noopener noreferrer nofollow\" style=\"\">Arts Plastiques<\/a>\n    <\/span>\n                <span class=\"feed-date\">\n        Date:  2025-05-28\n    <\/span>\n            <span class=\"feed-author\">By Yvan EMONIDES<\/span>\n        <\/div>\n\n        \n    <\/li>    <li class=\"wpra-item feed-item \">\n        <a href=\"https:\/\/site.ac-martinique.fr\/arts-plastiques\/?p=1819\" class=\"\" target=\"_blank\" rel=\"noopener noreferrer nofollow\" style=\"\">LETTRE EDU\u2019NUM ARTS PLASTIQUES N\u00b029<\/a>\n\n        <div class=\"wprss-feed-meta\">\n                <span class=\"feed-source\">\n        Source:  <a href=\"https:\/\/site.ac-martinique.fr\/arts-plastiques\/?feed=rss2\" class=\"\" target=\"_blank\" rel=\"noopener noreferrer nofollow\" style=\"\">Arts Plastiques<\/a>\n    <\/span>\n                <span class=\"feed-date\">\n        Date:  2025-05-28\n    <\/span>\n            <span class=\"feed-author\">By Yvan EMONIDES<\/span>\n        <\/div>\n\n        \n    <\/li>    <li class=\"wpra-item feed-item \">\n        <a href=\"https:\/\/site.ac-martinique.fr\/anglais\/?p=3903\" class=\"\" target=\"_blank\" rel=\"noopener noreferrer nofollow\" style=\"\">Grand Oral (2025)<\/a>\n\n        <div class=\"wprss-feed-meta\">\n                <span class=\"feed-source\">\n        Source:  <a href=\"https:\/\/site.ac-martinique.fr\/anglais\/?feed=rss2\" class=\"\" target=\"_blank\" rel=\"noopener noreferrer nofollow\" style=\"\">Anglais<\/a>\n    <\/span>\n                <span class=\"feed-date\">\n        Date:  2025-05-28\n    <\/span>\n            <span class=\"feed-author\">By Webmestre<\/span>\n        <\/div>\n\n        \n    <\/li>    <li class=\"wpra-item feed-item \">\n        <a href=\"https:\/\/site.ac-martinique.fr\/espagnol\/?p=3431\" class=\"\" target=\"_blank\" rel=\"noopener noreferrer nofollow\" style=\"\">R\u00e9forme des concours enseignants : ce qui change en 2025<\/a>\n\n        <div class=\"wprss-feed-meta\">\n                <span class=\"feed-source\">\n        Source:  <a href=\"https:\/\/site.ac-martinique.fr\/espagnol\/?feed=rss2\" class=\"\" target=\"_blank\" rel=\"noopener noreferrer nofollow\" style=\"\">Espagnol<\/a>\n    <\/span>\n                <span class=\"feed-date\">\n        Date:  2025-05-28\n    <\/span>\n            <span class=\"feed-author\">By webmestre<\/span>\n        <\/div>\n\n        \n    <\/li>    <li class=\"wpra-item feed-item \">\n        <a href=\"https:\/\/site.ac-martinique.fr\/svt\/?p=6102\" class=\"\" target=\"_blank\" rel=\"noopener noreferrer nofollow\" style=\"\">L\u2019\u00c9cho des G\u00e9osciences n\u00b05 est en ligne !<\/a>\n\n        <div class=\"wprss-feed-meta\">\n                <span class=\"feed-source\">\n        Source:  <a href=\"https:\/\/site.ac-martinique.fr\/svt\/?feed=rss2\" class=\"\" target=\"_blank\" rel=\"noopener noreferrer nofollow\" style=\"\">SVT<\/a>\n    <\/span>\n                <span class=\"feed-date\">\n        Date:  2025-05-26\n    <\/span>\n            <span class=\"feed-author\">By Gwladys FORDANT<\/span>\n        <\/div>\n\n        \n    <\/li>    <li class=\"wpra-item feed-item \">\n        <a href=\"https:\/\/site.ac-martinique.fr\/svt\/?p=6050\" class=\"\" target=\"_blank\" rel=\"noopener noreferrer nofollow\" style=\"\">\u00ab\u00a0S\u00e9lection CNRS Edition, Avril 2025\u00a0\u00bb<\/a>\n\n        <div class=\"wprss-feed-meta\">\n                <span class=\"feed-source\">\n        Source:  <a href=\"https:\/\/site.ac-martinique.fr\/svt\/?feed=rss2\" class=\"\" target=\"_blank\" rel=\"noopener noreferrer nofollow\" style=\"\">SVT<\/a>\n    <\/span>\n                <span class=\"feed-date\">\n        Date:  2025-05-20\n    <\/span>\n            <span class=\"feed-author\">By Gwladys FORDANT<\/span>\n        <\/div>\n\n        \n    <\/li>    <li class=\"wpra-item feed-item \">\n        <a href=\"https:\/\/site.ac-martinique.fr\/svt\/?p=6071\" class=\"\" target=\"_blank\" rel=\"noopener noreferrer nofollow\" style=\"\">Palmar\u00e8s acad\u00e9mique du Rallye de G\u00e9oscience 2025<\/a>\n\n        <div class=\"wprss-feed-meta\">\n                <span class=\"feed-source\">\n        Source:  <a href=\"https:\/\/site.ac-martinique.fr\/svt\/?feed=rss2\" class=\"\" target=\"_blank\" rel=\"noopener noreferrer nofollow\" style=\"\">SVT<\/a>\n    <\/span>\n                <span class=\"feed-date\">\n        Date:  2025-05-20\n    <\/span>\n            <span class=\"feed-author\">By Gwladys FORDANT<\/span>\n        <\/div>\n\n        \n    <\/li>    <li class=\"wpra-item feed-item \">\n        <a href=\"https:\/\/site.ac-martinique.fr\/edd\/?p=2437\" class=\"\" target=\"_blank\" rel=\"noopener noreferrer nofollow\" style=\"\">L\u2019Oc\u00e9an dans vos classes \u2013 \u00c9dition 2025<\/a>\n\n        <div class=\"wprss-feed-meta\">\n                <span class=\"feed-source\">\n        Source:  <a href=\"https:\/\/site.ac-martinique.fr\/edd\/?feed=rss2\" class=\"\" target=\"_blank\" rel=\"noopener noreferrer nofollow\" style=\"\">EDD<\/a>\n    <\/span>\n                <span class=\"feed-date\">\n        Date:  2025-05-20\n    <\/span>\n            <span class=\"feed-author\">By Gwladys FORDANT<\/span>\n        <\/div>\n\n        \n    <\/li>    <li class=\"wpra-item feed-item \">\n        <a href=\"https:\/\/site.ac-martinique.fr\/svt\/?p=6055\" class=\"\" target=\"_blank\" rel=\"noopener noreferrer nofollow\" style=\"\">L\u2019Oc\u00e9an dans vos classes \u2013 \u00c9dition 2025<\/a>\n\n        <div class=\"wprss-feed-meta\">\n                <span class=\"feed-source\">\n        Source:  <a href=\"https:\/\/site.ac-martinique.fr\/svt\/?feed=rss2\" class=\"\" target=\"_blank\" rel=\"noopener noreferrer nofollow\" style=\"\">SVT<\/a>\n    <\/span>\n                <span class=\"feed-date\">\n        Date:  2025-05-20\n    <\/span>\n            <span class=\"feed-author\">By Gwladys FORDANT<\/span>\n        <\/div>\n\n        \n    <\/li>    <li class=\"wpra-item feed-item \">\n        <a href=\"https:\/\/site.ac-martinique.fr\/missionnumerique1d\/?p=1715\" class=\"\" target=\"_blank\" rel=\"noopener noreferrer nofollow\" style=\"\">Rallye Maths\/Sport dans le REP Beaus\u00e9jour : une journ\u00e9e de d\u00e9fis et de partage !<\/a>\n\n        <div class=\"wprss-feed-meta\">\n                <span class=\"feed-source\">\n        Source:  <a href=\"https:\/\/site.ac-martinique.fr\/missionnumerique1d\/?feed=rss2\" class=\"\" target=\"_blank\" rel=\"noopener noreferrer nofollow\" style=\"\">Mission Num\u00e9rique 1D<\/a>\n    <\/span>\n                <span class=\"feed-date\">\n        Date:  2025-05-19\n    <\/span>\n            <span class=\"feed-author\">By Noemie CAUVER<\/span>\n        <\/div>\n\n        \n    <\/li>    <li class=\"wpra-item feed-item \">\n        <a href=\"https:\/\/site.ac-martinique.fr\/sciences-economiques\/?p=1788\" class=\"\" target=\"_blank\" rel=\"noopener noreferrer nofollow\" style=\"\">En route pour le bac !<\/a>\n\n        <div class=\"wprss-feed-meta\">\n                <span class=\"feed-source\">\n        Source:  <a href=\"https:\/\/site.ac-martinique.fr\/sciences-economiques\/?feed=rss2\" class=\"\" target=\"_blank\" rel=\"noopener noreferrer nofollow\" style=\"\">Sciences Economiques<\/a>\n    <\/span>\n                <span class=\"feed-date\">\n        Date:  2025-05-15\n    <\/span>\n            <span class=\"feed-author\">By Sandra Gaby RENE-CORAIL<\/span>\n        <\/div>\n\n        \n    <\/li>    <li class=\"wpra-item feed-item \">\n        <a href=\"https:\/\/site.ac-martinique.fr\/sciences-economiques\/?p=1786\" class=\"\" target=\"_blank\" rel=\"noopener noreferrer nofollow\" style=\"\">Prot\u00e9g\u00e9\u00a0: Les attendus des \u00e9preuves du BACCALAUR\u00c9AT<\/a>\n\n        <div class=\"wprss-feed-meta\">\n                <span class=\"feed-source\">\n        Source:  <a href=\"https:\/\/site.ac-martinique.fr\/sciences-economiques\/?feed=rss2\" class=\"\" target=\"_blank\" rel=\"noopener noreferrer nofollow\" style=\"\">Sciences Economiques<\/a>\n    <\/span>\n                <span class=\"feed-date\">\n        Date:  2025-05-15\n    <\/span>\n            <span class=\"feed-author\">By Sandra Gaby RENE-CORAIL<\/span>\n        <\/div>\n\n        \n    <\/li>    <li class=\"wpra-item feed-item \">\n        <a href=\"https:\/\/site.ac-martinique.fr\/creole\/?p=646\" class=\"\" target=\"_blank\" rel=\"noopener noreferrer nofollow\" style=\"\">Retour d\u2019exp\u00e9rience : utiliser Book Creator<\/a>\n\n        <div class=\"wprss-feed-meta\">\n                <span class=\"feed-source\">\n        Source:  <a href=\"https:\/\/site.ac-martinique.fr\/creole\/?feed=rss2\" class=\"\" target=\"_blank\" rel=\"noopener noreferrer nofollow\" style=\"\">Cr\u00e9ole<\/a>\n    <\/span>\n                <span class=\"feed-date\">\n        Date:  2025-05-13\n    <\/span>\n            <span class=\"feed-author\">By wpcreole<\/span>\n        <\/div>\n\n        \n    <\/li>    <li class=\"wpra-item feed-item \">\n        <a href=\"https:\/\/site.ac-martinique.fr\/missionnumerique1d\/?p=1710\" class=\"\" target=\"_blank\" rel=\"noopener noreferrer nofollow\" style=\"\">PIX Junior \u00e0 l\u2019\u00e9cole Ultima Vestris<\/a>\n\n        <div class=\"wprss-feed-meta\">\n                <span class=\"feed-source\">\n        Source:  <a href=\"https:\/\/site.ac-martinique.fr\/missionnumerique1d\/?feed=rss2\" class=\"\" target=\"_blank\" rel=\"noopener noreferrer nofollow\" style=\"\">Mission Num\u00e9rique 1D<\/a>\n    <\/span>\n                <span class=\"feed-date\">\n        Date:  2025-05-13\n    <\/span>\n            <span class=\"feed-author\">By Noemie CAUVER<\/span>\n        <\/div>\n\n        \n    <\/li>    <li class=\"wpra-item feed-item \">\n        <a href=\"https:\/\/site.ac-martinique.fr\/espagnol\/?p=3428\" class=\"\" target=\"_blank\" rel=\"noopener noreferrer nofollow\" style=\"\">CAPES externe Bac+3 : publication du programme<\/a>\n\n        <div class=\"wprss-feed-meta\">\n                <span class=\"feed-source\">\n        Source:  <a href=\"https:\/\/site.ac-martinique.fr\/espagnol\/?feed=rss2\" class=\"\" target=\"_blank\" rel=\"noopener noreferrer nofollow\" style=\"\">Espagnol<\/a>\n    <\/span>\n                <span class=\"feed-date\">\n        Date:  2025-05-11\n    <\/span>\n            <span class=\"feed-author\">By webmestre<\/span>\n        <\/div>\n\n        \n    <\/li>    <li class=\"wpra-item feed-item \">\n        <a href=\"https:\/\/site.ac-martinique.fr\/physique-chimie\/?p=8152\" class=\"\" target=\"_blank\" rel=\"noopener noreferrer nofollow\" style=\"\">Lettre d\u2019information de \u201cSciences \u00e0 l\u2019\u00e9cole\u201d<\/a>\n\n        <div class=\"wprss-feed-meta\">\n                <span class=\"feed-source\">\n        Source:  <a href=\"https:\/\/site.ac-martinique.fr\/physique-chimie\/?feed=rss2\" class=\"\" target=\"_blank\" rel=\"noopener noreferrer nofollow\" style=\"\">Physique Chimie<\/a>\n    <\/span>\n                <span class=\"feed-date\">\n        Date:  2025-05-08\n    <\/span>\n            <span class=\"feed-author\">By Dimitri ODONNAT<\/span>\n        <\/div>\n\n        \n    <\/li>    <li class=\"wpra-item feed-item \">\n        <a href=\"https:\/\/site.ac-martinique.fr\/physique-chimie\/?p=8148\" class=\"\" target=\"_blank\" rel=\"noopener noreferrer nofollow\" style=\"\">Lettre d\u2019information de \u201cSciences \u00e0 l\u2019\u00c9cole\u201d<\/a>\n\n        <div class=\"wprss-feed-meta\">\n                <span class=\"feed-source\">\n        Source:  <a href=\"https:\/\/site.ac-martinique.fr\/physique-chimie\/?feed=rss2\" class=\"\" target=\"_blank\" rel=\"noopener noreferrer nofollow\" style=\"\">Physique Chimie<\/a>\n    <\/span>\n                <span class=\"feed-date\">\n        Date:  2025-05-08\n    <\/span>\n            <span class=\"feed-author\">By Dimitri ODONNAT<\/span>\n        <\/div>\n\n        \n    <\/li>    <li class=\"wpra-item feed-item \">\n        <a href=\"https:\/\/site.ac-martinique.fr\/physique-chimie\/?p=8145\" class=\"\" target=\"_blank\" rel=\"noopener noreferrer nofollow\" style=\"\">Lettre d\u2019information de \u201cSciences \u00e0 l\u2019\u00c9cole\u201d<\/a>\n\n        <div class=\"wprss-feed-meta\">\n                <span class=\"feed-source\">\n        Source:  <a href=\"https:\/\/site.ac-martinique.fr\/physique-chimie\/?feed=rss2\" class=\"\" target=\"_blank\" rel=\"noopener noreferrer nofollow\" style=\"\">Physique Chimie<\/a>\n    <\/span>\n                <span class=\"feed-date\">\n        Date:  2025-05-08\n    <\/span>\n            <span class=\"feed-author\">By Dimitri ODONNAT<\/span>\n        <\/div>\n\n        \n    <\/li>    <li class=\"wpra-item feed-item \">\n        <a href=\"https:\/\/site.ac-martinique.fr\/physique-chimie\/?p=8137\" class=\"\" target=\"_blank\" rel=\"noopener noreferrer nofollow\" style=\"\">Nouveaux outils collaboratifs disponibles via le portail Apps Education : Docs et Grist<\/a>\n\n        <div class=\"wprss-feed-meta\">\n                <span class=\"feed-source\">\n        Source:  <a href=\"https:\/\/site.ac-martinique.fr\/physique-chimie\/?feed=rss2\" class=\"\" target=\"_blank\" rel=\"noopener noreferrer nofollow\" style=\"\">Physique Chimie<\/a>\n    <\/span>\n                <span class=\"feed-date\">\n        Date:  2025-05-08\n    <\/span>\n            <span class=\"feed-author\">By Dimitri ODONNAT<\/span>\n        <\/div>\n\n        \n    <\/li>\n        <\/ul>\n    <\/div>     <div class=\"nav-links wpra-nav-links numbered\">\n        \n        \n            <span class=\"alignleft wpra-feed-current-page\">\n        1\n    <\/span>    <div class=\"nav-next alignleft wpra-feed-page\">\n            <a data-wpra-page=\"2\" hx-post=\"https:\/\/site.ac-martinique.fr\/wp-admin\/admin-ajax.php\" hx-vals=\"{&quot;action&quot;:&quot;wpra.render.display&quot;,&quot;data&quot;:{&quot;id&quot;:6,&quot;page&quot;:2,&quot;sources&quot;:&quot;104,105,106,107,127,108,130,109,110,27,111,112,35,29,28,113,114,116,117,118,119,120,37,16,38,121,122,41,39,40,15,123,124,43,115,125,126&quot;,&quot;limit&quot;:100,&quot;pagination&quot;:&quot;on&quot;,&quot;_wpnonce&quot;:&quot;5d5f2fc743&quot;}}\">\n        2\n    <\/a>\n    <\/div>    <div class=\"nav-next alignleft wpra-feed-page\">\n            <a data-wpra-page=\"3\" hx-post=\"https:\/\/site.ac-martinique.fr\/wp-admin\/admin-ajax.php\" hx-vals=\"{&quot;action&quot;:&quot;wpra.render.display&quot;,&quot;data&quot;:{&quot;id&quot;:6,&quot;page&quot;:3,&quot;sources&quot;:&quot;104,105,106,107,127,108,130,109,110,27,111,112,35,29,28,113,114,116,117,118,119,120,37,16,38,121,122,41,39,40,15,123,124,43,115,125,126&quot;,&quot;limit&quot;:100,&quot;pagination&quot;:&quot;on&quot;,&quot;_wpnonce&quot;:&quot;5d5f2fc743&quot;}}\">\n        3\n    <\/a>\n    <\/div>\n        <span class=\"alignleft wpra-feed-more-pages\">\u2026<\/span>\n            <div class=\"nav-next alignleft wpra-feed-next-pages\">\n            <a data-wpra-page=\"2\" hx-post=\"https:\/\/site.ac-martinique.fr\/wp-admin\/admin-ajax.php\" hx-vals=\"{&quot;action&quot;:&quot;wpra.render.display&quot;,&quot;data&quot;:{&quot;id&quot;:6,&quot;page&quot;:2,&quot;sources&quot;:&quot;104,105,106,107,127,108,130,109,110,27,111,112,35,29,28,113,114,116,117,118,119,120,37,16,38,121,122,41,39,40,15,123,124,43,115,125,126&quot;,&quot;limit&quot;:100,&quot;pagination&quot;:&quot;on&quot;,&quot;_wpnonce&quot;:&quot;5d5f2fc743&quot;}}\">\n        Next\n    <\/a>\n    <\/div>\n    <\/div><\/div>","protected":false},"excerpt":{"rendered":"","protected":false},"author":206,"featured_media":0,"comment_status":"closed","ping_status":"closed","sticky":false,"template":"","format":"standard","meta":{"footnotes":""},"categories":[1],"tags":[],"class_list":["post-38709","post","type-post","status-publish","format-standard","hentry","category-uncategorized"],"_links":{"self":[{"href":"https:\/\/site.ac-martinique.fr\/index.php?rest_route=\/wp\/v2\/posts\/38709","targetHints":{"allow":["GET"]}}],"collection":[{"href":"https:\/\/site.ac-martinique.fr\/index.php?rest_route=\/wp\/v2\/posts"}],"about":[{"href":"https:\/\/site.ac-martinique.fr\/index.php?rest_route=\/wp\/v2\/types\/post"}],"author":[{"embeddable":true,"href":"https:\/\/site.ac-martinique.fr\/index.php?rest_route=\/wp\/v2\/users\/206"}],"replies":[{"embeddable":true,"href":"https:\/\/site.ac-martinique.fr\/index.php?rest_route=%2Fwp%2Fv2%2Fcomments&post=38709"}],"version-history":[{"count":6,"href":"https:\/\/site.ac-martinique.fr\/index.php?rest_route=\/wp\/v2\/posts\/38709\/revisions"}],"predecessor-version":[{"id":39296,"href":"https:\/\/site.ac-martinique.fr\/index.php?rest_route=\/wp\/v2\/posts\/38709\/revisions\/39296"}],"wp:attachment":[{"href":"https:\/\/site.ac-martinique.fr\/index.php?rest_route=%2Fwp%2Fv2%2Fmedia&parent=38709"}],"wp:term":[{"taxonomy":"category","embeddable":true,"href":"https:\/\/site.ac-martinique.fr\/index.php?rest_route=%2Fwp%2Fv2%2Fcategories&post=38709"},{"taxonomy":"post_tag","embeddable":true,"href":"https:\/\/site.ac-martinique.fr\/index.php?rest_route=%2Fwp%2Fv2%2Ftags&post=38709"}],"curies":[{"name":"wp","href":"https:\/\/api.w.org\/{rel}","templated":true}]}}