{"id":38710,"date":"2025-07-09T12:02:56","date_gmt":"2025-07-09T16:02:56","guid":{"rendered":"https:\/\/site.ac-martinique.fr\/?p=38710"},"modified":"2025-10-28T13:39:10","modified_gmt":"2025-10-28T17:39:10","slug":"actualite-des-sites-des-lycees-de-lacademie-de-martinique","status":"publish","type":"post","link":"https:\/\/site.ac-martinique.fr\/?p=38710","title":{"rendered":"Actualit\u00e9 des sites des lyc\u00e9es de l\u2019acad\u00e9mie de Martinique"},"content":{"rendered":"<div class=\"wpra-display align\" data-display-id=\"5\" hx-target=\"this\" hx-swap=\"outerHTML\">    <div class=\"wp-rss-aggregator wpra-list-template \">\n        <ul class=\"rss-aggregator wpra-item-list wpra-item-list--bullets wpra-item-list--default\" start=\"1\">\n                <li class=\"wpra-item feed-item \">\n        <a href=\"https:\/\/site.ac-martinique.fr\/lyc-leopoldbissol\/2026\/04\/27\/technologie-5-%C2%B7-mode-de-pose\/\" class=\"\" target=\"_blank\" rel=\"noopener noreferrer nofollow\" style=\"\">Prot\u00e9g\u00e9\u00a0: Technologie 5 \u00b7 Mode de pose<\/a>\n\n        <div class=\"wprss-feed-meta\">\n                <span class=\"feed-source\">\n        Source:  <a href=\"https:\/\/site.ac-martinique.fr\/lyc-leopoldbissol\/?feed-rss2\" class=\"\" target=\"_blank\" rel=\"noopener noreferrer nofollow\" style=\"\">Lyc\u00e9e L\u00e9opold BISSOL<\/a>\n    <\/span>\n                <span class=\"feed-date\">\n        Date:  2026-04-27\n    <\/span>\n            <span class=\"feed-author\">By nlecerf<\/span>\n        <\/div>\n\n        \n    <\/li>    <li class=\"wpra-item feed-item \">\n        <a href=\"https:\/\/site.ac-martinique.fr\/lyc-leopoldbissol\/2026\/04\/27\/menu-du-27-au-30-avril-2026\/\" class=\"\" target=\"_blank\" rel=\"noopener noreferrer nofollow\" style=\"\">MENU DU 27 AU 30 AVRIL 2026<\/a>\n\n        <div class=\"wprss-feed-meta\">\n                <span class=\"feed-source\">\n        Source:  <a href=\"https:\/\/site.ac-martinique.fr\/lyc-leopoldbissol\/?feed-rss2\" class=\"\" target=\"_blank\" rel=\"noopener noreferrer nofollow\" style=\"\">Lyc\u00e9e L\u00e9opold BISSOL<\/a>\n    <\/span>\n                <span class=\"feed-date\">\n        Date:  2026-04-27\n    <\/span>\n            <span class=\"feed-author\">By Val\u00e9rie-Louise PHILIBERT<\/span>\n        <\/div>\n\n        \n    <\/li>    <li class=\"wpra-item feed-item \">\n        <a href=\"https:\/\/site.ac-martinique.fr\/lyc-leopoldbissol\/2026\/04\/22\/menu-du-20-au-24-avril-2026\/\" class=\"\" target=\"_blank\" rel=\"noopener noreferrer nofollow\" style=\"\">MENU DU 20 AU 24 AVRIL 2026<\/a>\n\n        <div class=\"wprss-feed-meta\">\n                <span class=\"feed-source\">\n        Source:  <a href=\"https:\/\/site.ac-martinique.fr\/lyc-leopoldbissol\/?feed-rss2\" class=\"\" target=\"_blank\" rel=\"noopener noreferrer nofollow\" style=\"\">Lyc\u00e9e L\u00e9opold BISSOL<\/a>\n    <\/span>\n                <span class=\"feed-date\">\n        Date:  2026-04-22\n    <\/span>\n            <span class=\"feed-author\">By Val\u00e9rie-Louise PHILIBERT<\/span>\n        <\/div>\n\n        \n    <\/li>    <li class=\"wpra-item feed-item \">\n        <a href=\"https:\/\/site.ac-martinique.fr\/lyc-leopoldbissol\/2026\/04\/18\/les-eleves-du-lycee-leopold-bissol-au-coeur-du-village-de-la-prevention-students-of-lycee-leopold-bissol-take-part-in-this-years-prevention-village\/\" class=\"\" target=\"_blank\" rel=\"noopener noreferrer nofollow\" style=\"\">Les \u00e9l\u00e8ves du lyc\u00e9e L\u00e9opold Bissol au c\u0153ur du \u201cVillage de la Pr\u00e9vention\u201d \/ Students of Lyc\u00e9e L\u00e9opold Bissol Take Part in This Year\u2019s \u201cPrevention Village\u201d<\/a>\n\n        <div class=\"wprss-feed-meta\">\n                <span class=\"feed-source\">\n        Source:  <a href=\"https:\/\/site.ac-martinique.fr\/lyc-leopoldbissol\/?feed-rss2\" class=\"\" target=\"_blank\" rel=\"noopener noreferrer nofollow\" style=\"\">Lyc\u00e9e L\u00e9opold BISSOL<\/a>\n    <\/span>\n                <span class=\"feed-date\">\n        Date:  2026-04-17\n    <\/span>\n            <span class=\"feed-author\">By Jessica MONRAPHA<\/span>\n        <\/div>\n\n        \n    <\/li>    <li class=\"wpra-item feed-item \">\n        <a href=\"https:\/\/site.ac-martinique.fr\/lyc-leopoldbissol\/2026\/04\/02\/les-eco-delegues-et-les-eleves-du-cvl-du-lycee-leopold-bissol-participent-a-laventure-trimovies-2025-eco-delegates-and-cvl-students-from-lycee-leopold-bissol-take-part-in-th\/\" class=\"\" target=\"_blank\" rel=\"noopener noreferrer nofollow\" style=\"\">Les \u00e9co\u2011d\u00e9l\u00e9gu\u00e9s et les \u00e9l\u00e8ves du CVL du lyc\u00e9e L\u00e9opold Bissol participent \u00e0 l\u2019aventure TRIMOVIES 2025 \/ Eco\u2011Delegates and CVL Students from Lyc\u00e9e L\u00e9opold Bissol Take Part in the TRIMOVIES Adventure<\/a>\n\n        <div class=\"wprss-feed-meta\">\n                <span class=\"feed-source\">\n        Source:  <a href=\"https:\/\/site.ac-martinique.fr\/lyc-leopoldbissol\/?feed-rss2\" class=\"\" target=\"_blank\" rel=\"noopener noreferrer nofollow\" style=\"\">Lyc\u00e9e L\u00e9opold BISSOL<\/a>\n    <\/span>\n                <span class=\"feed-date\">\n        Date:  2026-04-02\n    <\/span>\n            <span class=\"feed-author\">By Jessica MONRAPHA<\/span>\n        <\/div>\n\n        \n    <\/li>    <li class=\"wpra-item feed-item \">\n        <a href=\"https:\/\/site.ac-martinique.fr\/lyc-leopoldbissol\/2026\/03\/31\/journee-safer-internet-day-une-mobilisation-engagee-des-eleves-safer-internet-day-a-strong-and-engaged-student-mobilization-17-03-26\/\" class=\"\" target=\"_blank\" rel=\"noopener noreferrer nofollow\" style=\"\">Journ\u00e9e Safer Internet Day : une mobilisation engag\u00e9e des \u00e9l\u00e8ves \/Safer Internet Day: A Strong and Engaged Student Mobilization 17.03.26<\/a>\n\n        <div class=\"wprss-feed-meta\">\n                <span class=\"feed-source\">\n        Source:  <a href=\"https:\/\/site.ac-martinique.fr\/lyc-leopoldbissol\/?feed-rss2\" class=\"\" target=\"_blank\" rel=\"noopener noreferrer nofollow\" style=\"\">Lyc\u00e9e L\u00e9opold BISSOL<\/a>\n    <\/span>\n                <span class=\"feed-date\">\n        Date:  2026-03-31\n    <\/span>\n            <span class=\"feed-author\">By Jessica MONRAPHA<\/span>\n        <\/div>\n\n        \n    <\/li>    <li class=\"wpra-item feed-item \">\n        <a href=\"https:\/\/site.ac-martinique.fr\/lyc-leopoldbissol\/2026\/03\/27\/menu-du-30-mars-au-2-avril-2026\/\" class=\"\" target=\"_blank\" rel=\"noopener noreferrer nofollow\" style=\"\">MENU DU 30 MARS AU 2 AVRIL 2026<\/a>\n\n        <div class=\"wprss-feed-meta\">\n                <span class=\"feed-source\">\n        Source:  <a href=\"https:\/\/site.ac-martinique.fr\/lyc-leopoldbissol\/?feed-rss2\" class=\"\" target=\"_blank\" rel=\"noopener noreferrer nofollow\" style=\"\">Lyc\u00e9e L\u00e9opold BISSOL<\/a>\n    <\/span>\n                <span class=\"feed-date\">\n        Date:  2026-03-27\n    <\/span>\n            <span class=\"feed-author\">By Val\u00e9rie-Louise PHILIBERT<\/span>\n        <\/div>\n\n        \n    <\/li>    <li class=\"wpra-item feed-item \">\n        <a href=\"https:\/\/site.ac-martinique.fr\/lyc-leopoldbissol\/2026\/03\/26\/salon-des-metiers-bissol-2026-les-femmes-construisent-aujourdhui-le-btp-de-demain-une-journee-reussie\/\" class=\"\" target=\"_blank\" rel=\"noopener noreferrer nofollow\" style=\"\">Salon des M\u00e9tiers Bissol 2026 \u2014 \u00ab Les femmes construisent aujourd\u2019hui le BTP de demain \u00bb : une journ\u00e9e r\u00e9ussie<\/a>\n\n        <div class=\"wprss-feed-meta\">\n                <span class=\"feed-source\">\n        Source:  <a href=\"https:\/\/site.ac-martinique.fr\/lyc-leopoldbissol\/?feed-rss2\" class=\"\" target=\"_blank\" rel=\"noopener noreferrer nofollow\" style=\"\">Lyc\u00e9e L\u00e9opold BISSOL<\/a>\n    <\/span>\n                <span class=\"feed-date\">\n        Date:  2026-03-26\n    <\/span>\n            <span class=\"feed-author\">By nlecerf<\/span>\n        <\/div>\n\n        \n    <\/li>    <li class=\"wpra-item feed-item \">\n        <a href=\"https:\/\/site.ac-martinique.fr\/lyc-leopoldbissol\/2026\/03\/23\/menu-du-23-au-27-mars-2026-2\/\" class=\"\" target=\"_blank\" rel=\"noopener noreferrer nofollow\" style=\"\">MENU DU 23 AU 27 MARS 2026<\/a>\n\n        <div class=\"wprss-feed-meta\">\n                <span class=\"feed-source\">\n        Source:  <a href=\"https:\/\/site.ac-martinique.fr\/lyc-leopoldbissol\/?feed-rss2\" class=\"\" target=\"_blank\" rel=\"noopener noreferrer nofollow\" style=\"\">Lyc\u00e9e L\u00e9opold BISSOL<\/a>\n    <\/span>\n                <span class=\"feed-date\">\n        Date:  2026-03-23\n    <\/span>\n            <span class=\"feed-author\">By Val\u00e9rie-Louise PHILIBERT<\/span>\n        <\/div>\n\n        \n    <\/li>    <li class=\"wpra-item feed-item \">\n        <a href=\"https:\/\/site.ac-martinique.fr\/lyc-leopoldbissol\/2026\/03\/23\/exposition-la-place-des-femmes-dans-le-btp\/\" class=\"\" target=\"_blank\" rel=\"noopener noreferrer nofollow\" style=\"\">Exposition : La place des femmes dans le BTP<\/a>\n\n        <div class=\"wprss-feed-meta\">\n                <span class=\"feed-source\">\n        Source:  <a href=\"https:\/\/site.ac-martinique.fr\/lyc-leopoldbissol\/?feed-rss2\" class=\"\" target=\"_blank\" rel=\"noopener noreferrer nofollow\" style=\"\">Lyc\u00e9e L\u00e9opold BISSOL<\/a>\n    <\/span>\n                <span class=\"feed-date\">\n        Date:  2026-03-22\n    <\/span>\n            <span class=\"feed-author\">By nlecerf<\/span>\n        <\/div>\n\n        \n    <\/li>    <li class=\"wpra-item feed-item \">\n        <a href=\"https:\/\/site.ac-martinique.fr\/lyc-leopoldbissol\/2026\/03\/20\/cest-le-moment-pour-les-lyceens-de-terminale-de-constituer-leur-dossier-social-etudiant-dse\/\" class=\"\" target=\"_blank\" rel=\"noopener noreferrer nofollow\" style=\"\">C\u2019est le moment pour les lyc\u00e9ens de terminale de constituer leur dossier social \u00e9tudiant (DSE)<\/a>\n\n        <div class=\"wprss-feed-meta\">\n                <span class=\"feed-source\">\n        Source:  <a href=\"https:\/\/site.ac-martinique.fr\/lyc-leopoldbissol\/?feed-rss2\" class=\"\" target=\"_blank\" rel=\"noopener noreferrer nofollow\" style=\"\">Lyc\u00e9e L\u00e9opold BISSOL<\/a>\n    <\/span>\n                <span class=\"feed-date\">\n        Date:  2026-03-20\n    <\/span>\n            <span class=\"feed-author\">By nlecerf<\/span>\n        <\/div>\n\n        \n    <\/li>    <li class=\"wpra-item feed-item \">\n        <a href=\"https:\/\/site.ac-martinique.fr\/lyc-leopoldbissol\/2026\/03\/20\/menu-du-23-au-27-mars-2026\/\" class=\"\" target=\"_blank\" rel=\"noopener noreferrer nofollow\" style=\"\">MENU DU 23 AU 27 MARS 2026<\/a>\n\n        <div class=\"wprss-feed-meta\">\n                <span class=\"feed-source\">\n        Source:  <a href=\"https:\/\/site.ac-martinique.fr\/lyc-leopoldbissol\/?feed-rss2\" class=\"\" target=\"_blank\" rel=\"noopener noreferrer nofollow\" style=\"\">Lyc\u00e9e L\u00e9opold BISSOL<\/a>\n    <\/span>\n                <span class=\"feed-date\">\n        Date:  2026-03-20\n    <\/span>\n            <span class=\"feed-author\">By Val\u00e9rie-Louise PHILIBERT<\/span>\n        <\/div>\n\n        \n    <\/li>    <li class=\"wpra-item feed-item \">\n        <a href=\"https:\/\/site.ac-martinique.fr\/lyc-leopoldbissol\/2026\/03\/16\/menu-du-16-au-20-mars-2026\/\" class=\"\" target=\"_blank\" rel=\"noopener noreferrer nofollow\" style=\"\">MENU DU 16 AU 20 MARS 2026<\/a>\n\n        <div class=\"wprss-feed-meta\">\n                <span class=\"feed-source\">\n        Source:  <a href=\"https:\/\/site.ac-martinique.fr\/lyc-leopoldbissol\/?feed-rss2\" class=\"\" target=\"_blank\" rel=\"noopener noreferrer nofollow\" style=\"\">Lyc\u00e9e L\u00e9opold BISSOL<\/a>\n    <\/span>\n                <span class=\"feed-date\">\n        Date:  2026-03-16\n    <\/span>\n            <span class=\"feed-author\">By Val\u00e9rie-Louise PHILIBERT<\/span>\n        <\/div>\n\n        \n    <\/li>    <li class=\"wpra-item feed-item \">\n        <a href=\"https:\/\/site.ac-martinique.fr\/lyc-leopoldbissol\/2026\/03\/11\/visite-de-lhabitation-gradis-a-basse-pointe\/\" class=\"\" target=\"_blank\" rel=\"noopener noreferrer nofollow\" style=\"\">Visite de l\u2019Habitation Gradis, \u00e0 Basse-Pointe.<\/a>\n\n        <div class=\"wprss-feed-meta\">\n                <span class=\"feed-source\">\n        Source:  <a href=\"https:\/\/site.ac-martinique.fr\/lyc-leopoldbissol\/?feed-rss2\" class=\"\" target=\"_blank\" rel=\"noopener noreferrer nofollow\" style=\"\">Lyc\u00e9e L\u00e9opold BISSOL<\/a>\n    <\/span>\n                <span class=\"feed-date\">\n        Date:  2026-03-11\n    <\/span>\n            <span class=\"feed-author\">By nlecerf<\/span>\n        <\/div>\n\n        \n    <\/li>    <li class=\"wpra-item feed-item \">\n        <a href=\"https:\/\/site.ac-martinique.fr\/lyc-leopoldbissol\/2026\/03\/09\/menu-du-9-au-13-mars-2026\/\" class=\"\" target=\"_blank\" rel=\"noopener noreferrer nofollow\" style=\"\">MENU DU 9 AU 13 MARS 2026<\/a>\n\n        <div class=\"wprss-feed-meta\">\n                <span class=\"feed-source\">\n        Source:  <a href=\"https:\/\/site.ac-martinique.fr\/lyc-leopoldbissol\/?feed-rss2\" class=\"\" target=\"_blank\" rel=\"noopener noreferrer nofollow\" style=\"\">Lyc\u00e9e L\u00e9opold BISSOL<\/a>\n    <\/span>\n                <span class=\"feed-date\">\n        Date:  2026-03-09\n    <\/span>\n            <span class=\"feed-author\">By Val\u00e9rie-Louise PHILIBERT<\/span>\n        <\/div>\n\n        \n    <\/li>    <li class=\"wpra-item feed-item \">\n        <a href=\"https:\/\/site.ac-martinique.fr\/lyc-leopoldbissol\/2026\/03\/02\/menu-du-2-au-6-mars-2026\/\" class=\"\" target=\"_blank\" rel=\"noopener noreferrer nofollow\" style=\"\">MENU DU 2 AU 6 MARS 2026<\/a>\n\n        <div class=\"wprss-feed-meta\">\n                <span class=\"feed-source\">\n        Source:  <a href=\"https:\/\/site.ac-martinique.fr\/lyc-leopoldbissol\/?feed-rss2\" class=\"\" target=\"_blank\" rel=\"noopener noreferrer nofollow\" style=\"\">Lyc\u00e9e L\u00e9opold BISSOL<\/a>\n    <\/span>\n                <span class=\"feed-date\">\n        Date:  2026-03-02\n    <\/span>\n            <span class=\"feed-author\">By Val\u00e9rie-Louise PHILIBERT<\/span>\n        <\/div>\n\n        \n    <\/li>    <li class=\"wpra-item feed-item \">\n        <a href=\"https:\/\/site.ac-martinique.fr\/lyc-leopoldbissol\/2026\/02\/23\/menu-du-23-au-27-fevrier-2026\/\" class=\"\" target=\"_blank\" rel=\"noopener noreferrer nofollow\" style=\"\">MENU DU 23 AU 27 FEVRIER 2026<\/a>\n\n        <div class=\"wprss-feed-meta\">\n                <span class=\"feed-source\">\n        Source:  <a href=\"https:\/\/site.ac-martinique.fr\/lyc-leopoldbissol\/?feed-rss2\" class=\"\" target=\"_blank\" rel=\"noopener noreferrer nofollow\" style=\"\">Lyc\u00e9e L\u00e9opold BISSOL<\/a>\n    <\/span>\n                <span class=\"feed-date\">\n        Date:  2026-02-23\n    <\/span>\n            <span class=\"feed-author\">By Val\u00e9rie-Louise PHILIBERT<\/span>\n        <\/div>\n\n        \n    <\/li>    <li class=\"wpra-item feed-item \">\n        <a href=\"https:\/\/site.ac-martinique.fr\/lyc-leopoldbissol\/2026\/02\/22\/technologie-depart-moteur-choix-solution-4-produits\/\" class=\"\" target=\"_blank\" rel=\"noopener noreferrer nofollow\" style=\"\">Prot\u00e9g\u00e9\u00a0: Technologie : d\u00e9part-moteur \u2013 Choix solution 4 produits<\/a>\n\n        <div class=\"wprss-feed-meta\">\n                <span class=\"feed-source\">\n        Source:  <a href=\"https:\/\/site.ac-martinique.fr\/lyc-leopoldbissol\/?feed-rss2\" class=\"\" target=\"_blank\" rel=\"noopener noreferrer nofollow\" style=\"\">Lyc\u00e9e L\u00e9opold BISSOL<\/a>\n    <\/span>\n                <span class=\"feed-date\">\n        Date:  2026-02-22\n    <\/span>\n            <span class=\"feed-author\">By nlecerf<\/span>\n        <\/div>\n\n        \n    <\/li>    <li class=\"wpra-item feed-item \">\n        <a href=\"https:\/\/site.ac-martinique.fr\/lyc-leopoldbissol\/2026\/02\/22\/technologie-depart-moteur-choix-des-appareillages\/\" class=\"\" target=\"_blank\" rel=\"noopener noreferrer nofollow\" style=\"\">Prot\u00e9g\u00e9\u00a0: Technologie : d\u00e9part-moteur \u2013 Choix des appareillages.<\/a>\n\n        <div class=\"wprss-feed-meta\">\n                <span class=\"feed-source\">\n        Source:  <a href=\"https:\/\/site.ac-martinique.fr\/lyc-leopoldbissol\/?feed-rss2\" class=\"\" target=\"_blank\" rel=\"noopener noreferrer nofollow\" style=\"\">Lyc\u00e9e L\u00e9opold BISSOL<\/a>\n    <\/span>\n                <span class=\"feed-date\">\n        Date:  2026-02-22\n    <\/span>\n            <span class=\"feed-author\">By nlecerf<\/span>\n        <\/div>\n\n        \n    <\/li>    <li class=\"wpra-item feed-item \">\n        <a href=\"https:\/\/site.ac-martinique.fr\/lyc-leopoldbissol\/2026\/02\/04\/danmye-memoire-et-transmission-nos-eleves-en-immersion-a-la-maison-du-bele\/\" class=\"\" target=\"_blank\" rel=\"noopener noreferrer nofollow\" style=\"\">Danmy\u00e9, m\u00e9moire et transmission : nos \u00e9l\u00e8ves en immersion \u00e0 la Maison du B\u00e8l\u00e8<\/a>\n\n        <div class=\"wprss-feed-meta\">\n                <span class=\"feed-source\">\n        Source:  <a href=\"https:\/\/site.ac-martinique.fr\/lyc-leopoldbissol\/?feed-rss2\" class=\"\" target=\"_blank\" rel=\"noopener noreferrer nofollow\" style=\"\">Lyc\u00e9e L\u00e9opold BISSOL<\/a>\n    <\/span>\n                <span class=\"feed-date\">\n        Date:  2026-02-04\n    <\/span>\n            <span class=\"feed-author\">By nlecerf<\/span>\n        <\/div>\n\n        \n    <\/li>    <li class=\"wpra-item feed-item \">\n        <a href=\"https:\/\/site.ac-martinique.fr\/lyc-leopoldbissol\/2026\/02\/04\/technologie-depart-moteur-le-relais-thermique\/\" class=\"\" target=\"_blank\" rel=\"noopener noreferrer nofollow\" style=\"\">Prot\u00e9g\u00e9\u00a0: Technologie : d\u00e9part-moteur \u2013 Le relais thermique<\/a>\n\n        <div class=\"wprss-feed-meta\">\n                <span class=\"feed-source\">\n        Source:  <a href=\"https:\/\/site.ac-martinique.fr\/lyc-leopoldbissol\/?feed-rss2\" class=\"\" target=\"_blank\" rel=\"noopener noreferrer nofollow\" style=\"\">Lyc\u00e9e L\u00e9opold BISSOL<\/a>\n    <\/span>\n                <span class=\"feed-date\">\n        Date:  2026-02-04\n    <\/span>\n            <span class=\"feed-author\">By nlecerf<\/span>\n        <\/div>\n\n        \n    <\/li>    <li class=\"wpra-item feed-item \">\n        <a href=\"https:\/\/site.ac-martinique.fr\/lyc-leopoldbissol\/2026\/02\/02\/menu-du-2-au-6-fevrier-2026\/\" class=\"\" target=\"_blank\" rel=\"noopener noreferrer nofollow\" style=\"\">MENU DU 2 AU 6 FEVRIER 2026<\/a>\n\n        <div class=\"wprss-feed-meta\">\n                <span class=\"feed-source\">\n        Source:  <a href=\"https:\/\/site.ac-martinique.fr\/lyc-leopoldbissol\/?feed-rss2\" class=\"\" target=\"_blank\" rel=\"noopener noreferrer nofollow\" style=\"\">Lyc\u00e9e L\u00e9opold BISSOL<\/a>\n    <\/span>\n                <span class=\"feed-date\">\n        Date:  2026-02-02\n    <\/span>\n            <span class=\"feed-author\">By Val\u00e9rie-Louise PHILIBERT<\/span>\n        <\/div>\n\n        \n    <\/li>    <li class=\"wpra-item feed-item \">\n        <a href=\"https:\/\/site.ac-martinique.fr\/lyc-leopoldbissol\/2026\/01\/29\/le-programme-phare-2025-2026-au-lycee-prevenir-agir-accompagner-the-phare-program-at-the-high-school-prevent-act-support\/\" class=\"\" target=\"_blank\" rel=\"noopener noreferrer nofollow\" style=\"\">Le Programme PHARE 2025\/2026 au Lyc\u00e9e : Pr\u00e9venir, Agir, Accompagner\/The PHARE Program at the High School: Prevent, Act, Support<\/a>\n\n        <div class=\"wprss-feed-meta\">\n                <span class=\"feed-source\">\n        Source:  <a href=\"https:\/\/site.ac-martinique.fr\/lyc-leopoldbissol\/?feed-rss2\" class=\"\" target=\"_blank\" rel=\"noopener noreferrer nofollow\" style=\"\">Lyc\u00e9e L\u00e9opold BISSOL<\/a>\n    <\/span>\n                <span class=\"feed-date\">\n        Date:  2026-01-29\n    <\/span>\n            <span class=\"feed-author\">By Jessica MONRAPHA<\/span>\n        <\/div>\n\n        \n    <\/li>    <li class=\"wpra-item feed-item \">\n        <a href=\"https:\/\/site.ac-martinique.fr\/lyc-leopoldbissol\/2026\/01\/27\/technologie-depart-moteur-le-contacteur\/\" class=\"\" target=\"_blank\" rel=\"noopener noreferrer nofollow\" style=\"\">Prot\u00e9g\u00e9\u00a0: Technologie : d\u00e9part-moteur \u2013 Le contacteur<\/a>\n\n        <div class=\"wprss-feed-meta\">\n                <span class=\"feed-source\">\n        Source:  <a href=\"https:\/\/site.ac-martinique.fr\/lyc-leopoldbissol\/?feed-rss2\" class=\"\" target=\"_blank\" rel=\"noopener noreferrer nofollow\" style=\"\">Lyc\u00e9e L\u00e9opold BISSOL<\/a>\n    <\/span>\n                <span class=\"feed-date\">\n        Date:  2026-01-27\n    <\/span>\n            <span class=\"feed-author\">By nlecerf<\/span>\n        <\/div>\n\n        \n    <\/li>    <li class=\"wpra-item feed-item \">\n        <a href=\"https:\/\/site.ac-martinique.fr\/lyc-leopoldbissol\/2026\/01\/26\/technologie-depart-moteur-le-fusible\/\" class=\"\" target=\"_blank\" rel=\"noopener noreferrer nofollow\" style=\"\">Prot\u00e9g\u00e9\u00a0: Technologie : d\u00e9part-moteur \u2013 Le fusible<\/a>\n\n        <div class=\"wprss-feed-meta\">\n                <span class=\"feed-source\">\n        Source:  <a href=\"https:\/\/site.ac-martinique.fr\/lyc-leopoldbissol\/?feed-rss2\" class=\"\" target=\"_blank\" rel=\"noopener noreferrer nofollow\" style=\"\">Lyc\u00e9e L\u00e9opold BISSOL<\/a>\n    <\/span>\n                <span class=\"feed-date\">\n        Date:  2026-01-26\n    <\/span>\n            <span class=\"feed-author\">By nlecerf<\/span>\n        <\/div>\n\n        \n    <\/li>    <li class=\"wpra-item feed-item \">\n        <a href=\"https:\/\/site.ac-martinique.fr\/lyc-leopoldbissol\/2026\/01\/26\/menu-du-26-au-30-janvier-2026\/\" class=\"\" target=\"_blank\" rel=\"noopener noreferrer nofollow\" style=\"\">MENU DU 26 AU 30 JANVIER 2026<\/a>\n\n        <div class=\"wprss-feed-meta\">\n                <span class=\"feed-source\">\n        Source:  <a href=\"https:\/\/site.ac-martinique.fr\/lyc-leopoldbissol\/?feed-rss2\" class=\"\" target=\"_blank\" rel=\"noopener noreferrer nofollow\" style=\"\">Lyc\u00e9e L\u00e9opold BISSOL<\/a>\n    <\/span>\n                <span class=\"feed-date\">\n        Date:  2026-01-26\n    <\/span>\n            <span class=\"feed-author\">By Val\u00e9rie-Louise PHILIBERT<\/span>\n        <\/div>\n\n        \n    <\/li>    <li class=\"wpra-item feed-item \">\n        <a href=\"https:\/\/site.ac-martinique.fr\/lyc-leopoldbissol\/2026\/01\/25\/technologie-depart-moteur-le-sectionneur\/\" class=\"\" target=\"_blank\" rel=\"noopener noreferrer nofollow\" style=\"\">Prot\u00e9g\u00e9\u00a0: Technologie : d\u00e9part-moteur \u2013 Le Sectionneur<\/a>\n\n        <div class=\"wprss-feed-meta\">\n                <span class=\"feed-source\">\n        Source:  <a href=\"https:\/\/site.ac-martinique.fr\/lyc-leopoldbissol\/?feed-rss2\" class=\"\" target=\"_blank\" rel=\"noopener noreferrer nofollow\" style=\"\">Lyc\u00e9e L\u00e9opold BISSOL<\/a>\n    <\/span>\n                <span class=\"feed-date\">\n        Date:  2026-01-25\n    <\/span>\n            <span class=\"feed-author\">By nlecerf<\/span>\n        <\/div>\n\n        \n    <\/li>    <li class=\"wpra-item feed-item \">\n        <a href=\"https:\/\/site.ac-martinique.fr\/lyc-leopoldbissol\/2026\/01\/25\/technologie-depart-moteur\/\" class=\"\" target=\"_blank\" rel=\"noopener noreferrer nofollow\" style=\"\">Prot\u00e9g\u00e9\u00a0: Technologie : d\u00e9part-moteur<\/a>\n\n        <div class=\"wprss-feed-meta\">\n                <span class=\"feed-source\">\n        Source:  <a href=\"https:\/\/site.ac-martinique.fr\/lyc-leopoldbissol\/?feed-rss2\" class=\"\" target=\"_blank\" rel=\"noopener noreferrer nofollow\" style=\"\">Lyc\u00e9e L\u00e9opold BISSOL<\/a>\n    <\/span>\n                <span class=\"feed-date\">\n        Date:  2026-01-25\n    <\/span>\n            <span class=\"feed-author\">By nlecerf<\/span>\n        <\/div>\n\n        \n    <\/li>    <li class=\"wpra-item feed-item \">\n        <a href=\"https:\/\/site.ac-martinique.fr\/lyc-leopoldbissol\/2026\/01\/19\/menu-du-19-au-26-janvier-2026\/\" class=\"\" target=\"_blank\" rel=\"noopener noreferrer nofollow\" style=\"\">MENU DU 19 AU 26 JANVIER 2026<\/a>\n\n        <div class=\"wprss-feed-meta\">\n                <span class=\"feed-source\">\n        Source:  <a href=\"https:\/\/site.ac-martinique.fr\/lyc-leopoldbissol\/?feed-rss2\" class=\"\" target=\"_blank\" rel=\"noopener noreferrer nofollow\" style=\"\">Lyc\u00e9e L\u00e9opold BISSOL<\/a>\n    <\/span>\n                <span class=\"feed-date\">\n        Date:  2026-01-19\n    <\/span>\n            <span class=\"feed-author\">By Val\u00e9rie-Louise PHILIBERT<\/span>\n        <\/div>\n\n        \n    <\/li>    <li class=\"wpra-item feed-item \">\n        <a href=\"https:\/\/site.ac-martinique.fr\/lyc-leopoldbissol\/2026\/01\/12\/menu-du-12-au-16-janvier-2026\/\" class=\"\" target=\"_blank\" rel=\"noopener noreferrer nofollow\" style=\"\">MENU DU 12 AU 16 JANVIER 2026<\/a>\n\n        <div class=\"wprss-feed-meta\">\n                <span class=\"feed-source\">\n        Source:  <a href=\"https:\/\/site.ac-martinique.fr\/lyc-leopoldbissol\/?feed-rss2\" class=\"\" target=\"_blank\" rel=\"noopener noreferrer nofollow\" style=\"\">Lyc\u00e9e L\u00e9opold BISSOL<\/a>\n    <\/span>\n                <span class=\"feed-date\">\n        Date:  2026-01-12\n    <\/span>\n            <span class=\"feed-author\">By Val\u00e9rie-Louise PHILIBERT<\/span>\n        <\/div>\n\n        \n    <\/li>    <li class=\"wpra-item feed-item \">\n        <a href=\"https:\/\/site.ac-martinique.fr\/lyc-leopoldbissol\/2026\/01\/05\/menu-du-5-au-9-janvier-2026\/\" class=\"\" target=\"_blank\" rel=\"noopener noreferrer nofollow\" style=\"\">MENU DU 5 AU 9 JANVIER 2026<\/a>\n\n        <div class=\"wprss-feed-meta\">\n                <span class=\"feed-source\">\n        Source:  <a href=\"https:\/\/site.ac-martinique.fr\/lyc-leopoldbissol\/?feed-rss2\" class=\"\" target=\"_blank\" rel=\"noopener noreferrer nofollow\" style=\"\">Lyc\u00e9e L\u00e9opold BISSOL<\/a>\n    <\/span>\n                <span class=\"feed-date\">\n        Date:  2026-01-05\n    <\/span>\n            <span class=\"feed-author\">By Val\u00e9rie-Louise PHILIBERT<\/span>\n        <\/div>\n\n        \n    <\/li>    <li class=\"wpra-item feed-item \">\n        <a href=\"https:\/\/site.ac-martinique.fr\/lyc-leopoldbissol\/2026\/01\/04\/bonne-annee-happy-new-year-2026\/\" class=\"\" target=\"_blank\" rel=\"noopener noreferrer nofollow\" style=\"\">Bonne Ann\u00e9e \/ Happy New Year 2026<\/a>\n\n        <div class=\"wprss-feed-meta\">\n                <span class=\"feed-source\">\n        Source:  <a href=\"https:\/\/site.ac-martinique.fr\/lyc-leopoldbissol\/?feed-rss2\" class=\"\" target=\"_blank\" rel=\"noopener noreferrer nofollow\" style=\"\">Lyc\u00e9e L\u00e9opold BISSOL<\/a>\n    <\/span>\n                <span class=\"feed-date\">\n        Date:  2026-01-04\n    <\/span>\n            <span class=\"feed-author\">By Jessica MONRAPHA<\/span>\n        <\/div>\n\n        \n    <\/li>    <li class=\"wpra-item feed-item \">\n        <a href=\"https:\/\/site.ac-martinique.fr\/lyc-leopoldbissol\/2025\/12\/25\/une-journee-festive-et-sportive-au-lycee-jeudi-18-12-25-a-festive-and-sportive-day-at-the-lycee\/\" class=\"\" target=\"_blank\" rel=\"noopener noreferrer nofollow\" style=\"\">Une journ\u00e9e festive et sportive au lyc\u00e9e jeudi 18\/12\/25 ! \/ A Festive and Sportive Day at the Lyc\u00e9e!<\/a>\n\n        <div class=\"wprss-feed-meta\">\n                <span class=\"feed-source\">\n        Source:  <a href=\"https:\/\/site.ac-martinique.fr\/lyc-leopoldbissol\/?feed-rss2\" class=\"\" target=\"_blank\" rel=\"noopener noreferrer nofollow\" style=\"\">Lyc\u00e9e L\u00e9opold BISSOL<\/a>\n    <\/span>\n                <span class=\"feed-date\">\n        Date:  2025-12-25\n    <\/span>\n            <span class=\"feed-author\">By Jessica MONRAPHA<\/span>\n        <\/div>\n\n        \n    <\/li>    <li class=\"wpra-item feed-item \">\n        <a href=\"https:\/\/site.ac-martinique.fr\/lyc-leopoldbissol\/2025\/12\/23\/projet-noel-dici-et-dailleurs\/\" class=\"\" target=\"_blank\" rel=\"noopener noreferrer nofollow\" style=\"\">Projet \u00ab\u00a0No\u00ebl, d\u2019ici et d\u2019ailleurs\u00a0\u00bb<\/a>\n\n        <div class=\"wprss-feed-meta\">\n                <span class=\"feed-source\">\n        Source:  <a href=\"https:\/\/site.ac-martinique.fr\/lyc-leopoldbissol\/?feed-rss2\" class=\"\" target=\"_blank\" rel=\"noopener noreferrer nofollow\" style=\"\">Lyc\u00e9e L\u00e9opold BISSOL<\/a>\n    <\/span>\n                <span class=\"feed-date\">\n        Date:  2025-12-23\n    <\/span>\n            <span class=\"feed-author\">By Anne ROUSSEAU<\/span>\n        <\/div>\n\n        \n    <\/li>    <li class=\"wpra-item feed-item \">\n        <a href=\"https:\/\/site.ac-martinique.fr\/lyc-leopoldbissol\/2025\/12\/17\/le-grand-marche-de-noel-solidaire\/\" class=\"\" target=\"_blank\" rel=\"noopener noreferrer nofollow\" style=\"\">Le GRAND March\u00e9 de No\u00ebl Solidaire (Mise \u00e0 jour)<\/a>\n\n        <div class=\"wprss-feed-meta\">\n                <span class=\"feed-source\">\n        Source:  <a href=\"https:\/\/site.ac-martinique.fr\/lyc-leopoldbissol\/?feed-rss2\" class=\"\" target=\"_blank\" rel=\"noopener noreferrer nofollow\" style=\"\">Lyc\u00e9e L\u00e9opold BISSOL<\/a>\n    <\/span>\n                <span class=\"feed-date\">\n        Date:  2025-12-17\n    <\/span>\n            <span class=\"feed-author\">By nlecerf<\/span>\n        <\/div>\n\n        \n    <\/li>    <li class=\"wpra-item feed-item \">\n        <a href=\"https:\/\/site.ac-martinique.fr\/lyc-leopoldbissol\/2025\/12\/15\/%F0%9F%8E%84-reservation-obligatoire-reservation-required-repas-de-noel-a-la-cantine-jeudi-18-decembre\/\" class=\"\" target=\"_blank\" rel=\"noopener noreferrer nofollow\" style=\"\">\ud83c\udf84 R\u00e9servation obligatoire Reservation required \u2013 Repas de No\u00ebl \u00e0 la cantine \u2013 Jeudi 18 d\u00e9cembre<\/a>\n\n        <div class=\"wprss-feed-meta\">\n                <span class=\"feed-source\">\n        Source:  <a href=\"https:\/\/site.ac-martinique.fr\/lyc-leopoldbissol\/?feed-rss2\" class=\"\" target=\"_blank\" rel=\"noopener noreferrer nofollow\" style=\"\">Lyc\u00e9e L\u00e9opold BISSOL<\/a>\n    <\/span>\n                <span class=\"feed-date\">\n        Date:  2025-12-15\n    <\/span>\n            <span class=\"feed-author\">By Jessica MONRAPHA<\/span>\n        <\/div>\n\n        \n    <\/li>    <li class=\"wpra-item feed-item \">\n        <a href=\"https:\/\/site.ac-martinique.fr\/lyc-leopoldbissol\/2025\/12\/15\/menu-du-15-au-19-decembre-2025\/\" class=\"\" target=\"_blank\" rel=\"noopener noreferrer nofollow\" style=\"\">MENU DU 15 AU 19 DECEMBRE 2025<\/a>\n\n        <div class=\"wprss-feed-meta\">\n                <span class=\"feed-source\">\n        Source:  <a href=\"https:\/\/site.ac-martinique.fr\/lyc-leopoldbissol\/?feed-rss2\" class=\"\" target=\"_blank\" rel=\"noopener noreferrer nofollow\" style=\"\">Lyc\u00e9e L\u00e9opold BISSOL<\/a>\n    <\/span>\n                <span class=\"feed-date\">\n        Date:  2025-12-15\n    <\/span>\n            <span class=\"feed-author\">By Val\u00e9rie-Louise PHILIBERT<\/span>\n        <\/div>\n\n        \n    <\/li>    <li class=\"wpra-item feed-item \">\n        <a href=\"https:\/\/site.ac-martinique.fr\/lyc-leopoldbissol\/2025\/12\/10\/ulis-en-couleurs-entre-creativite-lacher-prise-et-bien-etre\/\" class=\"\" target=\"_blank\" rel=\"noopener noreferrer nofollow\" style=\"\">ULIS en couleurs : entre cr\u00e9ativit\u00e9, l\u00e2cher-prise et bien-\u00eatre<\/a>\n\n        <div class=\"wprss-feed-meta\">\n                <span class=\"feed-source\">\n        Source:  <a href=\"https:\/\/site.ac-martinique.fr\/lyc-leopoldbissol\/?feed-rss2\" class=\"\" target=\"_blank\" rel=\"noopener noreferrer nofollow\" style=\"\">Lyc\u00e9e L\u00e9opold BISSOL<\/a>\n    <\/span>\n                <span class=\"feed-date\">\n        Date:  2025-12-10\n    <\/span>\n            <span class=\"feed-author\">By nlecerf<\/span>\n        <\/div>\n\n        \n    <\/li>    <li class=\"wpra-item feed-item \">\n        <a href=\"https:\/\/site.ac-martinique.fr\/lyc-leopoldbissol\/2025\/12\/09\/formation-r-408-preparer-les-eleves-du-lycee-aux-travaux-en-hauteur\/\" class=\"\" target=\"_blank\" rel=\"noopener noreferrer nofollow\" style=\"\">Formation R 408 : Pr\u00e9parer les \u00e9l\u00e8ves du lyc\u00e9e aux travaux en hauteur<\/a>\n\n        <div class=\"wprss-feed-meta\">\n                <span class=\"feed-source\">\n        Source:  <a href=\"https:\/\/site.ac-martinique.fr\/lyc-leopoldbissol\/?feed-rss2\" class=\"\" target=\"_blank\" rel=\"noopener noreferrer nofollow\" style=\"\">Lyc\u00e9e L\u00e9opold BISSOL<\/a>\n    <\/span>\n                <span class=\"feed-date\">\n        Date:  2025-12-09\n    <\/span>\n            <span class=\"feed-author\">By nlecerf<\/span>\n        <\/div>\n\n        \n    <\/li>    <li class=\"wpra-item feed-item \">\n        <a href=\"https:\/\/site.ac-martinique.fr\/lyc-leopoldbissol\/2025\/12\/09\/une-journee-dimmersion-unique-pour-les-eleves-de-bac-pro-tp\/\" class=\"\" target=\"_blank\" rel=\"noopener noreferrer nofollow\" style=\"\">Une journ\u00e9e d\u2019immersion unique pour les \u00e9l\u00e8ves de BAC PRO TP !<\/a>\n\n        <div class=\"wprss-feed-meta\">\n                <span class=\"feed-source\">\n        Source:  <a href=\"https:\/\/site.ac-martinique.fr\/lyc-leopoldbissol\/?feed-rss2\" class=\"\" target=\"_blank\" rel=\"noopener noreferrer nofollow\" style=\"\">Lyc\u00e9e L\u00e9opold BISSOL<\/a>\n    <\/span>\n                <span class=\"feed-date\">\n        Date:  2025-12-09\n    <\/span>\n            <span class=\"feed-author\">By nlecerf<\/span>\n        <\/div>\n\n        \n    <\/li>    <li class=\"wpra-item feed-item \">\n        <a href=\"https:\/\/site.ac-martinique.fr\/lyc-leopoldbissol\/2025\/12\/05\/menu-du-8-au-12-decembre-2025\/\" class=\"\" target=\"_blank\" rel=\"noopener noreferrer nofollow\" style=\"\">MENU DU 8 AU 12 DECEMBRE 2025<\/a>\n\n        <div class=\"wprss-feed-meta\">\n                <span class=\"feed-source\">\n        Source:  <a href=\"https:\/\/site.ac-martinique.fr\/lyc-leopoldbissol\/?feed-rss2\" class=\"\" target=\"_blank\" rel=\"noopener noreferrer nofollow\" style=\"\">Lyc\u00e9e L\u00e9opold BISSOL<\/a>\n    <\/span>\n                <span class=\"feed-date\">\n        Date:  2025-12-05\n    <\/span>\n            <span class=\"feed-author\">By Val\u00e9rie-Louise PHILIBERT<\/span>\n        <\/div>\n\n        \n    <\/li>    <li class=\"wpra-item feed-item \">\n        <a href=\"https:\/\/site.ac-martinique.fr\/lyc-leopoldbissol\/2025\/12\/04\/grand-defi-acti-sida-martinique-challenge-2025-notre-lycee-releve-le-defi-avec-enthousiasme\/\" class=\"\" target=\"_blank\" rel=\"noopener noreferrer nofollow\" style=\"\">Grand D\u00e9fi ACTI SIDA Martinique Challenge 2025 : Notre lyc\u00e9e rel\u00e8ve le d\u00e9fi avec enthousiasme !<\/a>\n\n        <div class=\"wprss-feed-meta\">\n                <span class=\"feed-source\">\n        Source:  <a href=\"https:\/\/site.ac-martinique.fr\/lyc-leopoldbissol\/?feed-rss2\" class=\"\" target=\"_blank\" rel=\"noopener noreferrer nofollow\" style=\"\">Lyc\u00e9e L\u00e9opold BISSOL<\/a>\n    <\/span>\n                <span class=\"feed-date\">\n        Date:  2025-12-04\n    <\/span>\n            <span class=\"feed-author\">By Jessica MONRAPHA<\/span>\n        <\/div>\n\n        \n    <\/li>    <li class=\"wpra-item feed-item \">\n        <a href=\"https:\/\/site.ac-martinique.fr\/lyc-leopoldbissol\/2025\/12\/03\/2eme-edition-vtt-tour-2025-un-evenement-sportif-et-educatif-pour-les-jeunes-mountain-bike-tour-2025-a-sporting-and-educational-event-for-young-people\/\" class=\"\" target=\"_blank\" rel=\"noopener noreferrer nofollow\" style=\"\">2\u00e8me EDITION \u2013 VTT TOUR 2025 \u2013 Un \u00e9v\u00e9nement sportif et \u00e9ducatif pour les jeunes ! Mountain Bike Tour 2025 \u2013 A sporting and educational event for young people!<\/a>\n\n        <div class=\"wprss-feed-meta\">\n                <span class=\"feed-source\">\n        Source:  <a href=\"https:\/\/site.ac-martinique.fr\/lyc-leopoldbissol\/?feed-rss2\" class=\"\" target=\"_blank\" rel=\"noopener noreferrer nofollow\" style=\"\">Lyc\u00e9e L\u00e9opold BISSOL<\/a>\n    <\/span>\n                <span class=\"feed-date\">\n        Date:  2025-12-03\n    <\/span>\n            <span class=\"feed-author\">By Jessica MONRAPHA<\/span>\n        <\/div>\n\n        \n    <\/li>    <li class=\"wpra-item feed-item \">\n        <a href=\"https:\/\/site.ac-martinique.fr\/lyc-leopoldbissol\/2025\/12\/01\/menu-du-1er-au-5-decembre-2025\/\" class=\"\" target=\"_blank\" rel=\"noopener noreferrer nofollow\" style=\"\">MENU DU 1ER AU 5 DECEMBRE 2025<\/a>\n\n        <div class=\"wprss-feed-meta\">\n                <span class=\"feed-source\">\n        Source:  <a href=\"https:\/\/site.ac-martinique.fr\/lyc-leopoldbissol\/?feed-rss2\" class=\"\" target=\"_blank\" rel=\"noopener noreferrer nofollow\" style=\"\">Lyc\u00e9e L\u00e9opold BISSOL<\/a>\n    <\/span>\n                <span class=\"feed-date\">\n        Date:  2025-12-01\n    <\/span>\n            <span class=\"feed-author\">By Val\u00e9rie-Louise PHILIBERT<\/span>\n        <\/div>\n\n        \n    <\/li>    <li class=\"wpra-item feed-item \">\n        <a href=\"https:\/\/site.ac-martinique.fr\/lyc-leopoldbissol\/2025\/11\/28\/vtt-tour-2025-un-evenement-sportif-et-educatif-pour-les-jeunes-mountain-bike-tour-2025-a-sporting-and-educational-event-for-young-people\/\" class=\"\" target=\"_blank\" rel=\"noopener noreferrer nofollow\" style=\"\">VTT TOUR 2025 \u2013 Un \u00e9v\u00e9nement sportif et \u00e9ducatif pour les jeunes ! Mountain Bike Tour 2025 \u2013 A sporting and educational event for young people!<\/a>\n\n        <div class=\"wprss-feed-meta\">\n                <span class=\"feed-source\">\n        Source:  <a href=\"https:\/\/site.ac-martinique.fr\/lyc-leopoldbissol\/?feed-rss2\" class=\"\" target=\"_blank\" rel=\"noopener noreferrer nofollow\" style=\"\">Lyc\u00e9e L\u00e9opold BISSOL<\/a>\n    <\/span>\n                <span class=\"feed-date\">\n        Date:  2025-11-28\n    <\/span>\n            <span class=\"feed-author\">By Jessica MONRAPHA<\/span>\n        <\/div>\n\n        \n    <\/li>    <li class=\"wpra-item feed-item \">\n        <a href=\"https:\/\/site.ac-martinique.fr\/lyc-leopoldbissol\/2025\/11\/26\/lecole-des-reseaux-en-martinique-une-immersion-professionnelle-pour-nos-eleves-de-bac-pro-melec\/\" class=\"\" target=\"_blank\" rel=\"noopener noreferrer nofollow\" style=\"\">L\u2019\u00c9cole des R\u00e9seaux en Martinique : former les techniciens de la transition \u00e9nerg\u00e9tique de demain<\/a>\n\n        <div class=\"wprss-feed-meta\">\n                <span class=\"feed-source\">\n        Source:  <a href=\"https:\/\/site.ac-martinique.fr\/lyc-leopoldbissol\/?feed-rss2\" class=\"\" target=\"_blank\" rel=\"noopener noreferrer nofollow\" style=\"\">Lyc\u00e9e L\u00e9opold BISSOL<\/a>\n    <\/span>\n                <span class=\"feed-date\">\n        Date:  2025-11-26\n    <\/span>\n            <span class=\"feed-author\">By nlecerf<\/span>\n        <\/div>\n\n        \n    <\/li>    <li class=\"wpra-item feed-item \">\n        <a href=\"https:\/\/site.ac-martinique.fr\/lyc-leopoldbissol\/2025\/11\/24\/une-journee-haute-en-couleurs-au-lycee-madras-afro-revisites\/\" class=\"\" target=\"_blank\" rel=\"noopener noreferrer nofollow\" style=\"\">Une journ\u00e9e haute en couleurs au lyc\u00e9e : Madras &amp; Afro revisit\u00e9s !<\/a>\n\n        <div class=\"wprss-feed-meta\">\n                <span class=\"feed-source\">\n        Source:  <a href=\"https:\/\/site.ac-martinique.fr\/lyc-leopoldbissol\/?feed-rss2\" class=\"\" target=\"_blank\" rel=\"noopener noreferrer nofollow\" style=\"\">Lyc\u00e9e L\u00e9opold BISSOL<\/a>\n    <\/span>\n                <span class=\"feed-date\">\n        Date:  2025-11-24\n    <\/span>\n            <span class=\"feed-author\">By Jessica MONRAPHA<\/span>\n        <\/div>\n\n        \n    <\/li>    <li class=\"wpra-item feed-item \">\n        <a href=\"https:\/\/site.ac-martinique.fr\/lyc-leopoldbissol\/2025\/11\/24\/menu-24-au-28-novembre-2025\/\" class=\"\" target=\"_blank\" rel=\"noopener noreferrer nofollow\" style=\"\">MENU 24 AU 28 NOVEMBRE 2025<\/a>\n\n        <div class=\"wprss-feed-meta\">\n                <span class=\"feed-source\">\n        Source:  <a href=\"https:\/\/site.ac-martinique.fr\/lyc-leopoldbissol\/?feed-rss2\" class=\"\" target=\"_blank\" rel=\"noopener noreferrer nofollow\" style=\"\">Lyc\u00e9e L\u00e9opold BISSOL<\/a>\n    <\/span>\n                <span class=\"feed-date\">\n        Date:  2025-11-24\n    <\/span>\n            <span class=\"feed-author\">By Val\u00e9rie-Louise PHILIBERT<\/span>\n        <\/div>\n\n        \n    <\/li>    <li class=\"wpra-item feed-item \">\n        <a href=\"https:\/\/site.ac-martinique.fr\/lyc-jeannecatayee\/?p=2346\" class=\"\" target=\"_blank\" rel=\"noopener noreferrer nofollow\" style=\"\">JOURN\u00c9E DE LA TENUE TRADITIONNELLE MARTINIQUAISE<\/a>\n\n        <div class=\"wprss-feed-meta\">\n                <span class=\"feed-source\">\n        Source:  <a href=\"https:\/\/site.ac-martinique.fr\/lyc-jeannecatayee\/?feed=rss2\" class=\"\" target=\"_blank\" rel=\"noopener noreferrer nofollow\" style=\"\">Lyc\u00e9e Jeanne Catay\u00e9e<\/a>\n    <\/span>\n                <span class=\"feed-date\">\n        Date:  2025-11-19\n    <\/span>\n            <span class=\"feed-author\">By Kernani CHENY<\/span>\n        <\/div>\n\n        \n    <\/li>    <li class=\"wpra-item feed-item \">\n        <a href=\"https:\/\/site.ac-martinique.fr\/lyc-jeannecatayee\/?p=2336\" class=\"\" target=\"_blank\" rel=\"noopener noreferrer nofollow\" style=\"\">LE LYC\u00c9E AU MONDIAL DE LA COPIFFURE<\/a>\n\n        <div class=\"wprss-feed-meta\">\n                <span class=\"feed-source\">\n        Source:  <a href=\"https:\/\/site.ac-martinique.fr\/lyc-jeannecatayee\/?feed=rss2\" class=\"\" target=\"_blank\" rel=\"noopener noreferrer nofollow\" style=\"\">Lyc\u00e9e Jeanne Catay\u00e9e<\/a>\n    <\/span>\n                <span class=\"feed-date\">\n        Date:  2025-11-19\n    <\/span>\n            <span class=\"feed-author\">By Kernani CHENY<\/span>\n        <\/div>\n\n        \n    <\/li>    <li class=\"wpra-item feed-item \">\n        <a href=\"https:\/\/site.ac-martinique.fr\/lyc-jeannecatayee\/?p=2315\" class=\"\" target=\"_blank\" rel=\"noopener noreferrer nofollow\" style=\"\">Auto \u00e9valuation de l\u2019\u00e9tablissement<\/a>\n\n        <div class=\"wprss-feed-meta\">\n                <span class=\"feed-source\">\n        Source:  <a href=\"https:\/\/site.ac-martinique.fr\/lyc-jeannecatayee\/?feed=rss2\" class=\"\" target=\"_blank\" rel=\"noopener noreferrer nofollow\" style=\"\">Lyc\u00e9e Jeanne Catay\u00e9e<\/a>\n    <\/span>\n                <span class=\"feed-date\">\n        Date:  2025-11-19\n    <\/span>\n            <span class=\"feed-author\">By Kernani CHENY<\/span>\n        <\/div>\n\n        \n    <\/li>    <li class=\"wpra-item feed-item \">\n        <a href=\"https:\/\/site.ac-martinique.fr\/lyc-jeannecatayee\/?p=2309\" class=\"\" target=\"_blank\" rel=\"noopener noreferrer nofollow\" style=\"\">Vente de snowball<\/a>\n\n        <div class=\"wprss-feed-meta\">\n                <span class=\"feed-source\">\n        Source:  <a href=\"https:\/\/site.ac-martinique.fr\/lyc-jeannecatayee\/?feed=rss2\" class=\"\" target=\"_blank\" rel=\"noopener noreferrer nofollow\" style=\"\">Lyc\u00e9e Jeanne Catay\u00e9e<\/a>\n    <\/span>\n                <span class=\"feed-date\">\n        Date:  2025-11-19\n    <\/span>\n            <span class=\"feed-author\">By Kernani CHENY<\/span>\n        <\/div>\n\n        \n    <\/li>    <li class=\"wpra-item feed-item \">\n        <a href=\"https:\/\/site.ac-martinique.fr\/lyc-jeannecatayee\/?p=2316\" class=\"\" target=\"_blank\" rel=\"noopener noreferrer nofollow\" style=\"\">\u00c9cole ouverte<\/a>\n\n        <div class=\"wprss-feed-meta\">\n                <span class=\"feed-source\">\n        Source:  <a href=\"https:\/\/site.ac-martinique.fr\/lyc-jeannecatayee\/?feed=rss2\" class=\"\" target=\"_blank\" rel=\"noopener noreferrer nofollow\" style=\"\">Lyc\u00e9e Jeanne Catay\u00e9e<\/a>\n    <\/span>\n                <span class=\"feed-date\">\n        Date:  2025-11-19\n    <\/span>\n            <span class=\"feed-author\">By Kernani CHENY<\/span>\n        <\/div>\n\n        \n    <\/li>    <li class=\"wpra-item feed-item \">\n        <a href=\"https:\/\/site.ac-martinique.fr\/lyc-jeannecatayee\/?p=2311\" class=\"\" target=\"_blank\" rel=\"noopener noreferrer nofollow\" style=\"\">Vide grenier<\/a>\n\n        <div class=\"wprss-feed-meta\">\n                <span class=\"feed-source\">\n        Source:  <a href=\"https:\/\/site.ac-martinique.fr\/lyc-jeannecatayee\/?feed=rss2\" class=\"\" target=\"_blank\" rel=\"noopener noreferrer nofollow\" style=\"\">Lyc\u00e9e Jeanne Catay\u00e9e<\/a>\n    <\/span>\n                <span class=\"feed-date\">\n        Date:  2025-11-19\n    <\/span>\n            <span class=\"feed-author\">By Kernani CHENY<\/span>\n        <\/div>\n\n        \n    <\/li>    <li class=\"wpra-item feed-item \">\n        <a href=\"https:\/\/site.ac-martinique.fr\/lyc-jeannecatayee\/?p=2314\" class=\"\" target=\"_blank\" rel=\"noopener noreferrer nofollow\" style=\"\">Octobre Rose<\/a>\n\n        <div class=\"wprss-feed-meta\">\n                <span class=\"feed-source\">\n        Source:  <a href=\"https:\/\/site.ac-martinique.fr\/lyc-jeannecatayee\/?feed=rss2\" class=\"\" target=\"_blank\" rel=\"noopener noreferrer nofollow\" style=\"\">Lyc\u00e9e Jeanne Catay\u00e9e<\/a>\n    <\/span>\n                <span class=\"feed-date\">\n        Date:  2025-11-19\n    <\/span>\n            <span class=\"feed-author\">By Kernani CHENY<\/span>\n        <\/div>\n\n        \n    <\/li>    <li class=\"wpra-item feed-item \">\n        <a href=\"https:\/\/site.ac-martinique.fr\/lyc-jeannecatayee\/?p=2312\" class=\"\" target=\"_blank\" rel=\"noopener noreferrer nofollow\" style=\"\">Concours de No\u00ebl<\/a>\n\n        <div class=\"wprss-feed-meta\">\n                <span class=\"feed-source\">\n        Source:  <a href=\"https:\/\/site.ac-martinique.fr\/lyc-jeannecatayee\/?feed=rss2\" class=\"\" target=\"_blank\" rel=\"noopener noreferrer nofollow\" style=\"\">Lyc\u00e9e Jeanne Catay\u00e9e<\/a>\n    <\/span>\n                <span class=\"feed-date\">\n        Date:  2025-11-19\n    <\/span>\n            <span class=\"feed-author\">By Kernani CHENY<\/span>\n        <\/div>\n\n        \n    <\/li>    <li class=\"wpra-item feed-item \">\n        <a href=\"https:\/\/site.ac-martinique.fr\/lyc-jeannecatayee\/?p=2310\" class=\"\" target=\"_blank\" rel=\"noopener noreferrer nofollow\" style=\"\">Collecte de la Croix Rouge<\/a>\n\n        <div class=\"wprss-feed-meta\">\n                <span class=\"feed-source\">\n        Source:  <a href=\"https:\/\/site.ac-martinique.fr\/lyc-jeannecatayee\/?feed=rss2\" class=\"\" target=\"_blank\" rel=\"noopener noreferrer nofollow\" style=\"\">Lyc\u00e9e Jeanne Catay\u00e9e<\/a>\n    <\/span>\n                <span class=\"feed-date\">\n        Date:  2025-11-19\n    <\/span>\n            <span class=\"feed-author\">By Kernani CHENY<\/span>\n        <\/div>\n\n        \n    <\/li>    <li class=\"wpra-item feed-item \">\n        <a href=\"https:\/\/site.ac-martinique.fr\/lyc-leopoldbissol\/2025\/11\/14\/accueil-dune-scenariste-de-bd\/\" class=\"\" target=\"_blank\" rel=\"noopener noreferrer nofollow\" style=\"\">Accueil d\u2019une sc\u00e9nariste de BD<\/a>\n\n        <div class=\"wprss-feed-meta\">\n                <span class=\"feed-source\">\n        Source:  <a href=\"https:\/\/site.ac-martinique.fr\/lyc-leopoldbissol\/?feed-rss2\" class=\"\" target=\"_blank\" rel=\"noopener noreferrer nofollow\" style=\"\">Lyc\u00e9e L\u00e9opold BISSOL<\/a>\n    <\/span>\n                <span class=\"feed-date\">\n        Date:  2025-11-14\n    <\/span>\n            <span class=\"feed-author\">By Renaelle TOUSSAY<\/span>\n        <\/div>\n\n        \n    <\/li>    <li class=\"wpra-item feed-item \">\n        <a href=\"https:\/\/site.ac-martinique.fr\/lyc-leopoldbissol\/2025\/11\/14\/menu-du-17-au-21-novembre-2025\/\" class=\"\" target=\"_blank\" rel=\"noopener noreferrer nofollow\" style=\"\">MENU DU 17 AU 21 NOVEMBRE 2025<\/a>\n\n        <div class=\"wprss-feed-meta\">\n                <span class=\"feed-source\">\n        Source:  <a href=\"https:\/\/site.ac-martinique.fr\/lyc-leopoldbissol\/?feed-rss2\" class=\"\" target=\"_blank\" rel=\"noopener noreferrer nofollow\" style=\"\">Lyc\u00e9e L\u00e9opold BISSOL<\/a>\n    <\/span>\n                <span class=\"feed-date\">\n        Date:  2025-11-14\n    <\/span>\n            <span class=\"feed-author\">By Val\u00e9rie-Louise PHILIBERT<\/span>\n        <\/div>\n\n        \n    <\/li>    <li class=\"wpra-item feed-item \">\n        <a href=\"https:\/\/site.ac-martinique.fr\/lyc-leopoldbissol\/2025\/11\/13\/commemoration-de-larmistice-en-souvenir-du-11-novembre-1918\/\" class=\"\" target=\"_blank\" rel=\"noopener noreferrer nofollow\" style=\"\">Comm\u00e9moration de l\u2019Armistice en souvenir du 11 Novembre 1918<\/a>\n\n        <div class=\"wprss-feed-meta\">\n                <span class=\"feed-source\">\n        Source:  <a href=\"https:\/\/site.ac-martinique.fr\/lyc-leopoldbissol\/?feed-rss2\" class=\"\" target=\"_blank\" rel=\"noopener noreferrer nofollow\" style=\"\">Lyc\u00e9e L\u00e9opold BISSOL<\/a>\n    <\/span>\n                <span class=\"feed-date\">\n        Date:  2025-11-13\n    <\/span>\n            <span class=\"feed-author\">By Jessica MONRAPHA<\/span>\n        <\/div>\n\n        \n    <\/li>    <li class=\"wpra-item feed-item \">\n        <a href=\"https:\/\/site.ac-martinique.fr\/lyc-leopoldbissol\/2025\/11\/10\/menu-du-10-novembre-au-14-novembre-2025\/\" class=\"\" target=\"_blank\" rel=\"noopener noreferrer nofollow\" style=\"\">MENU DU 10 NOVEMBRE AU 14 NOVEMBRE 2025<\/a>\n\n        <div class=\"wprss-feed-meta\">\n                <span class=\"feed-source\">\n        Source:  <a href=\"https:\/\/site.ac-martinique.fr\/lyc-leopoldbissol\/?feed-rss2\" class=\"\" target=\"_blank\" rel=\"noopener noreferrer nofollow\" style=\"\">Lyc\u00e9e L\u00e9opold BISSOL<\/a>\n    <\/span>\n                <span class=\"feed-date\">\n        Date:  2025-11-10\n    <\/span>\n            <span class=\"feed-author\">By Val\u00e9rie-Louise PHILIBERT<\/span>\n        <\/div>\n\n        \n    <\/li>    <li class=\"wpra-item feed-item \">\n        <a href=\"https:\/\/site.ac-martinique.fr\/lyc-leopoldbissol\/2025\/11\/10\/journee-nationale-de-lutte-contre-le-harcelement-nah-une-mobilisation-forte-au-lycee-leopold-bissol\/\" class=\"\" target=\"_blank\" rel=\"noopener noreferrer nofollow\" style=\"\">Journ\u00e9e nationale de lutte contre le harc\u00e8lement NAH \u2013 Une mobilisation forte au lyc\u00e9e L\u00e9opold BISSOL !<\/a>\n\n        <div class=\"wprss-feed-meta\">\n                <span class=\"feed-source\">\n        Source:  <a href=\"https:\/\/site.ac-martinique.fr\/lyc-leopoldbissol\/?feed-rss2\" class=\"\" target=\"_blank\" rel=\"noopener noreferrer nofollow\" style=\"\">Lyc\u00e9e L\u00e9opold BISSOL<\/a>\n    <\/span>\n                <span class=\"feed-date\">\n        Date:  2025-11-10\n    <\/span>\n            <span class=\"feed-author\">By Jessica MONRAPHA<\/span>\n        <\/div>\n\n        \n    <\/li>    <li class=\"wpra-item feed-item \">\n        <a href=\"https:\/\/site.ac-martinique.fr\/lyc-leopoldbissol\/2025\/11\/03\/menu-du-3-au-7-novembre-2025\/\" class=\"\" target=\"_blank\" rel=\"noopener noreferrer nofollow\" style=\"\">MENU DU 3 AU 7 NOVEMBRE 2025<\/a>\n\n        <div class=\"wprss-feed-meta\">\n                <span class=\"feed-source\">\n        Source:  <a href=\"https:\/\/site.ac-martinique.fr\/lyc-leopoldbissol\/?feed-rss2\" class=\"\" target=\"_blank\" rel=\"noopener noreferrer nofollow\" style=\"\">Lyc\u00e9e L\u00e9opold BISSOL<\/a>\n    <\/span>\n                <span class=\"feed-date\">\n        Date:  2025-11-03\n    <\/span>\n            <span class=\"feed-author\">By Val\u00e9rie-Louise PHILIBERT<\/span>\n        <\/div>\n\n        \n    <\/li>    <li class=\"wpra-item feed-item \">\n        <a href=\"https:\/\/site.ac-martinique.fr\/lyc-leopoldbissol\/2025\/11\/02\/recherche-dentreprises-en-martinique\/\" class=\"\" target=\"_blank\" rel=\"noopener noreferrer nofollow\" style=\"\">Prot\u00e9g\u00e9\u00a0: Recherche d\u2019entreprises en Martinique<\/a>\n\n        <div class=\"wprss-feed-meta\">\n                <span class=\"feed-source\">\n        Source:  <a href=\"https:\/\/site.ac-martinique.fr\/lyc-leopoldbissol\/?feed-rss2\" class=\"\" target=\"_blank\" rel=\"noopener noreferrer nofollow\" style=\"\">Lyc\u00e9e L\u00e9opold BISSOL<\/a>\n    <\/span>\n                <span class=\"feed-date\">\n        Date:  2025-11-02\n    <\/span>\n            <span class=\"feed-author\">By nlecerf<\/span>\n        <\/div>\n\n        \n    <\/li>    <li class=\"wpra-item feed-item \">\n        <a href=\"https:\/\/site.ac-martinique.fr\/lyc-raymondneris\/?p=6307\" class=\"\" target=\"_blank\" rel=\"noopener noreferrer nofollow\" style=\"\">LE LYCEE RAYMOND NERIS AU MARTINIQUE BOAT SHOW<\/a>\n\n        <div class=\"wprss-feed-meta\">\n                <span class=\"feed-source\">\n        Source:  <a href=\"https:\/\/site.ac-martinique.fr\/lyc-raymondneris\/?feed=rss2\" class=\"\" target=\"_blank\" rel=\"noopener noreferrer nofollow\" style=\"\">Lyc\u00e9e Raymond Neris<\/a>\n    <\/span>\n                <span class=\"feed-date\">\n        Date:  2025-10-23\n    <\/span>\n            <span class=\"feed-author\">By Valerie MARCENY<\/span>\n        <\/div>\n\n        \n    <\/li>    <li class=\"wpra-item feed-item \">\n        <a href=\"https:\/\/site.ac-martinique.fr\/lyc-leopoldbissol\/2025\/10\/21\/bissol-sans-chaines-parlons-vrai-parlons-clair\/\" class=\"\" target=\"_blank\" rel=\"noopener noreferrer nofollow\" style=\"\">BISSOL SANS CHA\u00ceNES \u2013 Parlons vrai, parlons clair!<\/a>\n\n        <div class=\"wprss-feed-meta\">\n                <span class=\"feed-source\">\n        Source:  <a href=\"https:\/\/site.ac-martinique.fr\/lyc-leopoldbissol\/?feed-rss2\" class=\"\" target=\"_blank\" rel=\"noopener noreferrer nofollow\" style=\"\">Lyc\u00e9e L\u00e9opold BISSOL<\/a>\n    <\/span>\n                <span class=\"feed-date\">\n        Date:  2025-10-21\n    <\/span>\n            <span class=\"feed-author\">By Jessica MONRAPHA<\/span>\n        <\/div>\n\n        \n    <\/li>    <li class=\"wpra-item feed-item \">\n        <a href=\"https:\/\/site.ac-martinique.fr\/lyc-leopoldbissol\/2025\/10\/21\/contre-ce-mal-ne-perdez-jamais-le-pas-le-depistage-cest-votre-plus-grand-combat-keyla-b-3pmet\/\" class=\"\" target=\"_blank\" rel=\"noopener noreferrer nofollow\" style=\"\">\u00ab\u00a0Contre ce mal, ne perdez jamais le pas. Le d\u00e9pistage, c\u2019est votre plus grand combat !\u00a0\u00bb Keyla.B 3PMET<\/a>\n\n        <div class=\"wprss-feed-meta\">\n                <span class=\"feed-source\">\n        Source:  <a href=\"https:\/\/site.ac-martinique.fr\/lyc-leopoldbissol\/?feed-rss2\" class=\"\" target=\"_blank\" rel=\"noopener noreferrer nofollow\" style=\"\">Lyc\u00e9e L\u00e9opold BISSOL<\/a>\n    <\/span>\n                <span class=\"feed-date\">\n        Date:  2025-10-21\n    <\/span>\n            <span class=\"feed-author\">By Jessica MONRAPHA<\/span>\n        <\/div>\n\n        \n    <\/li>    <li class=\"wpra-item feed-item \">\n        <a href=\"https:\/\/site.ac-martinique.fr\/lyc-raymondneris\/?p=6297\" class=\"\" target=\"_blank\" rel=\"noopener noreferrer nofollow\" style=\"\">OCTOBRE ROSE AU LYCEE RAYMOND NERIS<\/a>\n\n        <div class=\"wprss-feed-meta\">\n                <span class=\"feed-source\">\n        Source:  <a href=\"https:\/\/site.ac-martinique.fr\/lyc-raymondneris\/?feed=rss2\" class=\"\" target=\"_blank\" rel=\"noopener noreferrer nofollow\" style=\"\">Lyc\u00e9e Raymond Neris<\/a>\n    <\/span>\n                <span class=\"feed-date\">\n        Date:  2025-10-20\n    <\/span>\n            <span class=\"feed-author\">By Valerie MARCENY<\/span>\n        <\/div>\n\n        \n    <\/li>    <li class=\"wpra-item feed-item \">\n        <a href=\"https:\/\/site.ac-martinique.fr\/lyc-paulettenardal\/?p=5021\" class=\"\" target=\"_blank\" rel=\"noopener noreferrer nofollow\" style=\"\">Erasmus days 2025 au lyc\u00e9e<\/a>\n\n        <div class=\"wprss-feed-meta\">\n                <span class=\"feed-source\">\n        Source:  <a href=\"https:\/\/site.ac-martinique.fr\/lyc-paulettenardal\/?feed=rss2\" class=\"\" target=\"_blank\" rel=\"noopener noreferrer nofollow\" style=\"\">Lyc\u00e9e Paulette Nardal<\/a>\n    <\/span>\n                <span class=\"feed-date\">\n        Date:  2025-10-17\n    <\/span>\n            <span class=\"feed-author\">By David JAMIN<\/span>\n        <\/div>\n\n        \n    <\/li>    <li class=\"wpra-item feed-item \">\n        <a href=\"https:\/\/site.ac-martinique.fr\/lyc-montgerald\/?p=1616\" class=\"\" target=\"_blank\" rel=\"noopener noreferrer nofollow\" style=\"\">ERASMUS Days (Du 13 au 18 Octobre 2025)<\/a>\n\n        <div class=\"wprss-feed-meta\">\n                <span class=\"feed-source\">\n        Source:  <a href=\"https:\/\/site.ac-martinique.fr\/lyc-montgerald\/?feed=rss2\" class=\"\" target=\"_blank\" rel=\"noopener noreferrer nofollow\" style=\"\">Lyc\u00e9e Montgerald<\/a>\n    <\/span>\n                <span class=\"feed-date\">\n        Date:  2025-10-17\n    <\/span>\n            <span class=\"feed-author\">By Jiorgio NERJAT<\/span>\n        <\/div>\n\n        \n    <\/li>    <li class=\"wpra-item feed-item \">\n        <a href=\"https:\/\/site.ac-martinique.fr\/lyc-montgerald\/?p=1609\" class=\"\" target=\"_blank\" rel=\"noopener noreferrer nofollow\" style=\"\">Dress code Octobre rose<\/a>\n\n        <div class=\"wprss-feed-meta\">\n                <span class=\"feed-source\">\n        Source:  <a href=\"https:\/\/site.ac-martinique.fr\/lyc-montgerald\/?feed=rss2\" class=\"\" target=\"_blank\" rel=\"noopener noreferrer nofollow\" style=\"\">Lyc\u00e9e Montgerald<\/a>\n    <\/span>\n                <span class=\"feed-date\">\n        Date:  2025-10-16\n    <\/span>\n            <span class=\"feed-author\">By Jiorgio NERJAT<\/span>\n        <\/div>\n\n        \n    <\/li>    <li class=\"wpra-item feed-item \">\n        <a href=\"https:\/\/site.ac-martinique.fr\/lyc-montgerald\/?p=1606\" class=\"\" target=\"_blank\" rel=\"noopener noreferrer nofollow\" style=\"\">Journ\u00e9e Bleue ERASMUS days<\/a>\n\n        <div class=\"wprss-feed-meta\">\n                <span class=\"feed-source\">\n        Source:  <a href=\"https:\/\/site.ac-martinique.fr\/lyc-montgerald\/?feed=rss2\" class=\"\" target=\"_blank\" rel=\"noopener noreferrer nofollow\" style=\"\">Lyc\u00e9e Montgerald<\/a>\n    <\/span>\n                <span class=\"feed-date\">\n        Date:  2025-10-16\n    <\/span>\n            <span class=\"feed-author\">By Jiorgio NERJAT<\/span>\n        <\/div>\n\n        \n    <\/li>    <li class=\"wpra-item feed-item \">\n        <a href=\"https:\/\/site.ac-martinique.fr\/lyc-josephzobel\/?p=8111\" class=\"\" target=\"_blank\" rel=\"noopener noreferrer nofollow\" style=\"\">C\u00c9R\u00c9MONIE DE R\u00c9COMPENSE DU RALLYE DE MATHS<\/a>\n\n        <div class=\"wprss-feed-meta\">\n                <span class=\"feed-source\">\n        Source:  <a href=\"https:\/\/site.ac-martinique.fr\/lyc-josephzobel\/?feed=rss2\" class=\"\" target=\"_blank\" rel=\"noopener noreferrer nofollow\" style=\"\">Lyc\u00e9e Joseph Zobel<\/a>\n    <\/span>\n                <span class=\"feed-date\">\n        Date:  2025-10-15\n    <\/span>\n            <span class=\"feed-author\">By Lara GAUTIER<\/span>\n        <\/div>\n\n        \n    <\/li>    <li class=\"wpra-item feed-item \">\n        <a href=\"https:\/\/site.ac-martinique.fr\/lyc-leopoldbissol\/2025\/10\/15\/elan-citoyen-au-lycee-les-eleves-elus-a-lhonneur\/\" class=\"\" target=\"_blank\" rel=\"noopener noreferrer nofollow\" style=\"\">\u00c9lan citoyen au lyc\u00e9e : les \u00e9l\u00e8ves \u00e9lus \u00e0 l\u2019honneur !<\/a>\n\n        <div class=\"wprss-feed-meta\">\n                <span class=\"feed-source\">\n        Source:  <a href=\"https:\/\/site.ac-martinique.fr\/lyc-leopoldbissol\/?feed-rss2\" class=\"\" target=\"_blank\" rel=\"noopener noreferrer nofollow\" style=\"\">Lyc\u00e9e L\u00e9opold BISSOL<\/a>\n    <\/span>\n                <span class=\"feed-date\">\n        Date:  2025-10-15\n    <\/span>\n            <span class=\"feed-author\">By Jessica MONRAPHA<\/span>\n        <\/div>\n\n        \n    <\/li>    <li class=\"wpra-item feed-item \">\n        <a href=\"https:\/\/site.ac-martinique.fr\/lyc-leopoldbissol\/2025\/10\/14\/erasmus-days-2025-un-succes-en-une-heure-chrono-au-lycee-leopold-bissol\/\" class=\"\" target=\"_blank\" rel=\"noopener noreferrer nofollow\" style=\"\">Erasmus Days 2025 : Un succ\u00e8s en une heure chrono au Lyc\u00e9e L\u00e9opold Bissol !<\/a>\n\n        <div class=\"wprss-feed-meta\">\n                <span class=\"feed-source\">\n        Source:  <a href=\"https:\/\/site.ac-martinique.fr\/lyc-leopoldbissol\/?feed-rss2\" class=\"\" target=\"_blank\" rel=\"noopener noreferrer nofollow\" style=\"\">Lyc\u00e9e L\u00e9opold BISSOL<\/a>\n    <\/span>\n                <span class=\"feed-date\">\n        Date:  2025-10-14\n    <\/span>\n            <span class=\"feed-author\">By nlecerf<\/span>\n        <\/div>\n\n        \n    <\/li>    <li class=\"wpra-item feed-item \">\n        <a href=\"https:\/\/site.ac-martinique.fr\/lyc-raymondneris\/?p=6273\" class=\"\" target=\"_blank\" rel=\"noopener noreferrer nofollow\" style=\"\">CHANGEMENT DE MENU<\/a>\n\n        <div class=\"wprss-feed-meta\">\n                <span class=\"feed-source\">\n        Source:  <a href=\"https:\/\/site.ac-martinique.fr\/lyc-raymondneris\/?feed=rss2\" class=\"\" target=\"_blank\" rel=\"noopener noreferrer nofollow\" style=\"\">Lyc\u00e9e Raymond Neris<\/a>\n    <\/span>\n                <span class=\"feed-date\">\n        Date:  2025-10-14\n    <\/span>\n            <span class=\"feed-author\">By Valerie MARCENY<\/span>\n        <\/div>\n\n        \n    <\/li>    <li class=\"wpra-item feed-item \">\n        <a href=\"https:\/\/site.ac-martinique.fr\/lyc-leopoldbissol\/2025\/10\/13\/erasmus-days-2025-un-kahoot-pour-celebrer-leurope-au-lycee-leopold-bissol\/\" class=\"\" target=\"_blank\" rel=\"noopener noreferrer nofollow\" style=\"\">Erasmus Days 2025 : Un Kahoot pour c\u00e9l\u00e9brer l\u2019Europe au Lyc\u00e9e L\u00e9opold Bissol<\/a>\n\n        <div class=\"wprss-feed-meta\">\n                <span class=\"feed-source\">\n        Source:  <a href=\"https:\/\/site.ac-martinique.fr\/lyc-leopoldbissol\/?feed-rss2\" class=\"\" target=\"_blank\" rel=\"noopener noreferrer nofollow\" style=\"\">Lyc\u00e9e L\u00e9opold BISSOL<\/a>\n    <\/span>\n                <span class=\"feed-date\">\n        Date:  2025-10-13\n    <\/span>\n            <span class=\"feed-author\">By nlecerf<\/span>\n        <\/div>\n\n        \n    <\/li>    <li class=\"wpra-item feed-item \">\n        <a href=\"https:\/\/site.ac-martinique.fr\/lyc-leopoldbissol\/2025\/10\/13\/invitation-au-webinaire-sur-le-tdah\/\" class=\"\" target=\"_blank\" rel=\"noopener noreferrer nofollow\" style=\"\">Invitation au webinaire sur le TDAH<\/a>\n\n        <div class=\"wprss-feed-meta\">\n                <span class=\"feed-source\">\n        Source:  <a href=\"https:\/\/site.ac-martinique.fr\/lyc-leopoldbissol\/?feed-rss2\" class=\"\" target=\"_blank\" rel=\"noopener noreferrer nofollow\" style=\"\">Lyc\u00e9e L\u00e9opold BISSOL<\/a>\n    <\/span>\n                <span class=\"feed-date\">\n        Date:  2025-10-13\n    <\/span>\n            <span class=\"feed-author\">By nlecerf<\/span>\n        <\/div>\n\n        \n    <\/li>    <li class=\"wpra-item feed-item \">\n        <a href=\"https:\/\/site.ac-martinique.fr\/lyc-montgerald\/?p=1602\" class=\"\" target=\"_blank\" rel=\"noopener noreferrer nofollow\" style=\"\">Planning rencontre Parents-Professeurs (14 et 16 octobre)<\/a>\n\n        <div class=\"wprss-feed-meta\">\n                <span class=\"feed-source\">\n        Source:  <a href=\"https:\/\/site.ac-martinique.fr\/lyc-montgerald\/?feed=rss2\" class=\"\" target=\"_blank\" rel=\"noopener noreferrer nofollow\" style=\"\">Lyc\u00e9e Montgerald<\/a>\n    <\/span>\n                <span class=\"feed-date\">\n        Date:  2025-10-13\n    <\/span>\n            <span class=\"feed-author\">By Jiorgio NERJAT<\/span>\n        <\/div>\n\n        \n    <\/li>    <li class=\"wpra-item feed-item \">\n        <a href=\"https:\/\/site.ac-martinique.fr\/lyc-leopoldbissol\/2025\/10\/11\/ouverture-des-inscriptions-pour-les-concours-de-leducation-nationale-2026\/\" class=\"\" target=\"_blank\" rel=\"noopener noreferrer nofollow\" style=\"\">Ouverture des inscriptions pour les concours de l\u2019\u00c9ducation nationale 2026 !<\/a>\n\n        <div class=\"wprss-feed-meta\">\n                <span class=\"feed-source\">\n        Source:  <a href=\"https:\/\/site.ac-martinique.fr\/lyc-leopoldbissol\/?feed-rss2\" class=\"\" target=\"_blank\" rel=\"noopener noreferrer nofollow\" style=\"\">Lyc\u00e9e L\u00e9opold BISSOL<\/a>\n    <\/span>\n                <span class=\"feed-date\">\n        Date:  2025-10-11\n    <\/span>\n            <span class=\"feed-author\">By nlecerf<\/span>\n        <\/div>\n\n        \n    <\/li>    <li class=\"wpra-item feed-item \">\n        <a href=\"https:\/\/site.ac-martinique.fr\/lyc-leopoldbissol\/2025\/10\/10\/menu-du-13-au-17-octobre-2025\/\" class=\"\" target=\"_blank\" rel=\"noopener noreferrer nofollow\" style=\"\">MENU DU 13 AU 17 OCTOBRE 2025<\/a>\n\n        <div class=\"wprss-feed-meta\">\n                <span class=\"feed-source\">\n        Source:  <a href=\"https:\/\/site.ac-martinique.fr\/lyc-leopoldbissol\/?feed-rss2\" class=\"\" target=\"_blank\" rel=\"noopener noreferrer nofollow\" style=\"\">Lyc\u00e9e L\u00e9opold BISSOL<\/a>\n    <\/span>\n                <span class=\"feed-date\">\n        Date:  2025-10-10\n    <\/span>\n            <span class=\"feed-author\">By Val\u00e9rie-Louise PHILIBERT<\/span>\n        <\/div>\n\n        \n    <\/li>    <li class=\"wpra-item feed-item \">\n        <a href=\"https:\/\/site.ac-martinique.fr\/lyc-josephzobel\/?p=8047\" class=\"\" target=\"_blank\" rel=\"noopener noreferrer nofollow\" style=\"\">Premi\u00e8re soir\u00e9e d\u2019observation astronomique report\u00e9e\u2026<\/a>\n\n        <div class=\"wprss-feed-meta\">\n                <span class=\"feed-source\">\n        Source:  <a href=\"https:\/\/site.ac-martinique.fr\/lyc-josephzobel\/?feed=rss2\" class=\"\" target=\"_blank\" rel=\"noopener noreferrer nofollow\" style=\"\">Lyc\u00e9e Joseph Zobel<\/a>\n    <\/span>\n                <span class=\"feed-date\">\n        Date:  2025-10-10\n    <\/span>\n            <span class=\"feed-author\">By Julien ARROUS<\/span>\n        <\/div>\n\n        \n    <\/li>    <li class=\"wpra-item feed-item \">\n        <a href=\"https:\/\/site.ac-martinique.fr\/lyc-josephzobel\/?p=8101\" class=\"\" target=\"_blank\" rel=\"noopener noreferrer nofollow\" style=\"\">ErasmusDay 2025<\/a>\n\n        <div class=\"wprss-feed-meta\">\n                <span class=\"feed-source\">\n        Source:  <a href=\"https:\/\/site.ac-martinique.fr\/lyc-josephzobel\/?feed=rss2\" class=\"\" target=\"_blank\" rel=\"noopener noreferrer nofollow\" style=\"\">Lyc\u00e9e Joseph Zobel<\/a>\n    <\/span>\n                <span class=\"feed-date\">\n        Date:  2025-10-10\n    <\/span>\n            <span class=\"feed-author\">By INFORMATIQUE SERVICE<\/span>\n        <\/div>\n\n        \n    <\/li>    <li class=\"wpra-item feed-item \">\n        <a href=\"https:\/\/site.ac-martinique.fr\/lyc-placedarmes\/2025\/10\/08\/prestation-daccueil-au-salon-de-lautomobile\/\" class=\"\" target=\"_blank\" rel=\"noopener noreferrer nofollow\" style=\"\">PRESTATION D\u2019ACCUEIL AU SALON DE L\u2019AUTOMOBILE<\/a>\n\n        <div class=\"wprss-feed-meta\">\n                <span class=\"feed-source\">\n        Source:  <a href=\"https:\/\/site.ac-martinique.fr\/lyc-placedarmes\/?feed=rss2\" class=\"\" target=\"_blank\" rel=\"noopener noreferrer nofollow\" style=\"\">Lyc\u00e9e Place d&rsquo;Armes<\/a>\n    <\/span>\n                <span class=\"feed-date\">\n        Date:  2025-10-08\n    <\/span>\n            <span class=\"feed-author\">By webmestre<\/span>\n        <\/div>\n\n        \n    <\/li>    <li class=\"wpra-item feed-item \">\n        <a href=\"https:\/\/site.ac-martinique.fr\/lyc-montgerald\/?p=1599\" class=\"\" target=\"_blank\" rel=\"noopener noreferrer nofollow\" style=\"\">Comment participer aux \u00e9lections de repr\u00e9sentants des parents au CA<\/a>\n\n        <div class=\"wprss-feed-meta\">\n                <span class=\"feed-source\">\n        Source:  <a href=\"https:\/\/site.ac-martinique.fr\/lyc-montgerald\/?feed=rss2\" class=\"\" target=\"_blank\" rel=\"noopener noreferrer nofollow\" style=\"\">Lyc\u00e9e Montgerald<\/a>\n    <\/span>\n                <span class=\"feed-date\">\n        Date:  2025-10-07\n    <\/span>\n            <span class=\"feed-author\">By Jiorgio NERJAT<\/span>\n        <\/div>\n\n        \n    <\/li>    <li class=\"wpra-item feed-item \">\n        <a href=\"https:\/\/site.ac-martinique.fr\/lyc-leopoldbissol\/2025\/10\/06\/une-seule-application-pour-suivre-la-scolarite-de-vos-enfants\/\" class=\"\" target=\"_blank\" rel=\"noopener noreferrer nofollow\" style=\"\">Une seule application pour suivre la scolarit\u00e9 de vos enfants<\/a>\n\n        <div class=\"wprss-feed-meta\">\n                <span class=\"feed-source\">\n        Source:  <a href=\"https:\/\/site.ac-martinique.fr\/lyc-leopoldbissol\/?feed-rss2\" class=\"\" target=\"_blank\" rel=\"noopener noreferrer nofollow\" style=\"\">Lyc\u00e9e L\u00e9opold BISSOL<\/a>\n    <\/span>\n                <span class=\"feed-date\">\n        Date:  2025-10-06\n    <\/span>\n            <span class=\"feed-author\">By nlecerf<\/span>\n        <\/div>\n\n        \n    <\/li>    <li class=\"wpra-item feed-item \">\n        <a href=\"https:\/\/site.ac-martinique.fr\/lyc-montgerald\/?p=1596\" class=\"\" target=\"_blank\" rel=\"noopener noreferrer nofollow\" style=\"\">\u00c9lections des repr\u00e9sentants de parents au CA<\/a>\n\n        <div class=\"wprss-feed-meta\">\n                <span class=\"feed-source\">\n        Source:  <a href=\"https:\/\/site.ac-martinique.fr\/lyc-montgerald\/?feed=rss2\" class=\"\" target=\"_blank\" rel=\"noopener noreferrer nofollow\" style=\"\">Lyc\u00e9e Montgerald<\/a>\n    <\/span>\n                <span class=\"feed-date\">\n        Date:  2025-10-06\n    <\/span>\n            <span class=\"feed-author\">By Jiorgio NERJAT<\/span>\n        <\/div>\n\n        \n    <\/li>    <li class=\"wpra-item feed-item \">\n        <a href=\"https:\/\/site.ac-martinique.fr\/lyc-leopoldbissol\/2025\/10\/06\/rencontre-parents-equipes-educatives-et-pedagogiques-parents-teacher-meeting\/\" class=\"\" target=\"_blank\" rel=\"noopener noreferrer nofollow\" style=\"\">Rencontre Parents-\u00c9quipes \u00c9ducatives et P\u00e9dagogiques\/Parents-Teacher Meeting<\/a>\n\n        <div class=\"wprss-feed-meta\">\n                <span class=\"feed-source\">\n        Source:  <a href=\"https:\/\/site.ac-martinique.fr\/lyc-leopoldbissol\/?feed-rss2\" class=\"\" target=\"_blank\" rel=\"noopener noreferrer nofollow\" style=\"\">Lyc\u00e9e L\u00e9opold BISSOL<\/a>\n    <\/span>\n                <span class=\"feed-date\">\n        Date:  2025-10-06\n    <\/span>\n            <span class=\"feed-author\">By Jessica MONRAPHA<\/span>\n        <\/div>\n\n        \n    <\/li>    <li class=\"wpra-item feed-item \">\n        <a href=\"https:\/\/site.ac-martinique.fr\/lyc-fanon\/?p=3116\" class=\"\" target=\"_blank\" rel=\"noopener noreferrer nofollow\" style=\"\">\u00c9lections des repr\u00e9sentants des parents d\u2019\u00e9l\u00e8ves 2025-2026<\/a>\n\n        <div class=\"wprss-feed-meta\">\n                <span class=\"feed-source\">\n        Source:  <a href=\"https:\/\/site.ac-martinique.fr\/lyc-fanon\/?feed=rss2\" class=\"\" target=\"_blank\" rel=\"noopener noreferrer nofollow\" style=\"\">Lyc\u00e9e Frantz Fanon<\/a>\n    <\/span>\n                <span class=\"feed-date\">\n        Date:  2025-10-06\n    <\/span>\n            <span class=\"feed-author\">By Georgy MARINE<\/span>\n        <\/div>\n\n        \n    <\/li>    <li class=\"wpra-item feed-item \">\n        <a href=\"https:\/\/site.ac-martinique.fr\/lyc-lajetee\/?p=5398\" class=\"\" target=\"_blank\" rel=\"noopener noreferrer nofollow\" style=\"\">Actualit\u00e9s du LPO la Jet\u00e9e<\/a>\n\n        <div class=\"wprss-feed-meta\">\n                <span class=\"feed-source\">\n        Source:  <a href=\"https:\/\/site.ac-martinique.fr\/lyc-lajetee\/?feed=rss2\" class=\"\" target=\"_blank\" rel=\"noopener noreferrer nofollow\" style=\"\">Lyc\u00e9e La Jet\u00e9e<\/a>\n    <\/span>\n                <span class=\"feed-date\">\n        Date:  2025-10-03\n    <\/span>\n            <span class=\"feed-author\">By webmestre<\/span>\n        <\/div>\n\n        \n    <\/li>    <li class=\"wpra-item feed-item \">\n        <a href=\"https:\/\/site.ac-martinique.fr\/lyc-josephzobel\/?p=8052\" class=\"\" target=\"_blank\" rel=\"noopener noreferrer nofollow\" style=\"\">CLUB D\u2019\u00c9CHECS<\/a>\n\n        <div class=\"wprss-feed-meta\">\n                <span class=\"feed-source\">\n        Source:  <a href=\"https:\/\/site.ac-martinique.fr\/lyc-josephzobel\/?feed=rss2\" class=\"\" target=\"_blank\" rel=\"noopener noreferrer nofollow\" style=\"\">Lyc\u00e9e Joseph Zobel<\/a>\n    <\/span>\n                <span class=\"feed-date\">\n        Date:  2025-09-30\n    <\/span>\n            <span class=\"feed-author\">By Lara GAUTIER<\/span>\n        <\/div>\n\n        \n    <\/li>    <li class=\"wpra-item feed-item \">\n        <a href=\"https:\/\/site.ac-martinique.fr\/lyc-raymondneris\/?p=6234\" class=\"\" target=\"_blank\" rel=\"noopener noreferrer nofollow\" style=\"\">MOT DE LA PROVISEURE<\/a>\n\n        <div class=\"wprss-feed-meta\">\n                <span class=\"feed-source\">\n        Source:  <a href=\"https:\/\/site.ac-martinique.fr\/lyc-raymondneris\/?feed=rss2\" class=\"\" target=\"_blank\" rel=\"noopener noreferrer nofollow\" style=\"\">Lyc\u00e9e Raymond Neris<\/a>\n    <\/span>\n                <span class=\"feed-date\">\n        Date:  2025-09-22\n    <\/span>\n            <span class=\"feed-author\">By Valerie MARCENY<\/span>\n        <\/div>\n\n        \n    <\/li>    <li class=\"wpra-item feed-item \">\n        <a href=\"https:\/\/site.ac-martinique.fr\/lyc-raymondneris\/?p=6264\" class=\"\" target=\"_blank\" rel=\"noopener noreferrer nofollow\" style=\"\">MARCHE DE COHESION<\/a>\n\n        <div class=\"wprss-feed-meta\">\n                <span class=\"feed-source\">\n        Source:  <a href=\"https:\/\/site.ac-martinique.fr\/lyc-raymondneris\/?feed=rss2\" class=\"\" target=\"_blank\" rel=\"noopener noreferrer nofollow\" style=\"\">Lyc\u00e9e Raymond Neris<\/a>\n    <\/span>\n                <span class=\"feed-date\">\n        Date:  2025-09-22\n    <\/span>\n            <span class=\"feed-author\">By Valerie MARCENY<\/span>\n        <\/div>\n\n        \n    <\/li>    <li class=\"wpra-item feed-item \">\n        <a href=\"https:\/\/site.ac-martinique.fr\/lyc-andrealiker\/?p=3802\" class=\"\" target=\"_blank\" rel=\"noopener noreferrer nofollow\" style=\"\">\u00c9lections des repr\u00e9sentants de parents d\u2019\u00e9l\u00e8ves au CA<\/a>\n\n        <div class=\"wprss-feed-meta\">\n                <span class=\"feed-source\">\n        Source:  <a href=\"https:\/\/site.ac-martinique.fr\/lyc-andrealiker\/?feed=rss2\" class=\"\" target=\"_blank\" rel=\"noopener noreferrer nofollow\" style=\"\">Lyc\u00e9e Andr\u00e9 Aliker<\/a>\n    <\/span>\n                <span class=\"feed-date\">\n        Date:  2025-09-19\n    <\/span>\n            <span class=\"feed-author\">By Web515<\/span>\n        <\/div>\n\n        \n    <\/li>    <li class=\"wpra-item feed-item \">\n        <a href=\"https:\/\/site.ac-martinique.fr\/lyc-luminasophie\/?p=3891\" class=\"\" target=\"_blank\" rel=\"noopener noreferrer nofollow\" style=\"\">Ann\u00e9e 2025-2026 : Se connecter \u00e0 PRONOTE<\/a>\n\n        <div class=\"wprss-feed-meta\">\n                <span class=\"feed-source\">\n        Source:  <a href=\"https:\/\/site.ac-martinique.fr\/lyc-luminasophie\/?feed=rss2\" class=\"\" target=\"_blank\" rel=\"noopener noreferrer nofollow\" style=\"\">Lyc\u00e9e Lumina Sophie<\/a>\n    <\/span>\n                <span class=\"feed-date\">\n        Date:  2025-09-16\n    <\/span>\n            <span class=\"feed-author\">By Sebastien Rinto<\/span>\n        <\/div>\n\n        \n    <\/li>    <li class=\"wpra-item feed-item \">\n        <a href=\"https:\/\/site.ac-martinique.fr\/lyc-montgerald\/?p=1589\" class=\"\" target=\"_blank\" rel=\"noopener noreferrer nofollow\" style=\"\">Jeudi 18 septembre : Service de restauration non assur\u00e9<\/a>\n\n        <div class=\"wprss-feed-meta\">\n                <span class=\"feed-source\">\n        Source:  <a href=\"https:\/\/site.ac-martinique.fr\/lyc-montgerald\/?feed=rss2\" class=\"\" target=\"_blank\" rel=\"noopener noreferrer nofollow\" style=\"\">Lyc\u00e9e Montgerald<\/a>\n    <\/span>\n                <span class=\"feed-date\">\n        Date:  2025-09-16\n    <\/span>\n            <span class=\"feed-author\">By Jiorgio NERJAT<\/span>\n        <\/div>\n\n        \n    <\/li>    <li class=\"wpra-item feed-item \">\n        <a href=\"https:\/\/site.ac-martinique.fr\/lyc-montgerald\/?p=1584\" class=\"\" target=\"_blank\" rel=\"noopener noreferrer nofollow\" style=\"\">Rejoignez-nous : BTS GPME<\/a>\n\n        <div class=\"wprss-feed-meta\">\n                <span class=\"feed-source\">\n        Source:  <a href=\"https:\/\/site.ac-martinique.fr\/lyc-montgerald\/?feed=rss2\" class=\"\" target=\"_blank\" rel=\"noopener noreferrer nofollow\" style=\"\">Lyc\u00e9e Montgerald<\/a>\n    <\/span>\n                <span class=\"feed-date\">\n        Date:  2025-09-15\n    <\/span>\n            <span class=\"feed-author\">By Jiorgio NERJAT<\/span>\n        <\/div>\n\n        \n    <\/li>    <li class=\"wpra-item feed-item \">\n        <a href=\"https:\/\/site.ac-martinique.fr\/lyc-montgerald\/?p=1581\" class=\"\" target=\"_blank\" rel=\"noopener noreferrer nofollow\" style=\"\">ALLO BOURSE : Nouveau num\u00e9ro<\/a>\n\n        <div class=\"wprss-feed-meta\">\n                <span class=\"feed-source\">\n        Source:  <a href=\"https:\/\/site.ac-martinique.fr\/lyc-montgerald\/?feed=rss2\" class=\"\" target=\"_blank\" rel=\"noopener noreferrer nofollow\" style=\"\">Lyc\u00e9e Montgerald<\/a>\n    <\/span>\n                <span class=\"feed-date\">\n        Date:  2025-09-15\n    <\/span>\n            <span class=\"feed-author\">By Jiorgio NERJAT<\/span>\n        <\/div>\n\n        \n    <\/li>    <li class=\"wpra-item feed-item \">\n        <a href=\"https:\/\/site.ac-martinique.fr\/lyc-montgerald\/?p=1578\" class=\"\" target=\"_blank\" rel=\"noopener noreferrer nofollow\" style=\"\">ASSEMBLEE GENERALE DE RENTREE<\/a>\n\n        <div class=\"wprss-feed-meta\">\n                <span class=\"feed-source\">\n        Source:  <a href=\"https:\/\/site.ac-martinique.fr\/lyc-montgerald\/?feed=rss2\" class=\"\" target=\"_blank\" rel=\"noopener noreferrer nofollow\" style=\"\">Lyc\u00e9e Montgerald<\/a>\n    <\/span>\n                <span class=\"feed-date\">\n        Date:  2025-09-15\n    <\/span>\n            <span class=\"feed-author\">By Jiorgio NERJAT<\/span>\n        <\/div>\n\n        \n    <\/li>    <li class=\"wpra-item feed-item \">\n        <a href=\"https:\/\/site.ac-martinique.fr\/lyc-jeannecatayee\/?p=2259\" class=\"\" target=\"_blank\" rel=\"noopener noreferrer nofollow\" style=\"\">JOURN\u00c9E DE COH\u00c9SION<\/a>\n\n        <div class=\"wprss-feed-meta\">\n                <span class=\"feed-source\">\n        Source:  <a href=\"https:\/\/site.ac-martinique.fr\/lyc-jeannecatayee\/?feed=rss2\" class=\"\" target=\"_blank\" rel=\"noopener noreferrer nofollow\" style=\"\">Lyc\u00e9e Jeanne Catay\u00e9e<\/a>\n    <\/span>\n                <span class=\"feed-date\">\n        Date:  2025-09-12\n    <\/span>\n            <span class=\"feed-author\">By Kernani CHENY<\/span>\n        <\/div>\n\n        \n    <\/li>\n        <\/ul>\n    <\/div>     <div class=\"nav-links wpra-nav-links numbered\">\n        \n        \n            <span class=\"alignleft wpra-feed-current-page\">\n        1\n    <\/span>    <div class=\"nav-next alignleft wpra-feed-page\">\n            <a data-wpra-page=\"2\" hx-post=\"https:\/\/site.ac-martinique.fr\/wp-admin\/admin-ajax.php\" hx-vals=\"{&quot;action&quot;:&quot;wpra.render.display&quot;,&quot;data&quot;:{&quot;id&quot;:5,&quot;page&quot;:2,&quot;sources&quot;:&quot;96,95,94,92,24,93,18,91,97,9,98,99,100,101,102,103&quot;,&quot;limit&quot;:100,&quot;pagination&quot;:&quot;on&quot;,&quot;_wpnonce&quot;:&quot;5d5f2fc743&quot;}}\">\n        2\n    <\/a>\n    <\/div>\n        \n            <div class=\"nav-next alignleft wpra-feed-next-pages\">\n            <a data-wpra-page=\"2\" hx-post=\"https:\/\/site.ac-martinique.fr\/wp-admin\/admin-ajax.php\" hx-vals=\"{&quot;action&quot;:&quot;wpra.render.display&quot;,&quot;data&quot;:{&quot;id&quot;:5,&quot;page&quot;:2,&quot;sources&quot;:&quot;96,95,94,92,24,93,18,91,97,9,98,99,100,101,102,103&quot;,&quot;limit&quot;:100,&quot;pagination&quot;:&quot;on&quot;,&quot;_wpnonce&quot;:&quot;5d5f2fc743&quot;}}\">\n        Next\n    <\/a>\n    <\/div>\n    <\/div><\/div>","protected":false},"excerpt":{"rendered":"","protected":false},"author":206,"featured_media":0,"comment_status":"closed","ping_status":"closed","sticky":false,"template":"","format":"standard","meta":{"footnotes":""},"categories":[1],"tags":[],"class_list":["post-38710","post","type-post","status-publish","format-standard","hentry","category-uncategorized"],"_links":{"self":[{"href":"https:\/\/site.ac-martinique.fr\/index.php?rest_route=\/wp\/v2\/posts\/38710","targetHints":{"allow":["GET"]}}],"collection":[{"href":"https:\/\/site.ac-martinique.fr\/index.php?rest_route=\/wp\/v2\/posts"}],"about":[{"href":"https:\/\/site.ac-martinique.fr\/index.php?rest_route=\/wp\/v2\/types\/post"}],"author":[{"embeddable":true,"href":"https:\/\/site.ac-martinique.fr\/index.php?rest_route=\/wp\/v2\/users\/206"}],"replies":[{"embeddable":true,"href":"https:\/\/site.ac-martinique.fr\/index.php?rest_route=%2Fwp%2Fv2%2Fcomments&post=38710"}],"version-history":[{"count":8,"href":"https:\/\/site.ac-martinique.fr\/index.php?rest_route=\/wp\/v2\/posts\/38710\/revisions"}],"predecessor-version":[{"id":39585,"href":"https:\/\/site.ac-martinique.fr\/index.php?rest_route=\/wp\/v2\/posts\/38710\/revisions\/39585"}],"wp:attachment":[{"href":"https:\/\/site.ac-martinique.fr\/index.php?rest_route=%2Fwp%2Fv2%2Fmedia&parent=38710"}],"wp:term":[{"taxonomy":"category","embeddable":true,"href":"https:\/\/site.ac-martinique.fr\/index.php?rest_route=%2Fwp%2Fv2%2Fcategories&post=38710"},{"taxonomy":"post_tag","embeddable":true,"href":"https:\/\/site.ac-martinique.fr\/index.php?rest_route=%2Fwp%2Fv2%2Ftags&post=38710"}],"curies":[{"name":"wp","href":"https:\/\/api.w.org\/{rel}","templated":true}]}}