{"id":38714,"date":"2025-07-09T12:25:45","date_gmt":"2025-07-09T16:25:45","guid":{"rendered":"https:\/\/site.ac-martinique.fr\/?p=38714"},"modified":"2025-10-28T13:36:41","modified_gmt":"2025-10-28T17:36:41","slug":"actualite-des-sites-des-colleges-de-lacademie-de-martinique","status":"publish","type":"post","link":"https:\/\/site.ac-martinique.fr\/?p=38714","title":{"rendered":"Actualit\u00e9 des sites des coll\u00e8ges de l\u2019acad\u00e9mie de Martinique"},"content":{"rendered":"<div class=\"wpra-display align\" data-display-id=\"4\" hx-target=\"this\" hx-swap=\"outerHTML\">    <div class=\"wp-rss-aggregator wpra-list-template \">\n        <ul class=\"rss-aggregator wpra-item-list wpra-item-list--bullets wpra-item-list--default\" start=\"1\">\n                <li class=\"wpra-item feed-item \">\n        <a href=\"https:\/\/site.ac-martinique.fr\/clg-rosesaintjust\/2025\/10\/27\/fete-de-la-science-theme-2025-intelligence-s\/\" class=\"\" target=\"_blank\" rel=\"noopener noreferrer nofollow\" style=\"\">F\u00eate de la Science \u2013 Th\u00e8me 2025 : Intelligence (s)<\/a>\n\n        <div class=\"wprss-feed-meta\">\n                <span class=\"feed-source\">\n        Source:  <a href=\"https:\/\/site.ac-martinique.fr\/clg-rosesaintjust\/?feed=rss2\" class=\"\" target=\"_blank\" rel=\"noopener noreferrer nofollow\" style=\"\">Coll\u00e8ge Rose Saint Just<\/a>\n    <\/span>\n                <span class=\"feed-date\">\n        Date:  2025-10-27\n    <\/span>\n            <span class=\"feed-author\">By Mme LONGIN CPE<\/span>\n        <\/div>\n\n        \n    <\/li>    <li class=\"wpra-item feed-item \">\n        <a href=\"https:\/\/site.ac-martinique.fr\/clg-rosesaintjust\/2025\/10\/24\/les-chroniques-de-rose-saint-just-numero-special-octobre-rose\/\" class=\"\" target=\"_blank\" rel=\"noopener noreferrer nofollow\" style=\"\">Les Chroniques de Rose Saint-Just \u2013 Num\u00e9ro sp\u00e9cial Octobre Rose<\/a>\n\n        <div class=\"wprss-feed-meta\">\n                <span class=\"feed-source\">\n        Source:  <a href=\"https:\/\/site.ac-martinique.fr\/clg-rosesaintjust\/?feed=rss2\" class=\"\" target=\"_blank\" rel=\"noopener noreferrer nofollow\" style=\"\">Coll\u00e8ge Rose Saint Just<\/a>\n    <\/span>\n                <span class=\"feed-date\">\n        Date:  2025-10-24\n    <\/span>\n            <span class=\"feed-author\">By Mme LONGIN CPE<\/span>\n        <\/div>\n\n        \n    <\/li>    <li class=\"wpra-item feed-item \">\n        <a href=\"https:\/\/site.ac-martinique.fr\/clg-rosesaintjust\/2025\/10\/23\/ateliers-du-cio-nord-atlantique-novembre-2025\/\" class=\"\" target=\"_blank\" rel=\"noopener noreferrer nofollow\" style=\"\">Ateliers du CIO Nord Atlantique \u2013 Novembre 2025<\/a>\n\n        <div class=\"wprss-feed-meta\">\n                <span class=\"feed-source\">\n        Source:  <a href=\"https:\/\/site.ac-martinique.fr\/clg-rosesaintjust\/?feed=rss2\" class=\"\" target=\"_blank\" rel=\"noopener noreferrer nofollow\" style=\"\">Coll\u00e8ge Rose Saint Just<\/a>\n    <\/span>\n                <span class=\"feed-date\">\n        Date:  2025-10-23\n    <\/span>\n            <span class=\"feed-author\">By Mme LONGIN CPE<\/span>\n        <\/div>\n\n        \n    <\/li>    <li class=\"wpra-item feed-item \">\n        <a href=\"https:\/\/site.ac-martinique.fr\/clg-perrinon\/?p=3796\" class=\"\" target=\"_blank\" rel=\"noopener noreferrer nofollow\" style=\"\">Le retour du Club \u00c9chec<\/a>\n\n        <div class=\"wprss-feed-meta\">\n                <span class=\"feed-source\">\n        Source:  <a href=\"https:\/\/site.ac-martinique.fr\/clg-perrinon\/?feed=rss2\" class=\"\" target=\"_blank\" rel=\"noopener noreferrer nofollow\" style=\"\">Coll\u00e8ge Perrinon<\/a>\n    <\/span>\n                <span class=\"feed-date\">\n        Date:  2025-10-21\n    <\/span>\n            <span class=\"feed-author\">By MAGRI Marius<\/span>\n        <\/div>\n\n        \n    <\/li>    <li class=\"wpra-item feed-item \">\n        <a href=\"https:\/\/site.ac-martinique.fr\/clg-jacquelinejulius\/2025\/10\/17\/la-grande-lessive-edition-doctobre-2025\/\" class=\"\" target=\"_blank\" rel=\"noopener noreferrer nofollow\" style=\"\">La grande Lessive \u00e9dition d\u2019Octobre 2025<\/a>\n\n        <div class=\"wprss-feed-meta\">\n                <span class=\"feed-source\">\n        Source:  <a href=\"https:\/\/site.ac-martinique.fr\/clg-jacquelinejulius\/?feed=rss2\" class=\"\" target=\"_blank\" rel=\"noopener noreferrer nofollow\" style=\"\">Coll\u00e8ge Jacqueline Julius<\/a>\n    <\/span>\n                <span class=\"feed-date\">\n        Date:  2025-10-17\n    <\/span>\n            <span class=\"feed-author\">By Sylvie Lheureux professeure d&#039;Arts Plastiques<\/span>\n        <\/div>\n\n        \n    <\/li>    <li class=\"wpra-item feed-item \">\n        <a href=\"https:\/\/site.ac-martinique.fr\/clg-georgeselisabeth\/?p=4119\" class=\"\" target=\"_blank\" rel=\"noopener noreferrer nofollow\" style=\"\">MENU CANTINE \u2013 NOVEMBRE 2025<\/a>\n\n        <div class=\"wprss-feed-meta\">\n                <span class=\"feed-source\">\n        Source:  <a href=\"https:\/\/site.ac-martinique.fr\/clg-georgeselisabeth\/?feed=rss2\" class=\"\" target=\"_blank\" rel=\"noopener noreferrer nofollow\" style=\"\">Coll\u00e8ge Georges Elisabeth<\/a>\n    <\/span>\n                <span class=\"feed-date\">\n        Date:  2025-10-17\n    <\/span>\n            <span class=\"feed-author\">By Matthieu JACQUA<\/span>\n        <\/div>\n\n        \n    <\/li>    <li class=\"wpra-item feed-item \">\n        <a href=\"https:\/\/site.ac-martinique.fr\/clg-asselindebeauville\/wp-content\/uploads\/sites\/83\/2025\/10\/pouripo.jpg#new_tab\" class=\"\" target=\"_blank\" rel=\"noopener noreferrer nofollow\" style=\"\">Venez nombreux d\u00e9couvrir les 10 mini-\u00e9pisodes de la s\u00e9rie anim\u00e9e POURIPO!, con\u00e7ue et illustr\u00e9e par les \u00e9l\u00e8ves du coll\u00e8ge \u2026<\/a>\n\n        <div class=\"wprss-feed-meta\">\n                <span class=\"feed-source\">\n        Source:  <a href=\"https:\/\/site.ac-martinique.fr\/clg-asselindebeauville\/?feed=rss2\" class=\"\" target=\"_blank\" rel=\"noopener noreferrer nofollow\" style=\"\">Coll\u00e8ge Asselin de Beauville<\/a>\n    <\/span>\n                <span class=\"feed-date\">\n        Date:  2025-10-16\n    <\/span>\n            <span class=\"feed-author\">By Webmestre<\/span>\n        <\/div>\n\n        \n    <\/li>    <li class=\"wpra-item feed-item \">\n        <a href=\"https:\/\/site.ac-martinique.fr\/clg-jacquelinejulius\/2025\/10\/16\/hommage-en-octobre-rose-au-college\/\" class=\"\" target=\"_blank\" rel=\"noopener noreferrer nofollow\" style=\"\">Hommage en Octobre Rose\u2026 au Coll\u00e8ge<\/a>\n\n        <div class=\"wprss-feed-meta\">\n                <span class=\"feed-source\">\n        Source:  <a href=\"https:\/\/site.ac-martinique.fr\/clg-jacquelinejulius\/?feed=rss2\" class=\"\" target=\"_blank\" rel=\"noopener noreferrer nofollow\" style=\"\">Coll\u00e8ge Jacqueline Julius<\/a>\n    <\/span>\n                <span class=\"feed-date\">\n        Date:  2025-10-16\n    <\/span>\n            <span class=\"feed-author\">By Professeur-documentaliste<\/span>\n        <\/div>\n\n        \n    <\/li>    <li class=\"wpra-item feed-item \">\n        <a href=\"https:\/\/site.ac-martinique.fr\/clg-isidorepelage\/?p=2835\" class=\"\" target=\"_blank\" rel=\"noopener noreferrer nofollow\" style=\"\">Quizz Erasmus Days<\/a>\n\n        <div class=\"wprss-feed-meta\">\n                <span class=\"feed-source\">\n        Source:  <a href=\"https:\/\/site.ac-martinique.fr\/clg-isidorepelage\/?feed=rss2\" class=\"\" target=\"_blank\" rel=\"noopener noreferrer nofollow\" style=\"\">Coll\u00e8ge Isidore P\u00e9lage<\/a>\n    <\/span>\n                <span class=\"feed-date\">\n        Date:  2025-10-15\n    <\/span>\n            <span class=\"feed-author\">By webmestre<\/span>\n        <\/div>\n\n        \n    <\/li>    <li class=\"wpra-item feed-item \">\n        <a href=\"https:\/\/drive.google.com\/file\/d\/13IqCfLRxEufBLl-3PFhWsTJbOz6zA5_P\/view\" class=\"\" target=\"_blank\" rel=\"noopener noreferrer nofollow\" style=\"\">D\u00e9couvrez la vid\u00e9o r\u00e9alis\u00e9e avec les latinistes \u00e0 l\u2019occasion des Journ\u00e9es Erasmus de cette semaine !<\/a>\n\n        <div class=\"wprss-feed-meta\">\n                <span class=\"feed-source\">\n        Source:  <a href=\"https:\/\/site.ac-martinique.fr\/clg-asselindebeauville\/?feed=rss2\" class=\"\" target=\"_blank\" rel=\"noopener noreferrer nofollow\" style=\"\">Coll\u00e8ge Asselin de Beauville<\/a>\n    <\/span>\n                <span class=\"feed-date\">\n        Date:  2025-10-15\n    <\/span>\n            <span class=\"feed-author\">By Webmestre<\/span>\n        <\/div>\n\n        \n    <\/li>    <li class=\"wpra-item feed-item \">\n        <a href=\"https:\/\/site.ac-martinique.fr\/clg-georgeselisabeth\/?p=4108\" class=\"\" target=\"_blank\" rel=\"noopener noreferrer nofollow\" style=\"\">Alimentation durable \u2013 pour une assiette plus \u00e9quilibr\u00e9e et plus locale.<\/a>\n\n        <div class=\"wprss-feed-meta\">\n                <span class=\"feed-source\">\n        Source:  <a href=\"https:\/\/site.ac-martinique.fr\/clg-georgeselisabeth\/?feed=rss2\" class=\"\" target=\"_blank\" rel=\"noopener noreferrer nofollow\" style=\"\">Coll\u00e8ge Georges Elisabeth<\/a>\n    <\/span>\n                <span class=\"feed-date\">\n        Date:  2025-10-14\n    <\/span>\n            <span class=\"feed-author\">By St\u00e9phane GAUJEAN<\/span>\n        <\/div>\n\n        \n    <\/li>    <li class=\"wpra-item feed-item \">\n        <a href=\"https:\/\/site.ac-martinique.fr\/clg-jacquesroumain\/?p=2246\" class=\"\" target=\"_blank\" rel=\"noopener noreferrer nofollow\" style=\"\">Octobre Rose<\/a>\n\n        <div class=\"wprss-feed-meta\">\n                <span class=\"feed-source\">\n        Source:  <a href=\"https:\/\/site.ac-martinique.fr\/clg-jacquesroumain\/?feed=rss2\" class=\"\" target=\"_blank\" rel=\"noopener noreferrer nofollow\" style=\"\">Coll\u00e8ge Jacques Roumain<\/a>\n    <\/span>\n                <span class=\"feed-date\">\n        Date:  2025-10-14\n    <\/span>\n            <span class=\"feed-author\">By admin0017l<\/span>\n        <\/div>\n\n        \n    <\/li>    <li class=\"wpra-item feed-item \">\n        <a href=\"https:\/\/site.ac-martinique.fr\/clg-sainteluce\/?p=2594\" class=\"\" target=\"_blank\" rel=\"noopener noreferrer nofollow\" style=\"\">Tr\u00e8s bel OCTOBRE ROSE<\/a>\n\n        <div class=\"wprss-feed-meta\">\n                <span class=\"feed-source\">\n        Source:  <a href=\"https:\/\/site.ac-martinique.fr\/clg-sainteluce\/?feed=rss2\" class=\"\" target=\"_blank\" rel=\"noopener noreferrer nofollow\" style=\"\">Coll\u00e8ge Sainte Luce<\/a>\n    <\/span>\n                <span class=\"feed-date\">\n        Date:  2025-10-13\n    <\/span>\n            <span class=\"feed-author\">By editeurlangues<\/span>\n        <\/div>\n\n        \n    <\/li>    <li class=\"wpra-item feed-item \">\n        <a href=\"https:\/\/site.ac-martinique.fr\/clg-gerardcafe\/2025\/10\/13\/invitation-webinaire-upeem-sur-le-tdah-trouble-du-deficit-de-lattention-avec-ou-sans-hyperactivite\/\" class=\"\" target=\"_blank\" rel=\"noopener noreferrer nofollow\" style=\"\">Invitation Webinaire UPEEM sur le TDAH (Trouble du D\u00e9ficit de l\u2019Attention avec ou sans Hyperactivit\u00e9)<\/a>\n\n        <div class=\"wprss-feed-meta\">\n                <span class=\"feed-source\">\n        Source:  <a href=\"https:\/\/site.ac-martinique.fr\/clg-gerardcafe\/?feed=rss2\" class=\"\" target=\"_blank\" rel=\"noopener noreferrer nofollow\" style=\"\">Coll\u00e8ge Gerard Caf\u00e9<\/a>\n    <\/span>\n                <span class=\"feed-date\">\n        Date:  2025-10-13\n    <\/span>\n            <span class=\"feed-author\">By Webmestre<\/span>\n        <\/div>\n\n        \n    <\/li>    <li class=\"wpra-item feed-item \">\n        <a href=\"https:\/\/site.ac-martinique.fr\/clg-perrinon\/?p=3790\" class=\"\" target=\"_blank\" rel=\"noopener noreferrer nofollow\" style=\"\">Association sportive du coll\u00e8ge : d\u00e9finition et activit\u00e9s<\/a>\n\n        <div class=\"wprss-feed-meta\">\n                <span class=\"feed-source\">\n        Source:  <a href=\"https:\/\/site.ac-martinique.fr\/clg-perrinon\/?feed=rss2\" class=\"\" target=\"_blank\" rel=\"noopener noreferrer nofollow\" style=\"\">Coll\u00e8ge Perrinon<\/a>\n    <\/span>\n                <span class=\"feed-date\">\n        Date:  2025-10-12\n    <\/span>\n            <span class=\"feed-author\">By MAGRI Marius<\/span>\n        <\/div>\n\n        \n    <\/li>    <li class=\"wpra-item feed-item \">\n        <a href=\"https:\/\/site.ac-martinique.fr\/clg-isidorepelage\/?p=2826\" class=\"\" target=\"_blank\" rel=\"noopener noreferrer nofollow\" style=\"\">Semaine bleue<\/a>\n\n        <div class=\"wprss-feed-meta\">\n                <span class=\"feed-source\">\n        Source:  <a href=\"https:\/\/site.ac-martinique.fr\/clg-isidorepelage\/?feed=rss2\" class=\"\" target=\"_blank\" rel=\"noopener noreferrer nofollow\" style=\"\">Coll\u00e8ge Isidore P\u00e9lage<\/a>\n    <\/span>\n                <span class=\"feed-date\">\n        Date:  2025-10-11\n    <\/span>\n            <span class=\"feed-author\">By webmestre<\/span>\n        <\/div>\n\n        \n    <\/li>    <li class=\"wpra-item feed-item \">\n        <a href=\"https:\/\/site.ac-martinique.fr\/clg-edapierre\/?p=2672\" class=\"\" target=\"_blank\" rel=\"noopener noreferrer nofollow\" style=\"\">Campagne de bourse \u2013 Ann\u00e9e scolaire 2025-2026<\/a>\n\n        <div class=\"wprss-feed-meta\">\n                <span class=\"feed-source\">\n        Source:  <a href=\"https:\/\/site.ac-martinique.fr\/clg-edapierre\/?feed=rss2\" class=\"\" target=\"_blank\" rel=\"noopener noreferrer nofollow\" style=\"\">Coll\u00e8ge Eda Pierre<\/a>\n    <\/span>\n                <span class=\"feed-date\">\n        Date:  2025-10-10\n    <\/span>\n            <span class=\"feed-author\">By webmestre<\/span>\n        <\/div>\n\n        \n    <\/li>    <li class=\"wpra-item feed-item \">\n        <a href=\"https:\/\/site.ac-martinique.fr\/clg-edapierre\/?p=2660\" class=\"\" target=\"_blank\" rel=\"noopener noreferrer nofollow\" style=\"\">R\u00e8glement int\u00e9rieur<\/a>\n\n        <div class=\"wprss-feed-meta\">\n                <span class=\"feed-source\">\n        Source:  <a href=\"https:\/\/site.ac-martinique.fr\/clg-edapierre\/?feed=rss2\" class=\"\" target=\"_blank\" rel=\"noopener noreferrer nofollow\" style=\"\">Coll\u00e8ge Eda Pierre<\/a>\n    <\/span>\n                <span class=\"feed-date\">\n        Date:  2025-10-10\n    <\/span>\n            <span class=\"feed-author\">By webmestre<\/span>\n        <\/div>\n\n        \n    <\/li>    <li class=\"wpra-item feed-item \">\n        <a href=\"https:\/\/site.ac-martinique.fr\/clg-edapierre\/?p=2661\" class=\"\" target=\"_blank\" rel=\"noopener noreferrer nofollow\" style=\"\">Notre \u00e9tablissement<\/a>\n\n        <div class=\"wprss-feed-meta\">\n                <span class=\"feed-source\">\n        Source:  <a href=\"https:\/\/site.ac-martinique.fr\/clg-edapierre\/?feed=rss2\" class=\"\" target=\"_blank\" rel=\"noopener noreferrer nofollow\" style=\"\">Coll\u00e8ge Eda Pierre<\/a>\n    <\/span>\n                <span class=\"feed-date\">\n        Date:  2025-10-10\n    <\/span>\n            <span class=\"feed-author\">By webmestre<\/span>\n        <\/div>\n\n        \n    <\/li>    <li class=\"wpra-item feed-item \">\n        <a href=\"https:\/\/site.ac-martinique.fr\/clg-vauclin\/?p=6621\" class=\"\" target=\"_blank\" rel=\"noopener noreferrer nofollow\" style=\"\">OCTOBRE ROSE<\/a>\n\n        <div class=\"wprss-feed-meta\">\n                <span class=\"feed-source\">\n        Source:  <a href=\"https:\/\/site.ac-martinique.fr\/clg-vauclin\/?feed=rss2\" class=\"\" target=\"_blank\" rel=\"noopener noreferrer nofollow\" style=\"\">Coll\u00e8ge Vauclin<\/a>\n    <\/span>\n                <span class=\"feed-date\">\n        Date:  2025-10-09\n    <\/span>\n            <span class=\"feed-author\">By Web515<\/span>\n        <\/div>\n\n        \n    <\/li>    <li class=\"wpra-item feed-item \">\n        <a href=\"https:\/\/site.ac-martinique.fr\/clg-terreville\/?p=2897\" class=\"\" target=\"_blank\" rel=\"noopener noreferrer nofollow\" style=\"\">OCTOBRE 2025<\/a>\n\n        <div class=\"wprss-feed-meta\">\n                <span class=\"feed-source\">\n        Source:  <a href=\"https:\/\/site.ac-martinique.fr\/clg-terreville\/?feed=rss2\" class=\"\" target=\"_blank\" rel=\"noopener noreferrer nofollow\" style=\"\">Coll\u00e8ge Terreville<\/a>\n    <\/span>\n                <span class=\"feed-date\">\n        Date:  2025-10-08\n    <\/span>\n            <span class=\"feed-author\">By web0684l<\/span>\n        <\/div>\n\n        \n    <\/li>    <li class=\"wpra-item feed-item \">\n        <a href=\"https:\/\/site.ac-martinique.fr\/clg-georgeselisabeth\/?p=4102\" class=\"\" target=\"_blank\" rel=\"noopener noreferrer nofollow\" style=\"\">A la rencontre de personnes \u00e2g\u00e9es<\/a>\n\n        <div class=\"wprss-feed-meta\">\n                <span class=\"feed-source\">\n        Source:  <a href=\"https:\/\/site.ac-martinique.fr\/clg-georgeselisabeth\/?feed=rss2\" class=\"\" target=\"_blank\" rel=\"noopener noreferrer nofollow\" style=\"\">Coll\u00e8ge Georges Elisabeth<\/a>\n    <\/span>\n                <span class=\"feed-date\">\n        Date:  2025-10-08\n    <\/span>\n            <span class=\"feed-author\">By St\u00e9phane GAUJEAN<\/span>\n        <\/div>\n\n        \n    <\/li>    <li class=\"wpra-item feed-item \">\n        <a href=\"https:\/\/site.ac-martinique.fr\/clg-georgeselisabeth\/?p=4099\" class=\"\" target=\"_blank\" rel=\"noopener noreferrer nofollow\" style=\"\">Le Club jeu ouvre\u2026<\/a>\n\n        <div class=\"wprss-feed-meta\">\n                <span class=\"feed-source\">\n        Source:  <a href=\"https:\/\/site.ac-martinique.fr\/clg-georgeselisabeth\/?feed=rss2\" class=\"\" target=\"_blank\" rel=\"noopener noreferrer nofollow\" style=\"\">Coll\u00e8ge Georges Elisabeth<\/a>\n    <\/span>\n                <span class=\"feed-date\">\n        Date:  2025-10-08\n    <\/span>\n            <span class=\"feed-author\">By St\u00e9phane GAUJEAN<\/span>\n        <\/div>\n\n        \n    <\/li>    <li class=\"wpra-item feed-item \">\n        <a href=\"https:\/\/site.ac-martinique.fr\/clg-jacquelinejulius\/2025\/10\/08\/hommage-en-octobre-rose-sur-rci\/\" class=\"\" target=\"_blank\" rel=\"noopener noreferrer nofollow\" style=\"\">Hommage en Octobre Rose\u2026 sur RCI<\/a>\n\n        <div class=\"wprss-feed-meta\">\n                <span class=\"feed-source\">\n        Source:  <a href=\"https:\/\/site.ac-martinique.fr\/clg-jacquelinejulius\/?feed=rss2\" class=\"\" target=\"_blank\" rel=\"noopener noreferrer nofollow\" style=\"\">Coll\u00e8ge Jacqueline Julius<\/a>\n    <\/span>\n                <span class=\"feed-date\">\n        Date:  2025-10-08\n    <\/span>\n            <span class=\"feed-author\">By Professeur-documentaliste<\/span>\n        <\/div>\n\n        \n    <\/li>    <li class=\"wpra-item feed-item \">\n        <a href=\"https:\/\/site.ac-martinique.fr\/clg-belleetoile\/paiement-de-la-carte-turbo-self-3\/\" class=\"\" target=\"_blank\" rel=\"noopener noreferrer nofollow\" style=\"\">PAIEMENT DE LA CARTE TURBO SELF<\/a>\n\n        <div class=\"wprss-feed-meta\">\n                <span class=\"feed-source\">\n        Source:  <a href=\"https:\/\/site.ac-martinique.fr\/clg-belleetoile\/?feed=rss2\" class=\"\" target=\"_blank\" rel=\"noopener noreferrer nofollow\" style=\"\">Coll\u00e8ge Belle Etoile<\/a>\n    <\/span>\n                <span class=\"feed-date\">\n        Date:  2025-10-07\n    <\/span>\n            <span class=\"feed-author\">By LE CURIEUX CLERVILLE C\u00e9dric<\/span>\n        <\/div>\n\n        \n    <\/li>    <li class=\"wpra-item feed-item \">\n        <a href=\"https:\/\/site.ac-martinique.fr\/clg-louisdelgres\/?p=3349\" class=\"\" target=\"_blank\" rel=\"noopener noreferrer nofollow\" style=\"\">Election des repr\u00e9sentants des parents d\u2019\u00e9l\u00e8ves<\/a>\n\n        <div class=\"wprss-feed-meta\">\n                <span class=\"feed-source\">\n        Source:  <a href=\"https:\/\/site.ac-martinique.fr\/clg-louisdelgres\/?feed=rss2\" class=\"\" target=\"_blank\" rel=\"noopener noreferrer nofollow\" style=\"\">Coll\u00e8ge Louis Delgres<\/a>\n    <\/span>\n                <span class=\"feed-date\">\n        Date:  2025-10-07\n    <\/span>\n            <span class=\"feed-author\">By Le Principal<\/span>\n        <\/div>\n\n        \n    <\/li>    <li class=\"wpra-item feed-item \">\n        <a href=\"https:\/\/site.ac-martinique.fr\/clg-sainteluce\/?p=2467\" class=\"\" target=\"_blank\" rel=\"noopener noreferrer nofollow\" style=\"\">Pr\u00e9parons le coll\u00e8ge pour les ERASMUS DAYS!<\/a>\n\n        <div class=\"wprss-feed-meta\">\n                <span class=\"feed-source\">\n        Source:  <a href=\"https:\/\/site.ac-martinique.fr\/clg-sainteluce\/?feed=rss2\" class=\"\" target=\"_blank\" rel=\"noopener noreferrer nofollow\" style=\"\">Coll\u00e8ge Sainte Luce<\/a>\n    <\/span>\n                <span class=\"feed-date\">\n        Date:  2025-10-06\n    <\/span>\n            <span class=\"feed-author\">By editeurlangues<\/span>\n        <\/div>\n\n        \n    <\/li>    <li class=\"wpra-item feed-item \">\n        <a href=\"https:\/\/site.ac-martinique.fr\/clg-vincentplacoly\/?p=3435\" class=\"\" target=\"_blank\" rel=\"noopener noreferrer nofollow\" style=\"\">Salon des m\u00e9tiers l\u2019automobile sur le parking du stade Pierre Aliker Dillon.<\/a>\n\n        <div class=\"wprss-feed-meta\">\n                <span class=\"feed-source\">\n        Source:  <a href=\"https:\/\/site.ac-martinique.fr\/clg-vincentplacoly\/?feed=rss2\" class=\"\" target=\"_blank\" rel=\"noopener noreferrer nofollow\" style=\"\">Coll\u00e8ge Vincent Placoly<\/a>\n    <\/span>\n                <span class=\"feed-date\">\n        Date:  2025-10-06\n    <\/span>\n            <span class=\"feed-author\">By Fr\u00e9d\u00e9ric TANDA<\/span>\n        <\/div>\n\n        \n    <\/li>    <li class=\"wpra-item feed-item \">\n        <a href=\"https:\/\/site.ac-martinique.fr\/clg-carbet\/?p=9085\" class=\"\" target=\"_blank\" rel=\"noopener noreferrer nofollow\" style=\"\">Martinique la 1\u00e8re\u00a0!<\/a>\n\n        <div class=\"wprss-feed-meta\">\n                <span class=\"feed-source\">\n        Source:  <a href=\"https:\/\/site.ac-martinique.fr\/clg-carbet\/?feed=rss2\" class=\"\" target=\"_blank\" rel=\"noopener noreferrer nofollow\" style=\"\">Coll\u00e8ge Carbet<\/a>\n    <\/span>\n                <span class=\"feed-date\">\n        Date:  2025-10-05\n    <\/span>\n            <span class=\"feed-author\">By Celine CEBILE<\/span>\n        <\/div>\n\n        \n    <\/li>    <li class=\"wpra-item feed-item \">\n        <a href=\"https:\/\/site.ac-martinique.fr\/clg-adenet\/?p=3443\" class=\"\" target=\"_blank\" rel=\"noopener noreferrer nofollow\" style=\"\">C\u00e9r\u00e9monie de remise des dipl\u00f4mes du DNB et du CFG au coll\u00e8ge Jeanne et \u00c9mile ADENET<\/a>\n\n        <div class=\"wprss-feed-meta\">\n                <span class=\"feed-source\">\n        Source:  <a href=\"https:\/\/site.ac-martinique.fr\/clg-adenet\/?feed=rss2\" class=\"\" target=\"_blank\" rel=\"noopener noreferrer nofollow\" style=\"\">Coll\u00e8ge Adenet<\/a>\n    <\/span>\n                <span class=\"feed-date\">\n        Date:  2025-10-04\n    <\/span>\n            <span class=\"feed-author\">By webmestre<\/span>\n        <\/div>\n\n        \n    <\/li>    <li class=\"wpra-item feed-item \">\n        <a href=\"https:\/\/site.ac-martinique.fr\/clg-edouardglissant\/2025\/10\/03\/de-fugues-en-suite-a-tropiques-atrium\/\" class=\"\" target=\"_blank\" rel=\"noopener noreferrer nofollow\" style=\"\">\u00ab\u00a0DE FUGUES EN SUITE\u00a0\u00bb \u00c0 TROPIQUES ATRIUM<\/a>\n\n        <div class=\"wprss-feed-meta\">\n                <span class=\"feed-source\">\n        Source:  <a href=\"https:\/\/site.ac-martinique.fr\/clg-edouardglissant\/?feed=rss2\" class=\"\" target=\"_blank\" rel=\"noopener noreferrer nofollow\" style=\"\">Coll\u00e8ge Edouard Glissant<\/a>\n    <\/span>\n                <span class=\"feed-date\">\n        Date:  2025-10-03\n    <\/span>\n            <span class=\"feed-author\">By H\u00e9l\u00e8ne NOUVEL<\/span>\n        <\/div>\n\n        \n    <\/li>    <li class=\"wpra-item feed-item \">\n        <a href=\"https:\/\/site.ac-martinique.fr\/clg-edouardglissant\/2025\/10\/02\/venez-chanter-a-la-chorale-du-college\/\" class=\"\" target=\"_blank\" rel=\"noopener noreferrer nofollow\" style=\"\">VENEZ CHANTER \u00c0 LA CHORALE DU COLL\u00c8GE<\/a>\n\n        <div class=\"wprss-feed-meta\">\n                <span class=\"feed-source\">\n        Source:  <a href=\"https:\/\/site.ac-martinique.fr\/clg-edouardglissant\/?feed=rss2\" class=\"\" target=\"_blank\" rel=\"noopener noreferrer nofollow\" style=\"\">Coll\u00e8ge Edouard Glissant<\/a>\n    <\/span>\n                <span class=\"feed-date\">\n        Date:  2025-10-02\n    <\/span>\n            <span class=\"feed-author\">By H\u00e9l\u00e8ne NOUVEL<\/span>\n        <\/div>\n\n        \n    <\/li>    <li class=\"wpra-item feed-item \">\n        <a href=\"https:\/\/site.ac-martinique.fr\/clg-vauclin\/?p=6617\" class=\"\" target=\"_blank\" rel=\"noopener noreferrer nofollow\" style=\"\">Atelier Estime de soi 2 eme \u00e9dition<\/a>\n\n        <div class=\"wprss-feed-meta\">\n                <span class=\"feed-source\">\n        Source:  <a href=\"https:\/\/site.ac-martinique.fr\/clg-vauclin\/?feed=rss2\" class=\"\" target=\"_blank\" rel=\"noopener noreferrer nofollow\" style=\"\">Coll\u00e8ge Vauclin<\/a>\n    <\/span>\n                <span class=\"feed-date\">\n        Date:  2025-10-02\n    <\/span>\n            <span class=\"feed-author\">By Web515<\/span>\n        <\/div>\n\n        \n    <\/li>    <li class=\"wpra-item feed-item \">\n        <a href=\"https:\/\/site.ac-martinique.fr\/clg-aimecesaire\/?p=11007\" class=\"\" target=\"_blank\" rel=\"noopener noreferrer nofollow\" style=\"\">Nouveau brevet : ce qui change en 2026<\/a>\n\n        <div class=\"wprss-feed-meta\">\n                <span class=\"feed-source\">\n        Source:  <a href=\"https:\/\/site.ac-martinique.fr\/clg-aimecesaire\/?feed=rss2\" class=\"\" target=\"_blank\" rel=\"noopener noreferrer nofollow\" style=\"\">Coll\u00e8ge Aim\u00e9 C\u00e9saire (Fort-de-France)<\/a>\n    <\/span>\n                <span class=\"feed-date\">\n        Date:  2025-10-02\n    <\/span>\n            <span class=\"feed-author\">By Nella VESTRIS<\/span>\n        <\/div>\n\n        \n    <\/li>    <li class=\"wpra-item feed-item \">\n        <a href=\"https:\/\/site.ac-martinique.fr\/clg-belleetoile\/note-aux-parents-dp\/\" class=\"\" target=\"_blank\" rel=\"noopener noreferrer nofollow\" style=\"\">Note aux parents DP<\/a>\n\n        <div class=\"wprss-feed-meta\">\n                <span class=\"feed-source\">\n        Source:  <a href=\"https:\/\/site.ac-martinique.fr\/clg-belleetoile\/?feed=rss2\" class=\"\" target=\"_blank\" rel=\"noopener noreferrer nofollow\" style=\"\">Coll\u00e8ge Belle Etoile<\/a>\n    <\/span>\n                <span class=\"feed-date\">\n        Date:  2025-10-01\n    <\/span>\n            <span class=\"feed-author\">By LE CURIEUX CLERVILLE C\u00e9dric<\/span>\n        <\/div>\n\n        \n    <\/li>    <li class=\"wpra-item feed-item \">\n        <a href=\"https:\/\/site.ac-martinique.fr\/clg-edouardglissant\/2025\/10\/01\/octobre-rose-2\/\" class=\"\" target=\"_blank\" rel=\"noopener noreferrer nofollow\" style=\"\">OCTOBRE ROSE<\/a>\n\n        <div class=\"wprss-feed-meta\">\n                <span class=\"feed-source\">\n        Source:  <a href=\"https:\/\/site.ac-martinique.fr\/clg-edouardglissant\/?feed=rss2\" class=\"\" target=\"_blank\" rel=\"noopener noreferrer nofollow\" style=\"\">Coll\u00e8ge Edouard Glissant<\/a>\n    <\/span>\n                <span class=\"feed-date\">\n        Date:  2025-10-01\n    <\/span>\n            <span class=\"feed-author\">By H\u00e9l\u00e8ne NOUVEL<\/span>\n        <\/div>\n\n        \n    <\/li>    <li class=\"wpra-item feed-item \">\n        <a href=\"https:\/\/site.ac-martinique.fr\/clg-vauclin\/?p=6612\" class=\"\" target=\"_blank\" rel=\"noopener noreferrer nofollow\" style=\"\">Modalit\u00e9s des ELECTIONS DE REPRESENTANTS AU CONSEIL D\u2019ADMINISTRATION 2025-2026<\/a>\n\n        <div class=\"wprss-feed-meta\">\n                <span class=\"feed-source\">\n        Source:  <a href=\"https:\/\/site.ac-martinique.fr\/clg-vauclin\/?feed=rss2\" class=\"\" target=\"_blank\" rel=\"noopener noreferrer nofollow\" style=\"\">Coll\u00e8ge Vauclin<\/a>\n    <\/span>\n                <span class=\"feed-date\">\n        Date:  2025-09-30\n    <\/span>\n            <span class=\"feed-author\">By La Principale<\/span>\n        <\/div>\n\n        \n    <\/li>    <li class=\"wpra-item feed-item \">\n        <a href=\"https:\/\/site.ac-martinique.fr\/clg-louisdelgres\/?p=3346\" class=\"\" target=\"_blank\" rel=\"noopener noreferrer nofollow\" style=\"\">Journ\u00e9e banalis\u00e9e<\/a>\n\n        <div class=\"wprss-feed-meta\">\n                <span class=\"feed-source\">\n        Source:  <a href=\"https:\/\/site.ac-martinique.fr\/clg-louisdelgres\/?feed=rss2\" class=\"\" target=\"_blank\" rel=\"noopener noreferrer nofollow\" style=\"\">Coll\u00e8ge Louis Delgres<\/a>\n    <\/span>\n                <span class=\"feed-date\">\n        Date:  2025-09-30\n    <\/span>\n            <span class=\"feed-author\">By Le Principal<\/span>\n        <\/div>\n\n        \n    <\/li>    <li class=\"wpra-item feed-item \">\n        <a href=\"https:\/\/site.ac-martinique.fr\/clg-georgeselisabeth\/?p=4095\" class=\"\" target=\"_blank\" rel=\"noopener noreferrer nofollow\" style=\"\">MENU OCTOBRE 2025<\/a>\n\n        <div class=\"wprss-feed-meta\">\n                <span class=\"feed-source\">\n        Source:  <a href=\"https:\/\/site.ac-martinique.fr\/clg-georgeselisabeth\/?feed=rss2\" class=\"\" target=\"_blank\" rel=\"noopener noreferrer nofollow\" style=\"\">Coll\u00e8ge Georges Elisabeth<\/a>\n    <\/span>\n                <span class=\"feed-date\">\n        Date:  2025-09-29\n    <\/span>\n            <span class=\"feed-author\">By Matthieu JACQUA<\/span>\n        <\/div>\n\n        \n    <\/li>    <li class=\"wpra-item feed-item \">\n        <a href=\"https:\/\/site.ac-martinique.fr\/clg-rosesaintjust\/2025\/09\/28\/le-college-rose-saint-just-recrute-deux-volontaires-en-service-civique-pour-lannee-scolaire-2025-2026\/\" class=\"\" target=\"_blank\" rel=\"noopener noreferrer nofollow\" style=\"\">Le coll\u00e8ge Rose Saint-Just recrute deux volontaires en service civique pour l\u2019ann\u00e9e scolaire 2025-2026.<\/a>\n\n        <div class=\"wprss-feed-meta\">\n                <span class=\"feed-source\">\n        Source:  <a href=\"https:\/\/site.ac-martinique.fr\/clg-rosesaintjust\/?feed=rss2\" class=\"\" target=\"_blank\" rel=\"noopener noreferrer nofollow\" style=\"\">Coll\u00e8ge Rose Saint Just<\/a>\n    <\/span>\n                <span class=\"feed-date\">\n        Date:  2025-09-28\n    <\/span>\n            <span class=\"feed-author\">By Mme LONGIN CPE<\/span>\n        <\/div>\n\n        \n    <\/li>    <li class=\"wpra-item feed-item \">\n        <a href=\"https:\/\/site.ac-martinique.fr\/clg-gerardcafe\/2025\/09\/28\/faire-la-paix-ave-la-nature\/\" class=\"\" target=\"_blank\" rel=\"noopener noreferrer nofollow\" style=\"\">Faire la paix avec la nature<\/a>\n\n        <div class=\"wprss-feed-meta\">\n                <span class=\"feed-source\">\n        Source:  <a href=\"https:\/\/site.ac-martinique.fr\/clg-gerardcafe\/?feed=rss2\" class=\"\" target=\"_blank\" rel=\"noopener noreferrer nofollow\" style=\"\">Coll\u00e8ge Gerard Caf\u00e9<\/a>\n    <\/span>\n                <span class=\"feed-date\">\n        Date:  2025-09-28\n    <\/span>\n            <span class=\"feed-author\">By dodonnat<\/span>\n        <\/div>\n\n        \n    <\/li>    <li class=\"wpra-item feed-item \">\n        <a href=\"https:\/\/site.ac-martinique.fr\/clg-gerardcafe\/2025\/09\/28\/festival-des-astuces-ecologiques-2eme-edition\/\" class=\"\" target=\"_blank\" rel=\"noopener noreferrer nofollow\" style=\"\">Festival des astuces \u00e9cologiques- 2\u00e8me \u00c9dition<\/a>\n\n        <div class=\"wprss-feed-meta\">\n                <span class=\"feed-source\">\n        Source:  <a href=\"https:\/\/site.ac-martinique.fr\/clg-gerardcafe\/?feed=rss2\" class=\"\" target=\"_blank\" rel=\"noopener noreferrer nofollow\" style=\"\">Coll\u00e8ge Gerard Caf\u00e9<\/a>\n    <\/span>\n                <span class=\"feed-date\">\n        Date:  2025-09-28\n    <\/span>\n            <span class=\"feed-author\">By dodonnat<\/span>\n        <\/div>\n\n        \n    <\/li>    <li class=\"wpra-item feed-item \">\n        <a href=\"https:\/\/site.ac-martinique.fr\/clg-isidorepelage\/?p=2815\" class=\"\" target=\"_blank\" rel=\"noopener noreferrer nofollow\" style=\"\">Recrutement d\u2019un volontaire service civique<\/a>\n\n        <div class=\"wprss-feed-meta\">\n                <span class=\"feed-source\">\n        Source:  <a href=\"https:\/\/site.ac-martinique.fr\/clg-isidorepelage\/?feed=rss2\" class=\"\" target=\"_blank\" rel=\"noopener noreferrer nofollow\" style=\"\">Coll\u00e8ge Isidore P\u00e9lage<\/a>\n    <\/span>\n                <span class=\"feed-date\">\n        Date:  2025-09-26\n    <\/span>\n            <span class=\"feed-author\">By webmestre<\/span>\n        <\/div>\n\n        \n    <\/li>    <li class=\"wpra-item feed-item \">\n        <a href=\"https:\/\/site.ac-martinique.fr\/clg-vincentplacoly\/?p=3402\" class=\"\" target=\"_blank\" rel=\"noopener noreferrer nofollow\" style=\"\">F\u00eate de l\u2019aviation<\/a>\n\n        <div class=\"wprss-feed-meta\">\n                <span class=\"feed-source\">\n        Source:  <a href=\"https:\/\/site.ac-martinique.fr\/clg-vincentplacoly\/?feed=rss2\" class=\"\" target=\"_blank\" rel=\"noopener noreferrer nofollow\" style=\"\">Coll\u00e8ge Vincent Placoly<\/a>\n    <\/span>\n                <span class=\"feed-date\">\n        Date:  2025-09-25\n    <\/span>\n            <span class=\"feed-author\">By Fr\u00e9d\u00e9ric TANDA<\/span>\n        <\/div>\n\n        \n    <\/li>    <li class=\"wpra-item feed-item \">\n        <a href=\"https:\/\/site.ac-martinique.fr\/clg-vincentplacoly\/?p=3397\" class=\"\" target=\"_blank\" rel=\"noopener noreferrer nofollow\" style=\"\">\u00a0Elections des repr\u00e9sentants de Parents d\u2019\u00e9l\u00e8ves le 10 octobre 2025 \u2013 message des f\u00e9d\u00e9rations.<\/a>\n\n        <div class=\"wprss-feed-meta\">\n                <span class=\"feed-source\">\n        Source:  <a href=\"https:\/\/site.ac-martinique.fr\/clg-vincentplacoly\/?feed=rss2\" class=\"\" target=\"_blank\" rel=\"noopener noreferrer nofollow\" style=\"\">Coll\u00e8ge Vincent Placoly<\/a>\n    <\/span>\n                <span class=\"feed-date\">\n        Date:  2025-09-25\n    <\/span>\n            <span class=\"feed-author\">By Fr\u00e9d\u00e9ric TANDA<\/span>\n        <\/div>\n\n        \n    <\/li>    <li class=\"wpra-item feed-item \">\n        <a href=\"https:\/\/site.ac-martinique.fr\/clg-edouardglissant\/2025\/09\/25\/et-cest-reparti-pour-late-2025-2026\/\" class=\"\" target=\"_blank\" rel=\"noopener noreferrer nofollow\" style=\"\">ET C\u2019EST REPARTI POUR L\u2019ATE 2025-2026 !<\/a>\n\n        <div class=\"wprss-feed-meta\">\n                <span class=\"feed-source\">\n        Source:  <a href=\"https:\/\/site.ac-martinique.fr\/clg-edouardglissant\/?feed=rss2\" class=\"\" target=\"_blank\" rel=\"noopener noreferrer nofollow\" style=\"\">Coll\u00e8ge Edouard Glissant<\/a>\n    <\/span>\n                <span class=\"feed-date\">\n        Date:  2025-09-25\n    <\/span>\n            <span class=\"feed-author\">By H\u00e9l\u00e8ne NOUVEL<\/span>\n        <\/div>\n\n        \n    <\/li>    <li class=\"wpra-item feed-item \">\n        <a href=\"https:\/\/site.ac-martinique.fr\/clg-adenet\/?p=3430\" class=\"\" target=\"_blank\" rel=\"noopener noreferrer nofollow\" style=\"\">CALENDRIER DE PAIEMENT INTERNAT<\/a>\n\n        <div class=\"wprss-feed-meta\">\n                <span class=\"feed-source\">\n        Source:  <a href=\"https:\/\/site.ac-martinique.fr\/clg-adenet\/?feed=rss2\" class=\"\" target=\"_blank\" rel=\"noopener noreferrer nofollow\" style=\"\">Coll\u00e8ge Adenet<\/a>\n    <\/span>\n                <span class=\"feed-date\">\n        Date:  2025-09-25\n    <\/span>\n            <span class=\"feed-author\">By Y. JEROME<\/span>\n        <\/div>\n\n        \n    <\/li>    <li class=\"wpra-item feed-item \">\n        <a href=\"https:\/\/site.ac-martinique.fr\/clg-isidorepelage\/?p=2812\" class=\"\" target=\"_blank\" rel=\"noopener noreferrer nofollow\" style=\"\">Calendrier des \u00e9preuves \u00e9crites du DNB \u2013 session 2026<\/a>\n\n        <div class=\"wprss-feed-meta\">\n                <span class=\"feed-source\">\n        Source:  <a href=\"https:\/\/site.ac-martinique.fr\/clg-isidorepelage\/?feed=rss2\" class=\"\" target=\"_blank\" rel=\"noopener noreferrer nofollow\" style=\"\">Coll\u00e8ge Isidore P\u00e9lage<\/a>\n    <\/span>\n                <span class=\"feed-date\">\n        Date:  2025-09-25\n    <\/span>\n            <span class=\"feed-author\">By webmestre<\/span>\n        <\/div>\n\n        \n    <\/li>    <li class=\"wpra-item feed-item \">\n        <a href=\"https:\/\/site.ac-martinique.fr\/clg-vauclin\/?p=6608\" class=\"\" target=\"_blank\" rel=\"noopener noreferrer nofollow\" style=\"\">NAH !<\/a>\n\n        <div class=\"wprss-feed-meta\">\n                <span class=\"feed-source\">\n        Source:  <a href=\"https:\/\/site.ac-martinique.fr\/clg-vauclin\/?feed=rss2\" class=\"\" target=\"_blank\" rel=\"noopener noreferrer nofollow\" style=\"\">Coll\u00e8ge Vauclin<\/a>\n    <\/span>\n                <span class=\"feed-date\">\n        Date:  2025-09-23\n    <\/span>\n            <span class=\"feed-author\">By Web515<\/span>\n        <\/div>\n\n        \n    <\/li>    <li class=\"wpra-item feed-item \">\n        <a href=\"https:\/\/site.ac-martinique.fr\/clg-beausejour\/?p=4149\" class=\"\" target=\"_blank\" rel=\"noopener noreferrer nofollow\" style=\"\"><\/a>\n\n        <div class=\"wprss-feed-meta\">\n                <span class=\"feed-source\">\n        Source:  <a href=\"https:\/\/site.ac-martinique.fr\/clg-beausejour\/?feed=rss2\" class=\"\" target=\"_blank\" rel=\"noopener noreferrer nofollow\" style=\"\">Coll\u00e8ge Beaus\u00e9jour<\/a>\n    <\/span>\n                <span class=\"feed-date\">\n        Date:  2025-09-23\n    <\/span>\n            <span class=\"feed-author\">By webmestre<\/span>\n        <\/div>\n\n        \n    <\/li>    <li class=\"wpra-item feed-item \">\n        <a href=\"https:\/\/site.ac-martinique.fr\/clg-fernanddonatien\/?p=6211\" class=\"\" target=\"_blank\" rel=\"noopener noreferrer nofollow\" style=\"\">\u00ab Couple un jour, parent toujours \u00bb<\/a>\n\n        <div class=\"wprss-feed-meta\">\n                <span class=\"feed-source\">\n        Source:  <a href=\"https:\/\/site.ac-martinique.fr\/clg-fernanddonatien\/?feed=rss2\" class=\"\" target=\"_blank\" rel=\"noopener noreferrer nofollow\" style=\"\">Coll\u00e8ge Fernand Donatien<\/a>\n    <\/span>\n                <span class=\"feed-date\">\n        Date:  2025-09-22\n    <\/span>\n            <span class=\"feed-author\">By Philippe AURIA<\/span>\n        <\/div>\n\n        \n    <\/li>    <li class=\"wpra-item feed-item \">\n        <a href=\"https:\/\/site.ac-martinique.fr\/clg-adenet\/?p=3428\" class=\"\" target=\"_blank\" rel=\"noopener noreferrer nofollow\" style=\"\">INFORMATION IMPORTANTE sur les DOSSIERS DE BOURSE<\/a>\n\n        <div class=\"wprss-feed-meta\">\n                <span class=\"feed-source\">\n        Source:  <a href=\"https:\/\/site.ac-martinique.fr\/clg-adenet\/?feed=rss2\" class=\"\" target=\"_blank\" rel=\"noopener noreferrer nofollow\" style=\"\">Coll\u00e8ge Adenet<\/a>\n    <\/span>\n                <span class=\"feed-date\">\n        Date:  2025-09-21\n    <\/span>\n            <span class=\"feed-author\">By webmestre<\/span>\n        <\/div>\n\n        \n    <\/li>    <li class=\"wpra-item feed-item \">\n        <a href=\"https:\/\/site.ac-martinique.fr\/clg-asselindebeauville\/wp-content\/uploads\/sites\/83\/2025\/09\/OPTION-CHORALE-Copie.pdf#new_tab\" class=\"\" target=\"_blank\" rel=\"noopener noreferrer nofollow\" style=\"\">Les r\u00e9p\u00e9titions de l\u2019Option Chorale se tiendront les Lundis de 12h50\u00e0 13h45 en salle F4, \u00e0 partir du Lundi 29 Septembre\u2026.<\/a>\n\n        <div class=\"wprss-feed-meta\">\n                <span class=\"feed-source\">\n        Source:  <a href=\"https:\/\/site.ac-martinique.fr\/clg-asselindebeauville\/?feed=rss2\" class=\"\" target=\"_blank\" rel=\"noopener noreferrer nofollow\" style=\"\">Coll\u00e8ge Asselin de Beauville<\/a>\n    <\/span>\n                <span class=\"feed-date\">\n        Date:  2025-09-21\n    <\/span>\n            <span class=\"feed-author\">By Webmestre<\/span>\n        <\/div>\n\n        \n    <\/li>    <li class=\"wpra-item feed-item \">\n        <a href=\"https:\/\/site.ac-martinique.fr\/clg-belleetoile\/points-de-gestion-rencontre-des-parents-rentree-2025\/\" class=\"\" target=\"_blank\" rel=\"noopener noreferrer nofollow\" style=\"\">POINTS DE GESTION \u2013 RENCONTRE DES PARENTS RENTR\u00c9E 2025<\/a>\n\n        <div class=\"wprss-feed-meta\">\n                <span class=\"feed-source\">\n        Source:  <a href=\"https:\/\/site.ac-martinique.fr\/clg-belleetoile\/?feed=rss2\" class=\"\" target=\"_blank\" rel=\"noopener noreferrer nofollow\" style=\"\">Coll\u00e8ge Belle Etoile<\/a>\n    <\/span>\n                <span class=\"feed-date\">\n        Date:  2025-09-20\n    <\/span>\n            <span class=\"feed-author\">By LE CURIEUX CLERVILLE C\u00e9dric<\/span>\n        <\/div>\n\n        \n    <\/li>    <li class=\"wpra-item feed-item \">\n        <a href=\"https:\/\/site.ac-martinique.fr\/clg-belleetoile\/demande-de-bourse-de-college-2025-2026\/\" class=\"\" target=\"_blank\" rel=\"noopener noreferrer nofollow\" style=\"\">Demande de bourse de coll\u00e8ge 2025-2026<\/a>\n\n        <div class=\"wprss-feed-meta\">\n                <span class=\"feed-source\">\n        Source:  <a href=\"https:\/\/site.ac-martinique.fr\/clg-belleetoile\/?feed=rss2\" class=\"\" target=\"_blank\" rel=\"noopener noreferrer nofollow\" style=\"\">Coll\u00e8ge Belle Etoile<\/a>\n    <\/span>\n                <span class=\"feed-date\">\n        Date:  2025-09-19\n    <\/span>\n            <span class=\"feed-author\">By LE CURIEUX CLERVILLE C\u00e9dric<\/span>\n        <\/div>\n\n        \n    <\/li>    <li class=\"wpra-item feed-item \">\n        <a href=\"https:\/\/site.ac-martinique.fr\/clg-belleetoile\/date-de-paiement-de-la-carte-de-demi-pension\/\" class=\"\" target=\"_blank\" rel=\"noopener noreferrer nofollow\" style=\"\">Date de paiement de la carte de demi-pension<\/a>\n\n        <div class=\"wprss-feed-meta\">\n                <span class=\"feed-source\">\n        Source:  <a href=\"https:\/\/site.ac-martinique.fr\/clg-belleetoile\/?feed=rss2\" class=\"\" target=\"_blank\" rel=\"noopener noreferrer nofollow\" style=\"\">Coll\u00e8ge Belle Etoile<\/a>\n    <\/span>\n                <span class=\"feed-date\">\n        Date:  2025-09-19\n    <\/span>\n            <span class=\"feed-author\">By LE CURIEUX CLERVILLE C\u00e9dric<\/span>\n        <\/div>\n\n        \n    <\/li>    <li class=\"wpra-item feed-item \">\n        <a href=\"https:\/\/site.ac-martinique.fr\/clg-vincentplacoly\/?p=3365\" class=\"\" target=\"_blank\" rel=\"noopener noreferrer nofollow\" style=\"\">Journ\u00e9e du sport scolaire ce vendredi 19 septembre 2025.<\/a>\n\n        <div class=\"wprss-feed-meta\">\n                <span class=\"feed-source\">\n        Source:  <a href=\"https:\/\/site.ac-martinique.fr\/clg-vincentplacoly\/?feed=rss2\" class=\"\" target=\"_blank\" rel=\"noopener noreferrer nofollow\" style=\"\">Coll\u00e8ge Vincent Placoly<\/a>\n    <\/span>\n                <span class=\"feed-date\">\n        Date:  2025-09-19\n    <\/span>\n            <span class=\"feed-author\">By Fr\u00e9d\u00e9ric TANDA<\/span>\n        <\/div>\n\n        \n    <\/li>    <li class=\"wpra-item feed-item \">\n        <a href=\"https:\/\/site.ac-martinique.fr\/clg-vincentplacoly\/?p=3348\" class=\"\" target=\"_blank\" rel=\"noopener noreferrer nofollow\" style=\"\">Journ\u00e9e d\u00e9fi sport \u00e0 la rentr\u00e9e septembre 2025.<\/a>\n\n        <div class=\"wprss-feed-meta\">\n                <span class=\"feed-source\">\n        Source:  <a href=\"https:\/\/site.ac-martinique.fr\/clg-vincentplacoly\/?feed=rss2\" class=\"\" target=\"_blank\" rel=\"noopener noreferrer nofollow\" style=\"\">Coll\u00e8ge Vincent Placoly<\/a>\n    <\/span>\n                <span class=\"feed-date\">\n        Date:  2025-09-19\n    <\/span>\n            <span class=\"feed-author\">By Fr\u00e9d\u00e9ric TANDA<\/span>\n        <\/div>\n\n        \n    <\/li>    <li class=\"wpra-item feed-item \">\n        <a href=\"https:\/\/site.ac-martinique.fr\/clg-vincentplacoly\/?p=3340\" class=\"\" target=\"_blank\" rel=\"noopener noreferrer nofollow\" style=\"\">La journ\u00e9e europ\u00e9enne du patrimoine \u00e0 l\u2019Habitation Fond Rousseau \u00e0 Schoelcher.<\/a>\n\n        <div class=\"wprss-feed-meta\">\n                <span class=\"feed-source\">\n        Source:  <a href=\"https:\/\/site.ac-martinique.fr\/clg-vincentplacoly\/?feed=rss2\" class=\"\" target=\"_blank\" rel=\"noopener noreferrer nofollow\" style=\"\">Coll\u00e8ge Vincent Placoly<\/a>\n    <\/span>\n                <span class=\"feed-date\">\n        Date:  2025-09-19\n    <\/span>\n            <span class=\"feed-author\">By Fr\u00e9d\u00e9ric TANDA<\/span>\n        <\/div>\n\n        \n    <\/li>    <li class=\"wpra-item feed-item \">\n        <a href=\"https:\/\/site.ac-martinique.fr\/clg-vincentplacoly\/?p=3338\" class=\"\" target=\"_blank\" rel=\"noopener noreferrer nofollow\" style=\"\">T\u00e9l\u00e9chargez votre certificat de scolarit\u00e9 sur les services en ligne (compte Educonnect)<\/a>\n\n        <div class=\"wprss-feed-meta\">\n                <span class=\"feed-source\">\n        Source:  <a href=\"https:\/\/site.ac-martinique.fr\/clg-vincentplacoly\/?feed=rss2\" class=\"\" target=\"_blank\" rel=\"noopener noreferrer nofollow\" style=\"\">Coll\u00e8ge Vincent Placoly<\/a>\n    <\/span>\n                <span class=\"feed-date\">\n        Date:  2025-09-19\n    <\/span>\n            <span class=\"feed-author\">By Fr\u00e9d\u00e9ric TANDA<\/span>\n        <\/div>\n\n        \n    <\/li>    <li class=\"wpra-item feed-item \">\n        <a href=\"https:\/\/site.ac-martinique.fr\/clg-adenet\/?p=3421\" class=\"\" target=\"_blank\" rel=\"noopener noreferrer nofollow\" style=\"\">CALENDRIER DE PAIEMENT DE LA DEMI-PENSION<\/a>\n\n        <div class=\"wprss-feed-meta\">\n                <span class=\"feed-source\">\n        Source:  <a href=\"https:\/\/site.ac-martinique.fr\/clg-adenet\/?feed=rss2\" class=\"\" target=\"_blank\" rel=\"noopener noreferrer nofollow\" style=\"\">Coll\u00e8ge Adenet<\/a>\n    <\/span>\n                <span class=\"feed-date\">\n        Date:  2025-09-19\n    <\/span>\n            <span class=\"feed-author\">By Y. JEROME<\/span>\n        <\/div>\n\n        \n    <\/li>    <li class=\"wpra-item feed-item \">\n        <a href=\"https:\/\/site.ac-martinique.fr\/clg-trianon\/?p=3969\" class=\"\" target=\"_blank\" rel=\"noopener noreferrer nofollow\" style=\"\"><\/a>\n\n        <div class=\"wprss-feed-meta\">\n                <span class=\"feed-source\">\n        Source:  <a href=\"https:\/\/site.ac-martinique.fr\/clg-trianon\/?feed=rss2\" class=\"\" target=\"_blank\" rel=\"noopener noreferrer nofollow\" style=\"\">Coll\u00e8ge Trianon<\/a>\n    <\/span>\n                <span class=\"feed-date\">\n        Date:  2025-09-19\n    <\/span>\n            <span class=\"feed-author\">By Coll\u00e8ge Trianon<\/span>\n        <\/div>\n\n        \n    <\/li>    <li class=\"wpra-item feed-item \">\n        <a href=\"https:\/\/site.ac-martinique.fr\/clg-perrinon\/?p=3787\" class=\"\" target=\"_blank\" rel=\"noopener noreferrer nofollow\" style=\"\">Assembl\u00e9e g\u00e9n\u00e9rale association sportive du coll\u00e8ge<\/a>\n\n        <div class=\"wprss-feed-meta\">\n                <span class=\"feed-source\">\n        Source:  <a href=\"https:\/\/site.ac-martinique.fr\/clg-perrinon\/?feed=rss2\" class=\"\" target=\"_blank\" rel=\"noopener noreferrer nofollow\" style=\"\">Coll\u00e8ge Perrinon<\/a>\n    <\/span>\n                <span class=\"feed-date\">\n        Date:  2025-09-19\n    <\/span>\n            <span class=\"feed-author\">By MAGRI Marius<\/span>\n        <\/div>\n\n        \n    <\/li>    <li class=\"wpra-item feed-item \">\n        <a href=\"https:\/\/site.ac-martinique.fr\/clg-asselindebeauville\/wp-content\/uploads\/sites\/83\/2025\/09\/AUTORISATIONPARENTALE-A.S-2526.pdf#new_tab\" class=\"\" target=\"_blank\" rel=\"noopener noreferrer nofollow\" style=\"\">Fiche d\u2019inscription et Autorisation parentale\u2026<\/a>\n\n        <div class=\"wprss-feed-meta\">\n                <span class=\"feed-source\">\n        Source:  <a href=\"https:\/\/site.ac-martinique.fr\/clg-asselindebeauville\/?feed=rss2\" class=\"\" target=\"_blank\" rel=\"noopener noreferrer nofollow\" style=\"\">Coll\u00e8ge Asselin de Beauville<\/a>\n    <\/span>\n                <span class=\"feed-date\">\n        Date:  2025-09-18\n    <\/span>\n            <span class=\"feed-author\">By Webmestre<\/span>\n        <\/div>\n\n        \n    <\/li>    <li class=\"wpra-item feed-item \">\n        <a href=\"https:\/\/site.ac-martinique.fr\/clg-vincentplacoly\/?p=3335\" class=\"\" target=\"_blank\" rel=\"noopener noreferrer nofollow\" style=\"\">Assembl\u00e9e g\u00e9n\u00e9rale des parents<\/a>\n\n        <div class=\"wprss-feed-meta\">\n                <span class=\"feed-source\">\n        Source:  <a href=\"https:\/\/site.ac-martinique.fr\/clg-vincentplacoly\/?feed=rss2\" class=\"\" target=\"_blank\" rel=\"noopener noreferrer nofollow\" style=\"\">Coll\u00e8ge Vincent Placoly<\/a>\n    <\/span>\n                <span class=\"feed-date\">\n        Date:  2025-09-18\n    <\/span>\n            <span class=\"feed-author\">By Fr\u00e9d\u00e9ric TANDA<\/span>\n        <\/div>\n\n        \n    <\/li>    <li class=\"wpra-item feed-item \">\n        <a href=\"https:\/\/site.ac-martinique.fr\/clg-edouardglissant\/2025\/09\/17\/journee-nationale-du-sport-scolaire-2\/\" class=\"\" target=\"_blank\" rel=\"noopener noreferrer nofollow\" style=\"\">JOURN\u00c9E NATIONALE DU SPORT SCOLAIRE<\/a>\n\n        <div class=\"wprss-feed-meta\">\n                <span class=\"feed-source\">\n        Source:  <a href=\"https:\/\/site.ac-martinique.fr\/clg-edouardglissant\/?feed=rss2\" class=\"\" target=\"_blank\" rel=\"noopener noreferrer nofollow\" style=\"\">Coll\u00e8ge Edouard Glissant<\/a>\n    <\/span>\n                <span class=\"feed-date\">\n        Date:  2025-09-17\n    <\/span>\n            <span class=\"feed-author\">By H\u00e9l\u00e8ne NOUVEL<\/span>\n        <\/div>\n\n        \n    <\/li>    <li class=\"wpra-item feed-item \">\n        <a href=\"https:\/\/site.ac-martinique.fr\/clg-adenet\/?p=3416\" class=\"\" target=\"_blank\" rel=\"noopener noreferrer nofollow\" style=\"\">Menu du lundi 15 au vendredi 19 septembre 2025<\/a>\n\n        <div class=\"wprss-feed-meta\">\n                <span class=\"feed-source\">\n        Source:  <a href=\"https:\/\/site.ac-martinique.fr\/clg-adenet\/?feed=rss2\" class=\"\" target=\"_blank\" rel=\"noopener noreferrer nofollow\" style=\"\">Coll\u00e8ge Adenet<\/a>\n    <\/span>\n                <span class=\"feed-date\">\n        Date:  2025-09-15\n    <\/span>\n            <span class=\"feed-author\">By Fabrice THELESTE<\/span>\n        <\/div>\n\n        \n    <\/li>    <li class=\"wpra-item feed-item \">\n        <a href=\"https:\/\/site.ac-martinique.fr\/clg-isidorepelage\/?p=2809\" class=\"\" target=\"_blank\" rel=\"noopener noreferrer nofollow\" style=\"\">Projet de recyclage dans le cadre de l\u2019E3D<\/a>\n\n        <div class=\"wprss-feed-meta\">\n                <span class=\"feed-source\">\n        Source:  <a href=\"https:\/\/site.ac-martinique.fr\/clg-isidorepelage\/?feed=rss2\" class=\"\" target=\"_blank\" rel=\"noopener noreferrer nofollow\" style=\"\">Coll\u00e8ge Isidore P\u00e9lage<\/a>\n    <\/span>\n                <span class=\"feed-date\">\n        Date:  2025-09-14\n    <\/span>\n            <span class=\"feed-author\">By webmestre<\/span>\n        <\/div>\n\n        \n    <\/li>    <li class=\"wpra-item feed-item \">\n        <a href=\"https:\/\/site.ac-martinique.fr\/clg-mornedesesses\/?p=4709\" class=\"\" target=\"_blank\" rel=\"noopener noreferrer nofollow\" style=\"\">Randonn\u00e9e des 6\u00e8mes<\/a>\n\n        <div class=\"wprss-feed-meta\">\n                <span class=\"feed-source\">\n        Source:  <a href=\"https:\/\/site.ac-martinique.fr\/clg-mornedesesses\/?feed=rss2\" class=\"\" target=\"_blank\" rel=\"noopener noreferrer nofollow\" style=\"\">Coll\u00e8ge Morne des Esses<\/a>\n    <\/span>\n                <span class=\"feed-date\">\n        Date:  2025-09-13\n    <\/span>\n            <span class=\"feed-author\">By webmestre<\/span>\n        <\/div>\n\n        \n    <\/li>    <li class=\"wpra-item feed-item \">\n        <a href=\"https:\/\/site.ac-martinique.fr\/clg-belleetoile\/reprise-des-cours-au-college-belle-etoile\/\" class=\"\" target=\"_blank\" rel=\"noopener noreferrer nofollow\" style=\"\">Reprise des cours au Coll\u00e8ge Belle \u00c9toile<\/a>\n\n        <div class=\"wprss-feed-meta\">\n                <span class=\"feed-source\">\n        Source:  <a href=\"https:\/\/site.ac-martinique.fr\/clg-belleetoile\/?feed=rss2\" class=\"\" target=\"_blank\" rel=\"noopener noreferrer nofollow\" style=\"\">Coll\u00e8ge Belle Etoile<\/a>\n    <\/span>\n                <span class=\"feed-date\">\n        Date:  2025-09-13\n    <\/span>\n            <span class=\"feed-author\">By LE CURIEUX CLERVILLE C\u00e9dric<\/span>\n        <\/div>\n\n        \n    <\/li>    <li class=\"wpra-item feed-item \">\n        <a href=\"https:\/\/site.ac-martinique.fr\/clg-sainteluce\/?p=2583\" class=\"\" target=\"_blank\" rel=\"noopener noreferrer nofollow\" style=\"\">Journ\u00e9e de coh\u00e9sion 6e<\/a>\n\n        <div class=\"wprss-feed-meta\">\n                <span class=\"feed-source\">\n        Source:  <a href=\"https:\/\/site.ac-martinique.fr\/clg-sainteluce\/?feed=rss2\" class=\"\" target=\"_blank\" rel=\"noopener noreferrer nofollow\" style=\"\">Coll\u00e8ge Sainte Luce<\/a>\n    <\/span>\n                <span class=\"feed-date\">\n        Date:  2025-09-13\n    <\/span>\n            <span class=\"feed-author\">By CLGSTL PROF<\/span>\n        <\/div>\n\n        \n    <\/li>    <li class=\"wpra-item feed-item \">\n        <a href=\"https:\/\/site.ac-martinique.fr\/clg-isidorepelage\/?p=2796\" class=\"\" target=\"_blank\" rel=\"noopener noreferrer nofollow\" style=\"\">Journ\u00e9e de coh\u00e9sion<\/a>\n\n        <div class=\"wprss-feed-meta\">\n                <span class=\"feed-source\">\n        Source:  <a href=\"https:\/\/site.ac-martinique.fr\/clg-isidorepelage\/?feed=rss2\" class=\"\" target=\"_blank\" rel=\"noopener noreferrer nofollow\" style=\"\">Coll\u00e8ge Isidore P\u00e9lage<\/a>\n    <\/span>\n                <span class=\"feed-date\">\n        Date:  2025-09-12\n    <\/span>\n            <span class=\"feed-author\">By webmestre<\/span>\n        <\/div>\n\n        \n    <\/li>    <li class=\"wpra-item feed-item \">\n        <a href=\"https:\/\/site.ac-martinique.fr\/clg-louisdelgres\/?p=3335\" class=\"\" target=\"_blank\" rel=\"noopener noreferrer nofollow\" style=\"\">Evaluations nationales<\/a>\n\n        <div class=\"wprss-feed-meta\">\n                <span class=\"feed-source\">\n        Source:  <a href=\"https:\/\/site.ac-martinique.fr\/clg-louisdelgres\/?feed=rss2\" class=\"\" target=\"_blank\" rel=\"noopener noreferrer nofollow\" style=\"\">Coll\u00e8ge Louis Delgres<\/a>\n    <\/span>\n                <span class=\"feed-date\">\n        Date:  2025-09-12\n    <\/span>\n            <span class=\"feed-author\">By Le Principal<\/span>\n        <\/div>\n\n        \n    <\/li>    <li class=\"wpra-item feed-item \">\n        <a href=\"https:\/\/site.ac-martinique.fr\/clg-trianon\/?p=3956\" class=\"\" target=\"_blank\" rel=\"noopener noreferrer nofollow\" style=\"\">CALENDRIER DE PAIEMENT DE LA DEMI-PENSION<\/a>\n\n        <div class=\"wprss-feed-meta\">\n                <span class=\"feed-source\">\n        Source:  <a href=\"https:\/\/site.ac-martinique.fr\/clg-trianon\/?feed=rss2\" class=\"\" target=\"_blank\" rel=\"noopener noreferrer nofollow\" style=\"\">Coll\u00e8ge Trianon<\/a>\n    <\/span>\n                <span class=\"feed-date\">\n        Date:  2025-09-11\n    <\/span>\n            <span class=\"feed-author\">By Coll\u00e8ge Trianon<\/span>\n        <\/div>\n\n        \n    <\/li>    <li class=\"wpra-item feed-item \">\n        <a href=\"https:\/\/site.ac-martinique.fr\/clg-hubertnero\/?p=983\" class=\"\" target=\"_blank\" rel=\"noopener noreferrer nofollow\" style=\"\"><\/a>\n\n        <div class=\"wprss-feed-meta\">\n                <span class=\"feed-source\">\n        Source:  <a href=\"https:\/\/site.ac-martinique.fr\/clg-hubertnero\/?feed=rss2\" class=\"\" target=\"_blank\" rel=\"noopener noreferrer nofollow\" style=\"\">Coll\u00e8ge Hubert Nero<\/a>\n    <\/span>\n                <span class=\"feed-date\">\n        Date:  2025-09-11\n    <\/span>\n            <span class=\"feed-author\">By DONDON<\/span>\n        <\/div>\n\n        \n    <\/li>    <li class=\"wpra-item feed-item \">\n        <a href=\"https:\/\/site.ac-martinique.fr\/clg-isidorepelage\/?p=2793\" class=\"\" target=\"_blank\" rel=\"noopener noreferrer nofollow\" style=\"\">Tutoriel d\u2019acc\u00e8s \u00e0 PRONOTE via COLIBRI<\/a>\n\n        <div class=\"wprss-feed-meta\">\n                <span class=\"feed-source\">\n        Source:  <a href=\"https:\/\/site.ac-martinique.fr\/clg-isidorepelage\/?feed=rss2\" class=\"\" target=\"_blank\" rel=\"noopener noreferrer nofollow\" style=\"\">Coll\u00e8ge Isidore P\u00e9lage<\/a>\n    <\/span>\n                <span class=\"feed-date\">\n        Date:  2025-09-10\n    <\/span>\n            <span class=\"feed-author\">By webmestre<\/span>\n        <\/div>\n\n        \n    <\/li>    <li class=\"wpra-item feed-item \">\n        <a href=\"https:\/\/site.ac-martinique.fr\/clg-carbet\/?p=9083\" class=\"\" target=\"_blank\" rel=\"noopener noreferrer nofollow\" style=\"\">Information Importante<\/a>\n\n        <div class=\"wprss-feed-meta\">\n                <span class=\"feed-source\">\n        Source:  <a href=\"https:\/\/site.ac-martinique.fr\/clg-carbet\/?feed=rss2\" class=\"\" target=\"_blank\" rel=\"noopener noreferrer nofollow\" style=\"\">Coll\u00e8ge Carbet<\/a>\n    <\/span>\n                <span class=\"feed-date\">\n        Date:  2025-09-09\n    <\/span>\n            <span class=\"feed-author\">By NADEAU David<\/span>\n        <\/div>\n\n        \n    <\/li>    <li class=\"wpra-item feed-item \">\n        <a href=\"https:\/\/site.ac-martinique.fr\/clg-georgeselisabeth\/?p=4093\" class=\"\" target=\"_blank\" rel=\"noopener noreferrer nofollow\" style=\"\">Afin d\u2019aider le plus grand nombre \u00e0 acc\u00e9der \u00e0\u00a0EDUCONNECT. Cliquez sur lien ci dessous<\/a>\n\n        <div class=\"wprss-feed-meta\">\n                <span class=\"feed-source\">\n        Source:  <a href=\"https:\/\/site.ac-martinique.fr\/clg-georgeselisabeth\/?feed=rss2\" class=\"\" target=\"_blank\" rel=\"noopener noreferrer nofollow\" style=\"\">Coll\u00e8ge Georges Elisabeth<\/a>\n    <\/span>\n                <span class=\"feed-date\">\n        Date:  2025-09-09\n    <\/span>\n            <span class=\"feed-author\">By Matthieu JACQUA<\/span>\n        <\/div>\n\n        \n    <\/li>    <li class=\"wpra-item feed-item \">\n        <a href=\"https:\/\/site.ac-martinique.fr\/clg-louisdelgres\/?p=3331\" class=\"\" target=\"_blank\" rel=\"noopener noreferrer nofollow\" style=\"\">R\u00e9union d\u2019information<\/a>\n\n        <div class=\"wprss-feed-meta\">\n                <span class=\"feed-source\">\n        Source:  <a href=\"https:\/\/site.ac-martinique.fr\/clg-louisdelgres\/?feed=rss2\" class=\"\" target=\"_blank\" rel=\"noopener noreferrer nofollow\" style=\"\">Coll\u00e8ge Louis Delgres<\/a>\n    <\/span>\n                <span class=\"feed-date\">\n        Date:  2025-09-09\n    <\/span>\n            <span class=\"feed-author\">By Le Principal<\/span>\n        <\/div>\n\n        \n    <\/li>    <li class=\"wpra-item feed-item \">\n        <a href=\"https:\/\/site.ac-martinique.fr\/clg-belleetoile\/organisation-retenue-suite-aux-evenements-du-05-septembre-2025\/\" class=\"\" target=\"_blank\" rel=\"noopener noreferrer nofollow\" style=\"\">Organisation retenue suite aux \u00e9v\u00e9nements du 05 septembre 2025<\/a>\n\n        <div class=\"wprss-feed-meta\">\n                <span class=\"feed-source\">\n        Source:  <a href=\"https:\/\/site.ac-martinique.fr\/clg-belleetoile\/?feed=rss2\" class=\"\" target=\"_blank\" rel=\"noopener noreferrer nofollow\" style=\"\">Coll\u00e8ge Belle Etoile<\/a>\n    <\/span>\n                <span class=\"feed-date\">\n        Date:  2025-09-09\n    <\/span>\n            <span class=\"feed-author\">By LE CURIEUX CLERVILLE C\u00e9dric<\/span>\n        <\/div>\n\n        \n    <\/li>    <li class=\"wpra-item feed-item \">\n        <a href=\"https:\/\/site.ac-martinique.fr\/clg-vauclin\/?p=6604\" class=\"\" target=\"_blank\" rel=\"noopener noreferrer nofollow\" style=\"\">BOURSE NATIONALE<\/a>\n\n        <div class=\"wprss-feed-meta\">\n                <span class=\"feed-source\">\n        Source:  <a href=\"https:\/\/site.ac-martinique.fr\/clg-vauclin\/?feed=rss2\" class=\"\" target=\"_blank\" rel=\"noopener noreferrer nofollow\" style=\"\">Coll\u00e8ge Vauclin<\/a>\n    <\/span>\n                <span class=\"feed-date\">\n        Date:  2025-09-08\n    <\/span>\n            <span class=\"feed-author\">By Web515<\/span>\n        <\/div>\n\n        \n    <\/li>    <li class=\"wpra-item feed-item \">\n        <a href=\"https:\/\/site.ac-martinique.fr\/clg-jacquelinejulius\/2025\/09\/08\/non-a-la-violence\/\" class=\"\" target=\"_blank\" rel=\"noopener noreferrer nofollow\" style=\"\">Non \u00e0 la Violence<\/a>\n\n        <div class=\"wprss-feed-meta\">\n                <span class=\"feed-source\">\n        Source:  <a href=\"https:\/\/site.ac-martinique.fr\/clg-jacquelinejulius\/?feed=rss2\" class=\"\" target=\"_blank\" rel=\"noopener noreferrer nofollow\" style=\"\">Coll\u00e8ge Jacqueline Julius<\/a>\n    <\/span>\n                <span class=\"feed-date\">\n        Date:  2025-09-08\n    <\/span>\n            <span class=\"feed-author\">By Professeur-documentaliste<\/span>\n        <\/div>\n\n        \n    <\/li>    <li class=\"wpra-item feed-item \">\n        <a href=\"https:\/\/site.ac-martinique.fr\/clg-georgeselisabeth\/?p=4089\" class=\"\" target=\"_blank\" rel=\"noopener noreferrer nofollow\" style=\"\">MENU CANTINE \u2013 SEPTEMBRE 2025<\/a>\n\n        <div class=\"wprss-feed-meta\">\n                <span class=\"feed-source\">\n        Source:  <a href=\"https:\/\/site.ac-martinique.fr\/clg-georgeselisabeth\/?feed=rss2\" class=\"\" target=\"_blank\" rel=\"noopener noreferrer nofollow\" style=\"\">Coll\u00e8ge Georges Elisabeth<\/a>\n    <\/span>\n                <span class=\"feed-date\">\n        Date:  2025-09-08\n    <\/span>\n            <span class=\"feed-author\">By Matthieu JACQUA<\/span>\n        <\/div>\n\n        \n    <\/li>    <li class=\"wpra-item feed-item \">\n        <a href=\"https:\/\/site.ac-martinique.fr\/clg-isidorepelage\/?p=2780\" class=\"\" target=\"_blank\" rel=\"noopener noreferrer nofollow\" style=\"\">NON A LA VIOLENCE<\/a>\n\n        <div class=\"wprss-feed-meta\">\n                <span class=\"feed-source\">\n        Source:  <a href=\"https:\/\/site.ac-martinique.fr\/clg-isidorepelage\/?feed=rss2\" class=\"\" target=\"_blank\" rel=\"noopener noreferrer nofollow\" style=\"\">Coll\u00e8ge Isidore P\u00e9lage<\/a>\n    <\/span>\n                <span class=\"feed-date\">\n        Date:  2025-09-07\n    <\/span>\n            <span class=\"feed-author\">By webmestre<\/span>\n        <\/div>\n\n        \n    <\/li>    <li class=\"wpra-item feed-item \">\n        <a href=\"https:\/\/site.ac-martinique.fr\/clg-isidorepelage\/?p=2772\" class=\"\" target=\"_blank\" rel=\"noopener noreferrer nofollow\" style=\"\">Le coll\u00e8ge Isidore PELAGE dans la presse<\/a>\n\n        <div class=\"wprss-feed-meta\">\n                <span class=\"feed-source\">\n        Source:  <a href=\"https:\/\/site.ac-martinique.fr\/clg-isidorepelage\/?feed=rss2\" class=\"\" target=\"_blank\" rel=\"noopener noreferrer nofollow\" style=\"\">Coll\u00e8ge Isidore P\u00e9lage<\/a>\n    <\/span>\n                <span class=\"feed-date\">\n        Date:  2025-09-07\n    <\/span>\n            <span class=\"feed-author\">By webmestre<\/span>\n        <\/div>\n\n        \n    <\/li>    <li class=\"wpra-item feed-item \">\n        <a href=\"https:\/\/site.ac-martinique.fr\/clg-isidorepelage\/?p=2769\" class=\"\" target=\"_blank\" rel=\"noopener noreferrer nofollow\" style=\"\">En 6e, une matinee d\u2019int\u00e9gration autour des arts du cirque<\/a>\n\n        <div class=\"wprss-feed-meta\">\n                <span class=\"feed-source\">\n        Source:  <a href=\"https:\/\/site.ac-martinique.fr\/clg-isidorepelage\/?feed=rss2\" class=\"\" target=\"_blank\" rel=\"noopener noreferrer nofollow\" style=\"\">Coll\u00e8ge Isidore P\u00e9lage<\/a>\n    <\/span>\n                <span class=\"feed-date\">\n        Date:  2025-09-07\n    <\/span>\n            <span class=\"feed-author\">By webmestre<\/span>\n        <\/div>\n\n        \n    <\/li>    <li class=\"wpra-item feed-item \">\n        <a href=\"https:\/\/site.ac-martinique.fr\/clg-perrinon\/?p=3784\" class=\"\" target=\"_blank\" rel=\"noopener noreferrer nofollow\" style=\"\">Campagne de bourse \u2013 Ann\u00e9e scolaire 2025-2026 : supports d\u2019accompagnement<\/a>\n\n        <div class=\"wprss-feed-meta\">\n                <span class=\"feed-source\">\n        Source:  <a href=\"https:\/\/site.ac-martinique.fr\/clg-perrinon\/?feed=rss2\" class=\"\" target=\"_blank\" rel=\"noopener noreferrer nofollow\" style=\"\">Coll\u00e8ge Perrinon<\/a>\n    <\/span>\n                <span class=\"feed-date\">\n        Date:  2025-09-06\n    <\/span>\n            <span class=\"feed-author\">By MAGRI Marius<\/span>\n        <\/div>\n\n        \n    <\/li>    <li class=\"wpra-item feed-item \">\n        <a href=\"https:\/\/site.ac-martinique.fr\/clg-asselindebeauville\/?p=5478\" class=\"\" target=\"_blank\" rel=\"noopener noreferrer nofollow\" style=\"\">R\u00e9union avec les parents d\u2019\u00e9l\u00e8ves<\/a>\n\n        <div class=\"wprss-feed-meta\">\n                <span class=\"feed-source\">\n        Source:  <a href=\"https:\/\/site.ac-martinique.fr\/clg-asselindebeauville\/?feed=rss2\" class=\"\" target=\"_blank\" rel=\"noopener noreferrer nofollow\" style=\"\">Coll\u00e8ge Asselin de Beauville<\/a>\n    <\/span>\n                <span class=\"feed-date\">\n        Date:  2025-09-05\n    <\/span>\n            <span class=\"feed-author\">By Webmestre<\/span>\n        <\/div>\n\n        \n    <\/li>    <li class=\"wpra-item feed-item \">\n        <a href=\"https:\/\/site.ac-martinique.fr\/clg-asselindebeauville\/wp-content\/uploads\/sites\/83\/2025\/09\/DP.pdf#new_tab\" class=\"\" target=\"_blank\" rel=\"noopener noreferrer nofollow\" style=\"\">Informations \u00e0 destination des parents concernant la demi-pension\u2026<\/a>\n\n        <div class=\"wprss-feed-meta\">\n                <span class=\"feed-source\">\n        Source:  <a href=\"https:\/\/site.ac-martinique.fr\/clg-asselindebeauville\/?feed=rss2\" class=\"\" target=\"_blank\" rel=\"noopener noreferrer nofollow\" style=\"\">Coll\u00e8ge Asselin de Beauville<\/a>\n    <\/span>\n                <span class=\"feed-date\">\n        Date:  2025-09-05\n    <\/span>\n            <span class=\"feed-author\">By Webmestre<\/span>\n        <\/div>\n\n        \n    <\/li>    <li class=\"wpra-item feed-item \">\n        <a href=\"https:\/\/site.ac-martinique.fr\/clg-cassiensainteclaire\/2025\/09\/05\/planning-de-remise-des-manuels-scolaires-2025-2026\/\" class=\"\" target=\"_blank\" rel=\"noopener noreferrer nofollow\" style=\"\">Planning de remise des manuels scolaires 2025-2026<\/a>\n\n        <div class=\"wprss-feed-meta\">\n                <span class=\"feed-source\">\n        Source:  <a href=\"https:\/\/site.ac-martinique.fr\/clg-cassiensainteclaire\/?feed=rss2\" class=\"\" target=\"_blank\" rel=\"noopener noreferrer nofollow\" style=\"\">Coll\u00e8ge Cassein Sainte Claire<\/a>\n    <\/span>\n                <span class=\"feed-date\">\n        Date:  2025-09-05\n    <\/span>\n            <span class=\"feed-author\">By Webmestre<\/span>\n        <\/div>\n\n        \n    <\/li>    <li class=\"wpra-item feed-item \">\n        <a href=\"https:\/\/site.ac-martinique.fr\/clg-paulsymphor\/2025\/09\/05\/inauguration-cite-educative\/\" class=\"\" target=\"_blank\" rel=\"noopener noreferrer nofollow\" style=\"\">Inauguration Cit\u00e9 \u00c9ducative<\/a>\n\n        <div class=\"wprss-feed-meta\">\n                <span class=\"feed-source\">\n        Source:  <a href=\"https:\/\/site.ac-martinique.fr\/clg-paulsymphor\/?feed=rss2\" class=\"\" target=\"_blank\" rel=\"noopener noreferrer nofollow\" style=\"\">Coll\u00e8ge Paul Symphor<\/a>\n    <\/span>\n                <span class=\"feed-date\">\n        Date:  2025-09-05\n    <\/span>\n            <span class=\"feed-author\">By Jeremy PAULMIN<\/span>\n        <\/div>\n\n        \n    <\/li>    <li class=\"wpra-item feed-item \">\n        <a href=\"https:\/\/site.ac-martinique.fr\/clg-tartenson\/?p=4644\" class=\"\" target=\"_blank\" rel=\"noopener noreferrer nofollow\" style=\"\"><\/a>\n\n        <div class=\"wprss-feed-meta\">\n                <span class=\"feed-source\">\n        Source:  <a href=\"https:\/\/site.ac-martinique.fr\/clg-tartenson\/?feed=rss2\" class=\"\" target=\"_blank\" rel=\"noopener noreferrer nofollow\" style=\"\">Coll\u00e8ge Tartenson<\/a>\n    <\/span>\n                <span class=\"feed-date\">\n        Date:  2025-09-05\n    <\/span>\n            <span class=\"feed-author\">By Administrateur du site<\/span>\n        <\/div>\n\n        \n    <\/li>    <li class=\"wpra-item feed-item \">\n        <a href=\"https:\/\/site.ac-martinique.fr\/clg-carbet\/?p=9078\" class=\"\" target=\"_blank\" rel=\"noopener noreferrer nofollow\" style=\"\">Emploi du temps 6e<\/a>\n\n        <div class=\"wprss-feed-meta\">\n                <span class=\"feed-source\">\n        Source:  <a href=\"https:\/\/site.ac-martinique.fr\/clg-carbet\/?feed=rss2\" class=\"\" target=\"_blank\" rel=\"noopener noreferrer nofollow\" style=\"\">Coll\u00e8ge Carbet<\/a>\n    <\/span>\n                <span class=\"feed-date\">\n        Date:  2025-09-04\n    <\/span>\n            <span class=\"feed-author\">By NADEAU David<\/span>\n        <\/div>\n\n        \n    <\/li>    <li class=\"wpra-item feed-item \">\n        <a href=\"https:\/\/site.ac-martinique.fr\/clg-georgeselisabeth\/?p=4085\" class=\"\" target=\"_blank\" rel=\"noopener noreferrer nofollow\" style=\"\">Paiment demi-pension 1er Trimeste 2025-2026<\/a>\n\n        <div class=\"wprss-feed-meta\">\n                <span class=\"feed-source\">\n        Source:  <a href=\"https:\/\/site.ac-martinique.fr\/clg-georgeselisabeth\/?feed=rss2\" class=\"\" target=\"_blank\" rel=\"noopener noreferrer nofollow\" style=\"\">Coll\u00e8ge Georges Elisabeth<\/a>\n    <\/span>\n                <span class=\"feed-date\">\n        Date:  2025-09-04\n    <\/span>\n            <span class=\"feed-author\">By Matthieu JACQUA<\/span>\n        <\/div>\n\n        \n    <\/li>    <li class=\"wpra-item feed-item \">\n        <a href=\"https:\/\/site.ac-martinique.fr\/clg-belleetoile\/infos-parents-eleves-de-6eme\/\" class=\"\" target=\"_blank\" rel=\"noopener noreferrer nofollow\" style=\"\">Infos parents \u00e9l\u00e8ves de 6\u00e8me<\/a>\n\n        <div class=\"wprss-feed-meta\">\n                <span class=\"feed-source\">\n        Source:  <a href=\"https:\/\/site.ac-martinique.fr\/clg-belleetoile\/?feed=rss2\" class=\"\" target=\"_blank\" rel=\"noopener noreferrer nofollow\" style=\"\">Coll\u00e8ge Belle Etoile<\/a>\n    <\/span>\n                <span class=\"feed-date\">\n        Date:  2025-09-04\n    <\/span>\n            <span class=\"feed-author\">By LE CURIEUX CLERVILLE C\u00e9dric<\/span>\n        <\/div>\n\n        \n    <\/li>    <li class=\"wpra-item feed-item \">\n        <a href=\"https:\/\/site.ac-martinique.fr\/clg-mornedesesses\/?p=4681\" class=\"\" target=\"_blank\" rel=\"noopener noreferrer nofollow\" style=\"\">CAMPAGNE BOURSE DE COLLEGE Rentr\u00e9e 2025\/2026<\/a>\n\n        <div class=\"wprss-feed-meta\">\n                <span class=\"feed-source\">\n        Source:  <a href=\"https:\/\/site.ac-martinique.fr\/clg-mornedesesses\/?feed=rss2\" class=\"\" target=\"_blank\" rel=\"noopener noreferrer nofollow\" style=\"\">Coll\u00e8ge Morne des Esses<\/a>\n    <\/span>\n                <span class=\"feed-date\">\n        Date:  2025-09-04\n    <\/span>\n            <span class=\"feed-author\">By webmestre<\/span>\n        <\/div>\n\n        \n    <\/li>    <li class=\"wpra-item feed-item \">\n        <a href=\"https:\/\/site.ac-martinique.fr\/clg-belleetoile\/recrutement-services-civiques\/\" class=\"\" target=\"_blank\" rel=\"noopener noreferrer nofollow\" style=\"\">Recrutement services civiques<\/a>\n\n        <div class=\"wprss-feed-meta\">\n                <span class=\"feed-source\">\n        Source:  <a href=\"https:\/\/site.ac-martinique.fr\/clg-belleetoile\/?feed=rss2\" class=\"\" target=\"_blank\" rel=\"noopener noreferrer nofollow\" style=\"\">Coll\u00e8ge Belle Etoile<\/a>\n    <\/span>\n                <span class=\"feed-date\">\n        Date:  2025-09-03\n    <\/span>\n            <span class=\"feed-author\">By LE CURIEUX CLERVILLE C\u00e9dric<\/span>\n        <\/div>\n\n        \n    <\/li>    <li class=\"wpra-item feed-item \">\n        <a href=\"https:\/\/site.ac-martinique.fr\/clg-tartenson\/?p=4640\" class=\"\" target=\"_blank\" rel=\"noopener noreferrer nofollow\" style=\"\">Paiement carte de cantine septembre 2025<\/a>\n\n        <div class=\"wprss-feed-meta\">\n                <span class=\"feed-source\">\n        Source:  <a href=\"https:\/\/site.ac-martinique.fr\/clg-tartenson\/?feed=rss2\" class=\"\" target=\"_blank\" rel=\"noopener noreferrer nofollow\" style=\"\">Coll\u00e8ge Tartenson<\/a>\n    <\/span>\n                <span class=\"feed-date\">\n        Date:  2025-09-03\n    <\/span>\n            <span class=\"feed-author\">By Administrateur du site<\/span>\n        <\/div>\n\n        \n    <\/li>    <li class=\"wpra-item feed-item \">\n        <a href=\"https:\/\/site.ac-martinique.fr\/clg-asselindebeauville\/?p=7518\" class=\"\" target=\"_blank\" rel=\"noopener noreferrer nofollow\" style=\"\">Une rentr\u00e9e en rythme !<\/a>\n\n        <div class=\"wprss-feed-meta\">\n                <span class=\"feed-source\">\n        Source:  <a href=\"https:\/\/site.ac-martinique.fr\/clg-asselindebeauville\/?feed=rss2\" class=\"\" target=\"_blank\" rel=\"noopener noreferrer nofollow\" style=\"\">Coll\u00e8ge Asselin de Beauville<\/a>\n    <\/span>\n                <span class=\"feed-date\">\n        Date:  2025-09-02\n    <\/span>\n            <span class=\"feed-author\">By Webmestre<\/span>\n        <\/div>\n\n        \n    <\/li>    <li class=\"wpra-item feed-item \">\n        <a href=\"https:\/\/site.ac-martinique.fr\/clg-beausejour\/?p=4146\" class=\"\" target=\"_blank\" rel=\"noopener noreferrer nofollow\" style=\"\">Calendrier de rentr\u00e9e des \u00e9l\u00e8ves 2025\/2026<\/a>\n\n        <div class=\"wprss-feed-meta\">\n                <span class=\"feed-source\">\n        Source:  <a href=\"https:\/\/site.ac-martinique.fr\/clg-beausejour\/?feed=rss2\" class=\"\" target=\"_blank\" rel=\"noopener noreferrer nofollow\" style=\"\">Coll\u00e8ge Beaus\u00e9jour<\/a>\n    <\/span>\n                <span class=\"feed-date\">\n        Date:  2025-09-02\n    <\/span>\n            <span class=\"feed-author\">By webmestre<\/span>\n        <\/div>\n\n        \n    <\/li>\n        <\/ul>\n    <\/div>     <div class=\"nav-links wpra-nav-links numbered\">\n        \n        \n            <span class=\"alignleft wpra-feed-current-page\">\n        1\n    <\/span>    <div class=\"nav-next alignleft wpra-feed-page\">\n            <a data-wpra-page=\"2\" hx-post=\"https:\/\/site.ac-martinique.fr\/wp-admin\/admin-ajax.php\" hx-vals=\"{&quot;action&quot;:&quot;wpra.render.display&quot;,&quot;data&quot;:{&quot;id&quot;:4,&quot;page&quot;:2,&quot;sources&quot;:&quot;51,55,52,53,54,56,57,58,59,60,61,62,65,63,64,66,67,68,69,80,79,78,77,76,21,74,26,75,73,70,71,72,81,82,83,90,84,85,86,87,88,89&quot;,&quot;limit&quot;:100,&quot;pagination&quot;:&quot;on&quot;,&quot;_wpnonce&quot;:&quot;709ffd6f0f&quot;}}\">\n        2\n    <\/a>\n    <\/div>    <div class=\"nav-next alignleft wpra-feed-page\">\n            <a data-wpra-page=\"3\" hx-post=\"https:\/\/site.ac-martinique.fr\/wp-admin\/admin-ajax.php\" hx-vals=\"{&quot;action&quot;:&quot;wpra.render.display&quot;,&quot;data&quot;:{&quot;id&quot;:4,&quot;page&quot;:3,&quot;sources&quot;:&quot;51,55,52,53,54,56,57,58,59,60,61,62,65,63,64,66,67,68,69,80,79,78,77,76,21,74,26,75,73,70,71,72,81,82,83,90,84,85,86,87,88,89&quot;,&quot;limit&quot;:100,&quot;pagination&quot;:&quot;on&quot;,&quot;_wpnonce&quot;:&quot;709ffd6f0f&quot;}}\">\n        3\n    <\/a>\n    <\/div>\n        <span class=\"alignleft wpra-feed-more-pages\">\u2026<\/span>\n            <div class=\"nav-next alignleft wpra-feed-next-pages\">\n            <a data-wpra-page=\"2\" hx-post=\"https:\/\/site.ac-martinique.fr\/wp-admin\/admin-ajax.php\" hx-vals=\"{&quot;action&quot;:&quot;wpra.render.display&quot;,&quot;data&quot;:{&quot;id&quot;:4,&quot;page&quot;:2,&quot;sources&quot;:&quot;51,55,52,53,54,56,57,58,59,60,61,62,65,63,64,66,67,68,69,80,79,78,77,76,21,74,26,75,73,70,71,72,81,82,83,90,84,85,86,87,88,89&quot;,&quot;limit&quot;:100,&quot;pagination&quot;:&quot;on&quot;,&quot;_wpnonce&quot;:&quot;709ffd6f0f&quot;}}\">\n        Next\n    <\/a>\n    <\/div>\n    <\/div><\/div>\n\n\n<p><\/p>\n","protected":false},"excerpt":{"rendered":"","protected":false},"author":206,"featured_media":0,"comment_status":"closed","ping_status":"closed","sticky":false,"template":"","format":"standard","meta":{"footnotes":""},"categories":[1],"tags":[],"class_list":["post-38714","post","type-post","status-publish","format-standard","hentry","category-uncategorized"],"_links":{"self":[{"href":"https:\/\/site.ac-martinique.fr\/index.php?rest_route=\/wp\/v2\/posts\/38714","targetHints":{"allow":["GET"]}}],"collection":[{"href":"https:\/\/site.ac-martinique.fr\/index.php?rest_route=\/wp\/v2\/posts"}],"about":[{"href":"https:\/\/site.ac-martinique.fr\/index.php?rest_route=\/wp\/v2\/types\/post"}],"author":[{"embeddable":true,"href":"https:\/\/site.ac-martinique.fr\/index.php?rest_route=\/wp\/v2\/users\/206"}],"replies":[{"embeddable":true,"href":"https:\/\/site.ac-martinique.fr\/index.php?rest_route=%2Fwp%2Fv2%2Fcomments&post=38714"}],"version-history":[{"count":6,"href":"https:\/\/site.ac-martinique.fr\/index.php?rest_route=\/wp\/v2\/posts\/38714\/revisions"}],"predecessor-version":[{"id":39568,"href":"https:\/\/site.ac-martinique.fr\/index.php?rest_route=\/wp\/v2\/posts\/38714\/revisions\/39568"}],"wp:attachment":[{"href":"https:\/\/site.ac-martinique.fr\/index.php?rest_route=%2Fwp%2Fv2%2Fmedia&parent=38714"}],"wp:term":[{"taxonomy":"category","embeddable":true,"href":"https:\/\/site.ac-martinique.fr\/index.php?rest_route=%2Fwp%2Fv2%2Fcategories&post=38714"},{"taxonomy":"post_tag","embeddable":true,"href":"https:\/\/site.ac-martinique.fr\/index.php?rest_route=%2Fwp%2Fv2%2Ftags&post=38714"}],"curies":[{"name":"wp","href":"https:\/\/api.w.org\/{rel}","templated":true}]}}