{"id":1050,"date":"2016-10-07T02:34:49","date_gmt":"2016-10-07T01:34:49","guid":{"rendered":"\/lettres-histoire\/?p=1050"},"modified":"2016-10-07T02:34:49","modified_gmt":"2016-10-07T01:34:49","slug":"coupe-nationale-des-eleves-citoyens","status":"publish","type":"post","link":"https:\/\/site.ac-martinique.fr\/lettres-histoire\/?p=1050","title":{"rendered":"Coupe nationale des \u00e9l\u00e8ves citoyens"},"content":{"rendered":"<p style=\"text-align: justify\">Dans le cadre de la mobilisation de l&rsquo;Ecole pour les valeurs de la R\u00e9publique et en lien avec le programme d&rsquo;EMC ainsi qu&rsquo;avec\u00a0le parcours citoyen, le MEN apporte son soutien \u00e0 l&rsquo;association Initiadroit pour l&rsquo;organisation de la <a href=\"http:\/\/www.education.gouv.fr\/pid285\/bulletin_officiel.html?cid_bo=107114\">Coupe nationale des \u00e9l\u00e8ves citoyens<\/a>.<\/p>\n<p style=\"text-align: justify\">Pour la session 2016-2017, a \u00e9t\u00e9 retenu le th\u00e8me\u00a0<strong>\u00ab La d\u00e9mocratie\u00a0en\u00a0question(s) \u00bb\u00a0<\/strong>cependant il y a un sous-th\u00e8me pour chaque niveau scolaire.<\/p>\n<p style=\"text-align: justify\">Pour en savoir plus sur ce concours et surtout pour y inscrire vos \u00e9l\u00e8ves, <a href=\"http:\/\/www.education.gouv.fr\/pid285\/bulletin_officiel.html?cid_bo=107114\">suivez ce lien<\/a>.<\/p>\n","protected":false},"excerpt":{"rendered":"<p>Dans le cadre de la mobilisation de l&rsquo;Ecole pour les valeurs de la R\u00e9publique et en lien avec le programme d&rsquo;EMC ainsi qu&rsquo;avec\u00a0le parcours citoyen, le MEN apporte son soutien \u00e0 l&rsquo;association Initiadroit pour l&rsquo;organisation de la Coupe nationale des \u00e9l\u00e8ves citoyens. Pour la session 2016-2017, a \u00e9t\u00e9 retenu le th\u00e8me\u00a0\u00ab La d\u00e9mocratie\u00a0en\u00a0question(s) \u00bb\u00a0cependant il &hellip; <a href=\"https:\/\/site.ac-martinique.fr\/lettres-histoire\/?p=1050\" class=\"more-link\">Continuer la lecture de <span class=\"screen-reader-text\">Coupe nationale des \u00e9l\u00e8ves citoyens<\/span>  <span class=\"meta-nav\">&rarr;<\/span><\/a><\/p>\n","protected":false},"author":73,"featured_media":0,"comment_status":"closed","ping_status":"closed","sticky":false,"template":"","format":"standard","meta":{"footnotes":""},"categories":[1],"tags":[],"class_list":["post-1050","post","type-post","status-publish","format-standard","hentry","category-non-classe"],"_links":{"self":[{"href":"https:\/\/site.ac-martinique.fr\/lettres-histoire\/index.php?rest_route=\/wp\/v2\/posts\/1050","targetHints":{"allow":["GET"]}}],"collection":[{"href":"https:\/\/site.ac-martinique.fr\/lettres-histoire\/index.php?rest_route=\/wp\/v2\/posts"}],"about":[{"href":"https:\/\/site.ac-martinique.fr\/lettres-histoire\/index.php?rest_route=\/wp\/v2\/types\/post"}],"author":[{"embeddable":true,"href":"https:\/\/site.ac-martinique.fr\/lettres-histoire\/index.php?rest_route=\/wp\/v2\/users\/73"}],"replies":[{"embeddable":true,"href":"https:\/\/site.ac-martinique.fr\/lettres-histoire\/index.php?rest_route=%2Fwp%2Fv2%2Fcomments&post=1050"}],"version-history":[{"count":1,"href":"https:\/\/site.ac-martinique.fr\/lettres-histoire\/index.php?rest_route=\/wp\/v2\/posts\/1050\/revisions"}],"predecessor-version":[{"id":1051,"href":"https:\/\/site.ac-martinique.fr\/lettres-histoire\/index.php?rest_route=\/wp\/v2\/posts\/1050\/revisions\/1051"}],"wp:attachment":[{"href":"https:\/\/site.ac-martinique.fr\/lettres-histoire\/index.php?rest_route=%2Fwp%2Fv2%2Fmedia&parent=1050"}],"wp:term":[{"taxonomy":"category","embeddable":true,"href":"https:\/\/site.ac-martinique.fr\/lettres-histoire\/index.php?rest_route=%2Fwp%2Fv2%2Fcategories&post=1050"},{"taxonomy":"post_tag","embeddable":true,"href":"https:\/\/site.ac-martinique.fr\/lettres-histoire\/index.php?rest_route=%2Fwp%2Fv2%2Ftags&post=1050"}],"curies":[{"name":"wp","href":"https:\/\/api.w.org\/{rel}","templated":true}]}}