{"id":1059,"date":"2016-10-13T15:55:28","date_gmt":"2016-10-13T14:55:28","guid":{"rendered":"\/lettres-histoire\/?p=1059"},"modified":"2016-10-19T22:36:31","modified_gmt":"2016-10-19T21:36:31","slug":"referentiel-denseignement-en-3eme-prepa-pro","status":"publish","type":"post","link":"https:\/\/site.ac-martinique.fr\/lettres-histoire\/?p=1059","title":{"rendered":"R\u00e9f\u00e9rentiel et ressources pour l&rsquo;enseignement de l&rsquo;Histoire-G\u00e9o en 3\u00e8me Pr\u00e9pa Pro"},"content":{"rendered":"<p style=\"text-align: justify\">Le <strong>r\u00e9f\u00e9rentiel<\/strong> d&rsquo;enseignement de l&rsquo;histoire-g\u00e9ographie-enseignement moral et civique pour les \u00e9l\u00e8ves se pr\u00e9sentant \u00e0 la voie professionnelle du DNB est consultable <a href=\"http:\/\/www.education.gouv.fr\/pid285\/bulletin_officiel.html?cid_bo=107621\">ici<\/a>.<\/p>\n<p style=\"text-align: justify\">Pour information, le <strong>livre<\/strong> <span style=\"text-decoration: underline\"><em>Enseigner la R\u00e9sistanc<\/em>e<\/span>\u00a0vient de para\u00eetre\u00a0aux \u00e9ditions Canop\u00e9; c&rsquo;est une ressource\u00a0int\u00e9ressante dont nous pourrions avoir besoin dans le cadre de la pr\u00e9paration de nos s\u00e9quences. Le communiqu\u00e9 de presse le concernant est consultable <a href=\"https:\/\/sogomar.ac-martinique.fr\/SOGo\/so\/lfrancoise\/Mail\/0\/folderINBOX\/2765\/2\/Communique_%20de%20presse-ER.pdf\">ici<\/a>.<\/p>\n<p style=\"text-align: justify\">Notez \u00e9galement qu&rsquo;une <strong>exposition<\/strong> intitul\u00e9e \u00ab\u00a014-18\u00a0\u00bb consacr\u00e9e \u00e0 la Grande Guerre est mise en place au Couvent de Cluny. Toutes les informations pour l&rsquo;organisation de visites guid\u00e9es \u00e0 destination des scolaires figurent sur l&rsquo;affiche ci-dessous.<\/p>\n<p style=\"text-align: justify\"><a href=\"\/lettres-histoire\/wp-content\/uploads\/sites\/17\/2016\/10\/expo-14-18.png\"><img loading=\"lazy\" decoding=\"async\" class=\"alignnone size-medium wp-image-1074\" src=\"\/lettres-histoire\/wp-content\/uploads\/sites\/17\/2016\/10\/expo-14-18-215x300.png\" alt=\"expo-14-18\" width=\"215\" height=\"300\" srcset=\"https:\/\/site.ac-martinique.fr\/lettres-histoire\/wp-content\/uploads\/sites\/17\/2016\/10\/expo-14-18-215x300.png 215w, https:\/\/site.ac-martinique.fr\/lettres-histoire\/wp-content\/uploads\/sites\/17\/2016\/10\/expo-14-18.png 263w\" sizes=\"auto, (max-width: 215px) 100vw, 215px\" \/><\/a><\/p>\n","protected":false},"excerpt":{"rendered":"<p>Le r\u00e9f\u00e9rentiel d&rsquo;enseignement de l&rsquo;histoire-g\u00e9ographie-enseignement moral et civique pour les \u00e9l\u00e8ves se pr\u00e9sentant \u00e0 la voie professionnelle du DNB est consultable ici. Pour information, le livre Enseigner la R\u00e9sistance\u00a0vient de para\u00eetre\u00a0aux \u00e9ditions Canop\u00e9; c&rsquo;est une ressource\u00a0int\u00e9ressante dont nous pourrions avoir besoin dans le cadre de la pr\u00e9paration de nos s\u00e9quences. Le communiqu\u00e9 de presse le &hellip; <a href=\"https:\/\/site.ac-martinique.fr\/lettres-histoire\/?p=1059\" class=\"more-link\">Continuer la lecture de <span class=\"screen-reader-text\">R\u00e9f\u00e9rentiel et ressources pour l&rsquo;enseignement de l&rsquo;Histoire-G\u00e9o en 3\u00e8me Pr\u00e9pa Pro<\/span>  <span class=\"meta-nav\">&rarr;<\/span><\/a><\/p>\n","protected":false},"author":73,"featured_media":0,"comment_status":"closed","ping_status":"closed","sticky":false,"template":"","format":"standard","meta":{"footnotes":""},"categories":[1],"tags":[],"class_list":["post-1059","post","type-post","status-publish","format-standard","hentry","category-non-classe"],"_links":{"self":[{"href":"https:\/\/site.ac-martinique.fr\/lettres-histoire\/index.php?rest_route=\/wp\/v2\/posts\/1059","targetHints":{"allow":["GET"]}}],"collection":[{"href":"https:\/\/site.ac-martinique.fr\/lettres-histoire\/index.php?rest_route=\/wp\/v2\/posts"}],"about":[{"href":"https:\/\/site.ac-martinique.fr\/lettres-histoire\/index.php?rest_route=\/wp\/v2\/types\/post"}],"author":[{"embeddable":true,"href":"https:\/\/site.ac-martinique.fr\/lettres-histoire\/index.php?rest_route=\/wp\/v2\/users\/73"}],"replies":[{"embeddable":true,"href":"https:\/\/site.ac-martinique.fr\/lettres-histoire\/index.php?rest_route=%2Fwp%2Fv2%2Fcomments&post=1059"}],"version-history":[{"count":4,"href":"https:\/\/site.ac-martinique.fr\/lettres-histoire\/index.php?rest_route=\/wp\/v2\/posts\/1059\/revisions"}],"predecessor-version":[{"id":1076,"href":"https:\/\/site.ac-martinique.fr\/lettres-histoire\/index.php?rest_route=\/wp\/v2\/posts\/1059\/revisions\/1076"}],"wp:attachment":[{"href":"https:\/\/site.ac-martinique.fr\/lettres-histoire\/index.php?rest_route=%2Fwp%2Fv2%2Fmedia&parent=1059"}],"wp:term":[{"taxonomy":"category","embeddable":true,"href":"https:\/\/site.ac-martinique.fr\/lettres-histoire\/index.php?rest_route=%2Fwp%2Fv2%2Fcategories&post=1059"},{"taxonomy":"post_tag","embeddable":true,"href":"https:\/\/site.ac-martinique.fr\/lettres-histoire\/index.php?rest_route=%2Fwp%2Fv2%2Ftags&post=1059"}],"curies":[{"name":"wp","href":"https:\/\/api.w.org\/{rel}","templated":true}]}}