{"id":1062,"date":"2016-10-13T16:04:00","date_gmt":"2016-10-13T15:04:00","guid":{"rendered":"\/lettres-histoire\/?p=1062"},"modified":"2016-10-13T16:04:51","modified_gmt":"2016-10-13T15:04:51","slug":"semaine-de-la-presse-et-des-medias","status":"publish","type":"post","link":"https:\/\/site.ac-martinique.fr\/lettres-histoire\/?p=1062","title":{"rendered":"Semaine de la presse et des m\u00e9dias"},"content":{"rendered":"<p>La 28\u00e8me Semaine de la Presse et des M\u00e9dias dans l&rsquo;Ecole aura lieu en mars prochain. Tous les coll\u00e8gues sont, comme \u00e0 l&rsquo;accoutum\u00e9e, invit\u00e9s \u00e0 y participer.<\/p>\n<p>Cette ann\u00e9e, le th\u00e8me est \u00ab\u00a0D&rsquo;o\u00f9 vient l&rsquo;info?\u00a0\u00bb. \u00a0Afin de traiter cette question au mieux avec les \u00e9l\u00e8ves et d&rsquo;obtenir toutes les pr\u00e9cisions dont vous aurez besoin au sujet de\u00a0cette manifestation, rendez-vous <a href=\"http:\/\/www.education.gouv.fr\/pid285\/bulletin_officiel.html?cid_bo=107392\">ici<\/a>.<\/p>\n","protected":false},"excerpt":{"rendered":"<p>La 28\u00e8me Semaine de la Presse et des M\u00e9dias dans l&rsquo;Ecole aura lieu en mars prochain. Tous les coll\u00e8gues sont, comme \u00e0 l&rsquo;accoutum\u00e9e, invit\u00e9s \u00e0 y participer. Cette ann\u00e9e, le th\u00e8me est \u00ab\u00a0D&rsquo;o\u00f9 vient l&rsquo;info?\u00a0\u00bb. \u00a0Afin de traiter cette question au mieux avec les \u00e9l\u00e8ves et d&rsquo;obtenir toutes les pr\u00e9cisions dont vous aurez besoin au &hellip; <a href=\"https:\/\/site.ac-martinique.fr\/lettres-histoire\/?p=1062\" class=\"more-link\">Continuer la lecture de <span class=\"screen-reader-text\">Semaine de la presse et des m\u00e9dias<\/span>  <span class=\"meta-nav\">&rarr;<\/span><\/a><\/p>\n","protected":false},"author":73,"featured_media":0,"comment_status":"closed","ping_status":"closed","sticky":false,"template":"","format":"standard","meta":{"footnotes":""},"categories":[1],"tags":[],"class_list":["post-1062","post","type-post","status-publish","format-standard","hentry","category-non-classe"],"_links":{"self":[{"href":"https:\/\/site.ac-martinique.fr\/lettres-histoire\/index.php?rest_route=\/wp\/v2\/posts\/1062","targetHints":{"allow":["GET"]}}],"collection":[{"href":"https:\/\/site.ac-martinique.fr\/lettres-histoire\/index.php?rest_route=\/wp\/v2\/posts"}],"about":[{"href":"https:\/\/site.ac-martinique.fr\/lettres-histoire\/index.php?rest_route=\/wp\/v2\/types\/post"}],"author":[{"embeddable":true,"href":"https:\/\/site.ac-martinique.fr\/lettres-histoire\/index.php?rest_route=\/wp\/v2\/users\/73"}],"replies":[{"embeddable":true,"href":"https:\/\/site.ac-martinique.fr\/lettres-histoire\/index.php?rest_route=%2Fwp%2Fv2%2Fcomments&post=1062"}],"version-history":[{"count":2,"href":"https:\/\/site.ac-martinique.fr\/lettres-histoire\/index.php?rest_route=\/wp\/v2\/posts\/1062\/revisions"}],"predecessor-version":[{"id":1064,"href":"https:\/\/site.ac-martinique.fr\/lettres-histoire\/index.php?rest_route=\/wp\/v2\/posts\/1062\/revisions\/1064"}],"wp:attachment":[{"href":"https:\/\/site.ac-martinique.fr\/lettres-histoire\/index.php?rest_route=%2Fwp%2Fv2%2Fmedia&parent=1062"}],"wp:term":[{"taxonomy":"category","embeddable":true,"href":"https:\/\/site.ac-martinique.fr\/lettres-histoire\/index.php?rest_route=%2Fwp%2Fv2%2Fcategories&post=1062"},{"taxonomy":"post_tag","embeddable":true,"href":"https:\/\/site.ac-martinique.fr\/lettres-histoire\/index.php?rest_route=%2Fwp%2Fv2%2Ftags&post=1062"}],"curies":[{"name":"wp","href":"https:\/\/api.w.org\/{rel}","templated":true}]}}