{"id":1636,"date":"2019-10-11T01:39:20","date_gmt":"2019-10-11T00:39:20","guid":{"rendered":"\/lettres-histoire\/?p=1636"},"modified":"2019-10-12T23:14:10","modified_gmt":"2019-10-12T22:14:10","slug":"cesar-des-lyceens","status":"publish","type":"post","link":"https:\/\/site.ac-martinique.fr\/lettres-histoire\/?p=1636","title":{"rendered":"C\u00e9sar des lyc\u00e9ens"},"content":{"rendered":"<p>Le <a href=\"https:\/\/www.education.gouv.fr\/cid136351\/le-cesar-des-lyceens.html\"><span style=\"color: #ff0000\"><strong>C\u00e9sar des lyc\u00e9ens<\/strong><\/span><\/a>\u00a0r\u00e9compense les talents et les \u0153uvres fran\u00e7aises qui ont marqu\u00e9 l&rsquo;ann\u00e9e cin\u00e9matographique \u00e9coul\u00e9e.\u00a0 Chaque ann\u00e9e,\u00a0un jury compos\u00e9 de\u00a0lyc\u00e9ens de terminales se constitue afin de d\u00e9cerner ce prix.\u00a0 Pour participer avec votre classe, veuillez vous rapprocher de Mme l&rsquo;IEN, Laura FRAN\u00c7OISE.<\/p>\n","protected":false},"excerpt":{"rendered":"<p>Le C\u00e9sar des lyc\u00e9ens\u00a0r\u00e9compense les talents et les \u0153uvres fran\u00e7aises qui ont marqu\u00e9 l&rsquo;ann\u00e9e cin\u00e9matographique \u00e9coul\u00e9e.\u00a0 Chaque ann\u00e9e,\u00a0un jury compos\u00e9 de\u00a0lyc\u00e9ens de terminales se constitue afin de d\u00e9cerner ce prix.\u00a0 Pour participer avec votre classe, veuillez vous rapprocher de Mme l&rsquo;IEN, Laura FRAN\u00c7OISE.<\/p>\n","protected":false},"author":73,"featured_media":0,"comment_status":"closed","ping_status":"closed","sticky":false,"template":"","format":"standard","meta":{"footnotes":""},"categories":[1],"tags":[],"class_list":["post-1636","post","type-post","status-publish","format-standard","hentry","category-non-classe"],"_links":{"self":[{"href":"https:\/\/site.ac-martinique.fr\/lettres-histoire\/index.php?rest_route=\/wp\/v2\/posts\/1636","targetHints":{"allow":["GET"]}}],"collection":[{"href":"https:\/\/site.ac-martinique.fr\/lettres-histoire\/index.php?rest_route=\/wp\/v2\/posts"}],"about":[{"href":"https:\/\/site.ac-martinique.fr\/lettres-histoire\/index.php?rest_route=\/wp\/v2\/types\/post"}],"author":[{"embeddable":true,"href":"https:\/\/site.ac-martinique.fr\/lettres-histoire\/index.php?rest_route=\/wp\/v2\/users\/73"}],"replies":[{"embeddable":true,"href":"https:\/\/site.ac-martinique.fr\/lettres-histoire\/index.php?rest_route=%2Fwp%2Fv2%2Fcomments&post=1636"}],"version-history":[{"count":2,"href":"https:\/\/site.ac-martinique.fr\/lettres-histoire\/index.php?rest_route=\/wp\/v2\/posts\/1636\/revisions"}],"predecessor-version":[{"id":1640,"href":"https:\/\/site.ac-martinique.fr\/lettres-histoire\/index.php?rest_route=\/wp\/v2\/posts\/1636\/revisions\/1640"}],"wp:attachment":[{"href":"https:\/\/site.ac-martinique.fr\/lettres-histoire\/index.php?rest_route=%2Fwp%2Fv2%2Fmedia&parent=1636"}],"wp:term":[{"taxonomy":"category","embeddable":true,"href":"https:\/\/site.ac-martinique.fr\/lettres-histoire\/index.php?rest_route=%2Fwp%2Fv2%2Fcategories&post=1636"},{"taxonomy":"post_tag","embeddable":true,"href":"https:\/\/site.ac-martinique.fr\/lettres-histoire\/index.php?rest_route=%2Fwp%2Fv2%2Ftags&post=1636"}],"curies":[{"name":"wp","href":"https:\/\/api.w.org\/{rel}","templated":true}]}}