{"id":3022,"date":"2022-06-28T17:26:15","date_gmt":"2022-06-28T16:26:15","guid":{"rendered":"https:\/\/site.ac-martinique.fr\/lettres-histoire\/?p=3022"},"modified":"2022-06-28T17:26:15","modified_gmt":"2022-06-28T16:26:15","slug":"rendez-vous-des-lettres-2022","status":"publish","type":"post","link":"https:\/\/site.ac-martinique.fr\/lettres-histoire\/?p=3022","title":{"rendered":"Rendez-vous des Lettres 2022"},"content":{"rendered":"\n<p> Le parcours Magist\u00e8re associ\u00e9 \u00e0 l\u2019\u00e9dition 2022 du \u00ab<strong>\u00a0<em>Rendez-vous des Lettres : Pratiques d\u2019\u00e9criture\u00a0du coll\u00e8ge au lyc\u00e9e : temporalit\u00e9, processus, d\u00e9marches<\/em>\u00a0\u00bb<\/strong> est d\u00e9sormais ouvert \u00e0 tous ! Cliquez <a rel=\"noreferrer noopener\" href=\"https:\/\/t.co\/MqJvN6P77t\" data-type=\"URL\" data-id=\"https:\/\/t.co\/MqJvN6P77t\" target=\"_blank\">ici <\/a>pour retrouver le s\u00e9minaire sur Magist\u00e8re et <a rel=\"noreferrer noopener\" href=\"https:\/\/eduscol.education.fr\/3186\/rendez-vous-des-lettres-2022\" data-type=\"URL\" data-id=\"https:\/\/eduscol.education.fr\/3186\/rendez-vous-des-lettres-2022\" target=\"_blank\">l\u00e0 <\/a>pour plus d&rsquo;informations sur ce parcours.<\/p>\n\n\n\n<p><\/p>\n","protected":false},"excerpt":{"rendered":"<p>Le parcours Magist\u00e8re associ\u00e9 \u00e0 l\u2019\u00e9dition 2022 du \u00ab\u00a0Rendez-vous des Lettres : Pratiques d\u2019\u00e9criture\u00a0du coll\u00e8ge au lyc\u00e9e : temporalit\u00e9, processus, d\u00e9marches\u00a0\u00bb est d\u00e9sormais ouvert \u00e0 tous ! Cliquez ici pour retrouver le s\u00e9minaire sur Magist\u00e8re et l\u00e0 pour plus d&rsquo;informations sur ce parcours.<\/p>\n","protected":false},"author":73,"featured_media":0,"comment_status":"closed","ping_status":"closed","sticky":false,"template":"","format":"standard","meta":{"footnotes":""},"categories":[1],"tags":[],"class_list":["post-3022","post","type-post","status-publish","format-standard","hentry","category-non-classe"],"_links":{"self":[{"href":"https:\/\/site.ac-martinique.fr\/lettres-histoire\/index.php?rest_route=\/wp\/v2\/posts\/3022","targetHints":{"allow":["GET"]}}],"collection":[{"href":"https:\/\/site.ac-martinique.fr\/lettres-histoire\/index.php?rest_route=\/wp\/v2\/posts"}],"about":[{"href":"https:\/\/site.ac-martinique.fr\/lettres-histoire\/index.php?rest_route=\/wp\/v2\/types\/post"}],"author":[{"embeddable":true,"href":"https:\/\/site.ac-martinique.fr\/lettres-histoire\/index.php?rest_route=\/wp\/v2\/users\/73"}],"replies":[{"embeddable":true,"href":"https:\/\/site.ac-martinique.fr\/lettres-histoire\/index.php?rest_route=%2Fwp%2Fv2%2Fcomments&post=3022"}],"version-history":[{"count":1,"href":"https:\/\/site.ac-martinique.fr\/lettres-histoire\/index.php?rest_route=\/wp\/v2\/posts\/3022\/revisions"}],"predecessor-version":[{"id":3023,"href":"https:\/\/site.ac-martinique.fr\/lettres-histoire\/index.php?rest_route=\/wp\/v2\/posts\/3022\/revisions\/3023"}],"wp:attachment":[{"href":"https:\/\/site.ac-martinique.fr\/lettres-histoire\/index.php?rest_route=%2Fwp%2Fv2%2Fmedia&parent=3022"}],"wp:term":[{"taxonomy":"category","embeddable":true,"href":"https:\/\/site.ac-martinique.fr\/lettres-histoire\/index.php?rest_route=%2Fwp%2Fv2%2Fcategories&post=3022"},{"taxonomy":"post_tag","embeddable":true,"href":"https:\/\/site.ac-martinique.fr\/lettres-histoire\/index.php?rest_route=%2Fwp%2Fv2%2Ftags&post=3022"}],"curies":[{"name":"wp","href":"https:\/\/api.w.org\/{rel}","templated":true}]}}