{"id":3172,"date":"2023-03-02T16:49:22","date_gmt":"2023-03-02T15:49:22","guid":{"rendered":"https:\/\/site.ac-martinique.fr\/lettres-histoire\/?p=3172"},"modified":"2023-03-02T16:51:31","modified_gmt":"2023-03-02T15:51:31","slug":"printemps-de-lemi","status":"publish","type":"post","link":"https:\/\/site.ac-martinique.fr\/lettres-histoire\/?p=3172","title":{"rendered":"Printemps de l&rsquo;EMI"},"content":{"rendered":"\n<p>Du 5 au 14\u00a0avril 2023 se tiendra la 7<sup>e<\/sup>\u00a0\u00e9dition du Printemps de l&rsquo;EMI, \u00e9v\u00e9nement consacr\u00e9 \u00e0 l\u2019\u00c9ducation aux M\u00e9dias et \u00e0 l\u2019Information organis\u00e9 par le r\u00e9seau Canop\u00e9. Il s&rsquo;agit de dix jours de\u00a0<strong>conf\u00e9rences, webinaires et d\u2019\u00e9changes<\/strong>\u00a0autour du th\u00e8me : <strong><mark style=\"background-color:rgba(0, 0, 0, 0);color:#e61414\" class=\"has-inline-color\">La crise climatique :\u00a0un d\u00e9fi pour les m\u00e9dias et pour l&rsquo;\u00e9cole<\/mark><\/strong>. Cliquez <a rel=\"noreferrer noopener\" href=\"https:\/\/www.reseau-canope.fr\/occitanie\/printemps-de-lemi.html#c28486\" data-type=\"URL\" data-id=\"https:\/\/www.reseau-canope.fr\/occitanie\/printemps-de-lemi.html#c28486\" target=\"_blank\">ici<\/a> pour plus d&rsquo;informations.<\/p>\n","protected":false},"excerpt":{"rendered":"<p>Du 5 au 14\u00a0avril 2023 se tiendra la 7e\u00a0\u00e9dition du Printemps de l&rsquo;EMI, \u00e9v\u00e9nement consacr\u00e9 \u00e0 l\u2019\u00c9ducation aux M\u00e9dias et \u00e0 l\u2019Information organis\u00e9 par le r\u00e9seau Canop\u00e9. Il s&rsquo;agit de dix jours de\u00a0conf\u00e9rences, webinaires et d\u2019\u00e9changes\u00a0autour du th\u00e8me : La crise climatique :\u00a0un d\u00e9fi pour les m\u00e9dias et pour l&rsquo;\u00e9cole. Cliquez ici pour plus d&rsquo;informations.<\/p>\n","protected":false},"author":73,"featured_media":0,"comment_status":"closed","ping_status":"closed","sticky":false,"template":"","format":"standard","meta":{"footnotes":""},"categories":[1],"tags":[],"class_list":["post-3172","post","type-post","status-publish","format-standard","hentry","category-non-classe"],"_links":{"self":[{"href":"https:\/\/site.ac-martinique.fr\/lettres-histoire\/index.php?rest_route=\/wp\/v2\/posts\/3172","targetHints":{"allow":["GET"]}}],"collection":[{"href":"https:\/\/site.ac-martinique.fr\/lettres-histoire\/index.php?rest_route=\/wp\/v2\/posts"}],"about":[{"href":"https:\/\/site.ac-martinique.fr\/lettres-histoire\/index.php?rest_route=\/wp\/v2\/types\/post"}],"author":[{"embeddable":true,"href":"https:\/\/site.ac-martinique.fr\/lettres-histoire\/index.php?rest_route=\/wp\/v2\/users\/73"}],"replies":[{"embeddable":true,"href":"https:\/\/site.ac-martinique.fr\/lettres-histoire\/index.php?rest_route=%2Fwp%2Fv2%2Fcomments&post=3172"}],"version-history":[{"count":3,"href":"https:\/\/site.ac-martinique.fr\/lettres-histoire\/index.php?rest_route=\/wp\/v2\/posts\/3172\/revisions"}],"predecessor-version":[{"id":3175,"href":"https:\/\/site.ac-martinique.fr\/lettres-histoire\/index.php?rest_route=\/wp\/v2\/posts\/3172\/revisions\/3175"}],"wp:attachment":[{"href":"https:\/\/site.ac-martinique.fr\/lettres-histoire\/index.php?rest_route=%2Fwp%2Fv2%2Fmedia&parent=3172"}],"wp:term":[{"taxonomy":"category","embeddable":true,"href":"https:\/\/site.ac-martinique.fr\/lettres-histoire\/index.php?rest_route=%2Fwp%2Fv2%2Fcategories&post=3172"},{"taxonomy":"post_tag","embeddable":true,"href":"https:\/\/site.ac-martinique.fr\/lettres-histoire\/index.php?rest_route=%2Fwp%2Fv2%2Ftags&post=3172"}],"curies":[{"name":"wp","href":"https:\/\/api.w.org\/{rel}","templated":true}]}}