{"id":3178,"date":"2023-03-12T12:58:31","date_gmt":"2023-03-12T11:58:31","guid":{"rendered":"https:\/\/site.ac-martinique.fr\/lettres-histoire\/?p=3178"},"modified":"2023-03-12T12:58:31","modified_gmt":"2023-03-12T11:58:31","slug":"lapprentissage-de-la-lecture","status":"publish","type":"post","link":"https:\/\/site.ac-martinique.fr\/lettres-histoire\/?p=3178","title":{"rendered":"L&rsquo;apprentissage de la lecture"},"content":{"rendered":"\n<p>Le <strong>Coll\u00e8ge de France<\/strong> propose des\u00a0conf\u00e9rences \u00e0 destination des enseignants et du grand public  autour de<strong> l\u2019apprentissage de la lecture<\/strong>, de ses m\u00e9thodes, sa psychologie et sa p\u00e9dagogie, mais aussi de ses difficult\u00e9s, comme la dyslexie. Ces conf\u00e9rences sont ouvertes au public et diffus\u00e9es en direct. Retrouvez le programme en cliquant <a href=\"https:\/\/www.college-de-france.fr\/agenda\/grand-evenement\/apprentissage-de-la-lecture-et-ses-difficultes\" data-type=\"URL\" data-id=\"https:\/\/www.college-de-france.fr\/agenda\/grand-evenement\/apprentissage-de-la-lecture-et-ses-difficultes\" target=\"_blank\" rel=\"noreferrer noopener\">ici<\/a>.<\/p>\n","protected":false},"excerpt":{"rendered":"<p>Le Coll\u00e8ge de France propose des\u00a0conf\u00e9rences \u00e0 destination des enseignants et du grand public autour de l\u2019apprentissage de la lecture, de ses m\u00e9thodes, sa psychologie et sa p\u00e9dagogie, mais aussi de ses difficult\u00e9s, comme la dyslexie. Ces conf\u00e9rences sont ouvertes au public et diffus\u00e9es en direct. Retrouvez le programme en cliquant ici.<\/p>\n","protected":false},"author":73,"featured_media":0,"comment_status":"closed","ping_status":"closed","sticky":false,"template":"","format":"standard","meta":{"footnotes":""},"categories":[1],"tags":[],"class_list":["post-3178","post","type-post","status-publish","format-standard","hentry","category-non-classe"],"_links":{"self":[{"href":"https:\/\/site.ac-martinique.fr\/lettres-histoire\/index.php?rest_route=\/wp\/v2\/posts\/3178","targetHints":{"allow":["GET"]}}],"collection":[{"href":"https:\/\/site.ac-martinique.fr\/lettres-histoire\/index.php?rest_route=\/wp\/v2\/posts"}],"about":[{"href":"https:\/\/site.ac-martinique.fr\/lettres-histoire\/index.php?rest_route=\/wp\/v2\/types\/post"}],"author":[{"embeddable":true,"href":"https:\/\/site.ac-martinique.fr\/lettres-histoire\/index.php?rest_route=\/wp\/v2\/users\/73"}],"replies":[{"embeddable":true,"href":"https:\/\/site.ac-martinique.fr\/lettres-histoire\/index.php?rest_route=%2Fwp%2Fv2%2Fcomments&post=3178"}],"version-history":[{"count":1,"href":"https:\/\/site.ac-martinique.fr\/lettres-histoire\/index.php?rest_route=\/wp\/v2\/posts\/3178\/revisions"}],"predecessor-version":[{"id":3179,"href":"https:\/\/site.ac-martinique.fr\/lettres-histoire\/index.php?rest_route=\/wp\/v2\/posts\/3178\/revisions\/3179"}],"wp:attachment":[{"href":"https:\/\/site.ac-martinique.fr\/lettres-histoire\/index.php?rest_route=%2Fwp%2Fv2%2Fmedia&parent=3178"}],"wp:term":[{"taxonomy":"category","embeddable":true,"href":"https:\/\/site.ac-martinique.fr\/lettres-histoire\/index.php?rest_route=%2Fwp%2Fv2%2Fcategories&post=3178"},{"taxonomy":"post_tag","embeddable":true,"href":"https:\/\/site.ac-martinique.fr\/lettres-histoire\/index.php?rest_route=%2Fwp%2Fv2%2Ftags&post=3178"}],"curies":[{"name":"wp","href":"https:\/\/api.w.org\/{rel}","templated":true}]}}