{"id":3351,"date":"2023-10-24T11:40:01","date_gmt":"2023-10-24T10:40:01","guid":{"rendered":"https:\/\/site.ac-martinique.fr\/lettres-histoire\/?p=3351"},"modified":"2023-10-24T11:40:02","modified_gmt":"2023-10-24T10:40:02","slug":"journee-de-lutte-contre-le-harcelement-scolaire","status":"publish","type":"post","link":"https:\/\/site.ac-martinique.fr\/lettres-histoire\/?p=3351","title":{"rendered":"Journ\u00e9e de lutte contre le harc\u00e8lement scolaire"},"content":{"rendered":"\n<p>La journ\u00e9e nationale de lutte contre le harc\u00e8lement scolaire aura lieu le 9 Novembre 2023.  Il s&rsquo;agit d&rsquo;une occasion de f\u00e9d\u00e9rer toute la communaut\u00e9 scolaire et d&rsquo;organiser des actions de sensibilisation autour de cette cause. <\/p>\n\n\n\n<p>Cliquez <a href=\"https:\/\/www.education.gouv.fr\/journee-nationale-de-lutte-contre-le-harcelement-l-ecole-941\" data-type=\"link\" data-id=\"https:\/\/www.education.gouv.fr\/journee-nationale-de-lutte-contre-le-harcelement-l-ecole-941\" target=\"_blank\" rel=\"noreferrer noopener\">ici <\/a>pour plus d&rsquo;informations sur cette journ\u00e9e.<\/p>\n","protected":false},"excerpt":{"rendered":"<p>La journ\u00e9e nationale de lutte contre le harc\u00e8lement scolaire aura lieu le 9 Novembre 2023. Il s&rsquo;agit d&rsquo;une occasion de f\u00e9d\u00e9rer toute la communaut\u00e9 scolaire et d&rsquo;organiser des actions de sensibilisation autour de cette cause. Cliquez ici pour plus d&rsquo;informations sur cette journ\u00e9e.<\/p>\n","protected":false},"author":73,"featured_media":0,"comment_status":"closed","ping_status":"closed","sticky":false,"template":"","format":"standard","meta":{"footnotes":""},"categories":[1],"tags":[],"class_list":["post-3351","post","type-post","status-publish","format-standard","hentry","category-non-classe"],"_links":{"self":[{"href":"https:\/\/site.ac-martinique.fr\/lettres-histoire\/index.php?rest_route=\/wp\/v2\/posts\/3351","targetHints":{"allow":["GET"]}}],"collection":[{"href":"https:\/\/site.ac-martinique.fr\/lettres-histoire\/index.php?rest_route=\/wp\/v2\/posts"}],"about":[{"href":"https:\/\/site.ac-martinique.fr\/lettres-histoire\/index.php?rest_route=\/wp\/v2\/types\/post"}],"author":[{"embeddable":true,"href":"https:\/\/site.ac-martinique.fr\/lettres-histoire\/index.php?rest_route=\/wp\/v2\/users\/73"}],"replies":[{"embeddable":true,"href":"https:\/\/site.ac-martinique.fr\/lettres-histoire\/index.php?rest_route=%2Fwp%2Fv2%2Fcomments&post=3351"}],"version-history":[{"count":1,"href":"https:\/\/site.ac-martinique.fr\/lettres-histoire\/index.php?rest_route=\/wp\/v2\/posts\/3351\/revisions"}],"predecessor-version":[{"id":3352,"href":"https:\/\/site.ac-martinique.fr\/lettres-histoire\/index.php?rest_route=\/wp\/v2\/posts\/3351\/revisions\/3352"}],"wp:attachment":[{"href":"https:\/\/site.ac-martinique.fr\/lettres-histoire\/index.php?rest_route=%2Fwp%2Fv2%2Fmedia&parent=3351"}],"wp:term":[{"taxonomy":"category","embeddable":true,"href":"https:\/\/site.ac-martinique.fr\/lettres-histoire\/index.php?rest_route=%2Fwp%2Fv2%2Fcategories&post=3351"},{"taxonomy":"post_tag","embeddable":true,"href":"https:\/\/site.ac-martinique.fr\/lettres-histoire\/index.php?rest_route=%2Fwp%2Fv2%2Ftags&post=3351"}],"curies":[{"name":"wp","href":"https:\/\/api.w.org\/{rel}","templated":true}]}}