{"id":3413,"date":"2024-05-10T13:20:11","date_gmt":"2024-05-10T12:20:11","guid":{"rendered":"https:\/\/site.ac-martinique.fr\/lettres-histoire\/?p=3413"},"modified":"2024-05-10T13:24:31","modified_gmt":"2024-05-10T12:24:31","slug":"labellisation-classes-engagees","status":"publish","type":"post","link":"https:\/\/site.ac-martinique.fr\/lettres-histoire\/?p=3413","title":{"rendered":"Labellisation Classes engag\u00e9es"},"content":{"rendered":"\n<p>\u00ab\u00a0<strong>La classe engag\u00e9e<\/strong>\u00a0\u00bb propose aux \u00e9l\u00e8ves de mener un\u00a0<strong>projet p\u00e9dagogique<\/strong>\u00a0annuel et de s\u2019int\u00e9grer \u00e0 un s\u00e9jour de coh\u00e9sion du service national universel sur le temps scolaire. La labellisation est d\u00e9finie en fonction de la th\u00e9matique\u00a0du projet de classe d\u00e9termin\u00e9e selon les dominantes suivantes :<\/p>\n\n\n\n<ul class=\"wp-block-list\">\n<li><strong>D\u00e9fense et M\u00e9moire ;<\/strong><\/li>\n\n\n\n<li><strong>Sport et Jeux Olympiques<\/strong>\u00a0<strong>et Paralympiques ;<\/strong><\/li>\n\n\n\n<li><strong>Environnement ;<\/strong><\/li>\n\n\n\n<li><strong>R\u00e9silience<\/strong>\u00a0<strong>et Pr\u00e9vention des risques<\/strong>.\u00a0<\/li>\n<\/ul>\n\n\n\n<p>L&rsquo;appel \u00e0 projet se cl\u00f4ture le <strong>5 Juin 2024<\/strong>. Pour plus d&rsquo;informations, cliquez <a href=\"https:\/\/www.education.gouv.fr\/un-label-classes-engagees-pour-favoriser-l-engagement-378584\" target=\"_blank\" rel=\"noreferrer noopener\">ici<\/a>. <\/p>\n","protected":false},"excerpt":{"rendered":"<p>\u00ab\u00a0La classe engag\u00e9e\u00a0\u00bb propose aux \u00e9l\u00e8ves de mener un\u00a0projet p\u00e9dagogique\u00a0annuel et de s\u2019int\u00e9grer \u00e0 un s\u00e9jour de coh\u00e9sion du service national universel sur le temps scolaire. La labellisation est d\u00e9finie en fonction de la th\u00e9matique\u00a0du projet de classe d\u00e9termin\u00e9e selon les dominantes suivantes : L&rsquo;appel \u00e0 projet se cl\u00f4ture le 5 Juin 2024. Pour plus &hellip; <a href=\"https:\/\/site.ac-martinique.fr\/lettres-histoire\/?p=3413\" class=\"more-link\">Continuer la lecture de <span class=\"screen-reader-text\">Labellisation Classes engag\u00e9es<\/span>  <span class=\"meta-nav\">&rarr;<\/span><\/a><\/p>\n","protected":false},"author":73,"featured_media":0,"comment_status":"closed","ping_status":"closed","sticky":false,"template":"","format":"standard","meta":{"footnotes":""},"categories":[1],"tags":[],"class_list":["post-3413","post","type-post","status-publish","format-standard","hentry","category-non-classe"],"_links":{"self":[{"href":"https:\/\/site.ac-martinique.fr\/lettres-histoire\/index.php?rest_route=\/wp\/v2\/posts\/3413","targetHints":{"allow":["GET"]}}],"collection":[{"href":"https:\/\/site.ac-martinique.fr\/lettres-histoire\/index.php?rest_route=\/wp\/v2\/posts"}],"about":[{"href":"https:\/\/site.ac-martinique.fr\/lettres-histoire\/index.php?rest_route=\/wp\/v2\/types\/post"}],"author":[{"embeddable":true,"href":"https:\/\/site.ac-martinique.fr\/lettres-histoire\/index.php?rest_route=\/wp\/v2\/users\/73"}],"replies":[{"embeddable":true,"href":"https:\/\/site.ac-martinique.fr\/lettres-histoire\/index.php?rest_route=%2Fwp%2Fv2%2Fcomments&post=3413"}],"version-history":[{"count":1,"href":"https:\/\/site.ac-martinique.fr\/lettres-histoire\/index.php?rest_route=\/wp\/v2\/posts\/3413\/revisions"}],"predecessor-version":[{"id":3414,"href":"https:\/\/site.ac-martinique.fr\/lettres-histoire\/index.php?rest_route=\/wp\/v2\/posts\/3413\/revisions\/3414"}],"wp:attachment":[{"href":"https:\/\/site.ac-martinique.fr\/lettres-histoire\/index.php?rest_route=%2Fwp%2Fv2%2Fmedia&parent=3413"}],"wp:term":[{"taxonomy":"category","embeddable":true,"href":"https:\/\/site.ac-martinique.fr\/lettres-histoire\/index.php?rest_route=%2Fwp%2Fv2%2Fcategories&post=3413"},{"taxonomy":"post_tag","embeddable":true,"href":"https:\/\/site.ac-martinique.fr\/lettres-histoire\/index.php?rest_route=%2Fwp%2Fv2%2Ftags&post=3413"}],"curies":[{"name":"wp","href":"https:\/\/api.w.org\/{rel}","templated":true}]}}