{"id":3576,"date":"2025-06-14T00:59:13","date_gmt":"2025-06-13T23:59:13","guid":{"rendered":"https:\/\/site.ac-martinique.fr\/lettres-histoire\/?p=3576"},"modified":"2025-06-14T00:59:13","modified_gmt":"2025-06-13T23:59:13","slug":"jnai-edition-2025","status":"publish","type":"post","link":"https:\/\/site.ac-martinique.fr\/lettres-histoire\/?p=3576","title":{"rendered":"JNAI \u00e9dition 2025"},"content":{"rendered":"\n<p><strong>Les Journ\u00e9es Nationales d\u2019Action contre l\u2019Illettrisme (JNAI) <\/strong>se d\u00e9rouleront du<mark style=\"background-color:rgba(0, 0, 0, 0);color:#ee2727\" class=\"has-inline-color\"> <strong>8 au 15 septembre 2025<\/strong><\/mark><strong> <\/strong>partout en France. Coordonn\u00e9es par l\u2019Agence Nationale de Lutte Contre l\u2019Illettrisme (ANLCI), ces journ\u00e9es visent \u00e0 sensibiliser le grand public et \u00e0 valoriser les actions men\u00e9es sur le terrain pour accompagner les personnes confront\u00e9es \u00e0 des difficult\u00e9s avec la lecture, l\u2019\u00e9criture, le calcul ou le num\u00e9rique. Pour s&rsquo;inscrire ou obtenir plus d&rsquo;informations , rendez-vous sur le site d\u00e9di\u00e9 en cliquant <a href=\"https:\/\/www.illettrisme-journees.fr\/\" target=\"_blank\" rel=\"noreferrer noopener\">ici<\/a>.<\/p>\n\n\n\n<p><\/p>\n","protected":false},"excerpt":{"rendered":"<p>Les Journ\u00e9es Nationales d\u2019Action contre l\u2019Illettrisme (JNAI) se d\u00e9rouleront du 8 au 15 septembre 2025 partout en France. Coordonn\u00e9es par l\u2019Agence Nationale de Lutte Contre l\u2019Illettrisme (ANLCI), ces journ\u00e9es visent \u00e0 sensibiliser le grand public et \u00e0 valoriser les actions men\u00e9es sur le terrain pour accompagner les personnes confront\u00e9es \u00e0 des difficult\u00e9s avec la lecture, &hellip; <a href=\"https:\/\/site.ac-martinique.fr\/lettres-histoire\/?p=3576\" class=\"more-link\">Continuer la lecture de <span class=\"screen-reader-text\">JNAI \u00e9dition 2025<\/span>  <span class=\"meta-nav\">&rarr;<\/span><\/a><\/p>\n","protected":false},"author":73,"featured_media":0,"comment_status":"closed","ping_status":"closed","sticky":false,"template":"","format":"standard","meta":{"footnotes":""},"categories":[1],"tags":[],"class_list":["post-3576","post","type-post","status-publish","format-standard","hentry","category-non-classe"],"_links":{"self":[{"href":"https:\/\/site.ac-martinique.fr\/lettres-histoire\/index.php?rest_route=\/wp\/v2\/posts\/3576","targetHints":{"allow":["GET"]}}],"collection":[{"href":"https:\/\/site.ac-martinique.fr\/lettres-histoire\/index.php?rest_route=\/wp\/v2\/posts"}],"about":[{"href":"https:\/\/site.ac-martinique.fr\/lettres-histoire\/index.php?rest_route=\/wp\/v2\/types\/post"}],"author":[{"embeddable":true,"href":"https:\/\/site.ac-martinique.fr\/lettres-histoire\/index.php?rest_route=\/wp\/v2\/users\/73"}],"replies":[{"embeddable":true,"href":"https:\/\/site.ac-martinique.fr\/lettres-histoire\/index.php?rest_route=%2Fwp%2Fv2%2Fcomments&post=3576"}],"version-history":[{"count":1,"href":"https:\/\/site.ac-martinique.fr\/lettres-histoire\/index.php?rest_route=\/wp\/v2\/posts\/3576\/revisions"}],"predecessor-version":[{"id":3577,"href":"https:\/\/site.ac-martinique.fr\/lettres-histoire\/index.php?rest_route=\/wp\/v2\/posts\/3576\/revisions\/3577"}],"wp:attachment":[{"href":"https:\/\/site.ac-martinique.fr\/lettres-histoire\/index.php?rest_route=%2Fwp%2Fv2%2Fmedia&parent=3576"}],"wp:term":[{"taxonomy":"category","embeddable":true,"href":"https:\/\/site.ac-martinique.fr\/lettres-histoire\/index.php?rest_route=%2Fwp%2Fv2%2Fcategories&post=3576"},{"taxonomy":"post_tag","embeddable":true,"href":"https:\/\/site.ac-martinique.fr\/lettres-histoire\/index.php?rest_route=%2Fwp%2Fv2%2Ftags&post=3576"}],"curies":[{"name":"wp","href":"https:\/\/api.w.org\/{rel}","templated":true}]}}