{"id":810,"date":"2015-06-09T22:58:01","date_gmt":"2015-06-09T21:58:01","guid":{"rendered":"\/lettres-histoire\/?p=810"},"modified":"2015-06-09T23:11:21","modified_gmt":"2015-06-09T22:11:21","slug":"conference-danne-vibert-les-documents-ressources","status":"publish","type":"post","link":"https:\/\/site.ac-martinique.fr\/lettres-histoire\/?p=810","title":{"rendered":"Conf\u00e9rence d&rsquo;Anne Vibert: les documents ressources"},"content":{"rendered":"<p>La conf\u00e9rence d&rsquo;Anne Vibert <em>(IGEN de Lettres)<\/em> qui s&rsquo;est tenue le 5 mars dernier a \u00e9t\u00e9 un moment de partage riche en r\u00e9flexions. Lors de cette rencontre, il a \u00e9t\u00e9 question de la place de la lecture en lyc\u00e9e professionnel. Veuillez trouver ci-dessous les documents d&rsquo;Anne Vibert\u00a0 qui ont \u00e9t\u00e9 expos\u00e9s lors de cette conf\u00e9rence :<\/p>\n<p>&#8211; <span style=\"color: #0000ff\"><strong><em><a style=\"color: #0000ff\" href=\"\/lettres-histoire\/wp-content\/uploads\/sites\/17\/2015\/06\/Lapproche-de-la-lecture-au-LP.pdf\" target=\"_blank\">L&rsquo;approche de la lecture en LP (Diaporama)<\/a>,<\/em><\/strong><\/span><\/p>\n<p>&#8211; <span style=\"color: #0000ff\"><em><strong><a href=\"\/lettres-histoire\/wp-content\/uploads\/sites\/17\/2015\/06\/Lapproche-des-textes-au-lyc-\u00aee-professionnel-VF.pdf\" target=\"_blank\"><span style=\"color: #0000ff\">Comment favoriser l&rsquo;appropriation des textes en lyc\u00e9e professionnel?<\/span> <\/a><\/strong><\/em><\/span> <span style=\"text-decoration: underline\"><strong>(Retrouvez ces documents \u00e0 la page <span style=\"color: #800000;text-decoration: underline\">Formation<\/span>)<\/strong><\/span><\/p>\n<p>&#8211; <a href=\"\/lettres-histoire\/wp-content\/uploads\/sites\/17\/2015\/06\/Faire-place-letude-de-la-langue-dans-la-sequence.pdf\" target=\"_blank\"><span style=\"color: #0000ff\"><strong><em>L\u2019int\u00e9gration de l\u2019\u00e9tude de la langue dans la s\u00e9quence d\u2019enseignement au lyc\u00e9e professionnel \u00e0 partir de l\u2019exemple de l\u2019objet d\u2019\u00e9tud<span style=\"color: #0000ff\">e<\/span><\/em><\/strong><em><strong> \u00ab\u00a0L\u2019homme et son rapport au monde au XX\u00e8 si\u00e8cle\u00a0\u00bb <\/strong><\/em><\/span><\/a><span style=\"text-decoration: underline\"><strong>( A retrouver \u00e9galement \u00e0 la page <span style=\"color: #800000;text-decoration: underline\">Lettres \/ Tle Bac Pro<\/span>)<em><br \/>\n<\/em><\/strong><\/span><\/p>\n<p>&nbsp;<\/p>\n","protected":false},"excerpt":{"rendered":"<p>La conf\u00e9rence d&rsquo;Anne Vibert (IGEN de Lettres) qui s&rsquo;est tenue le 5 mars dernier a \u00e9t\u00e9 un moment de partage riche en r\u00e9flexions. Lors de cette rencontre, il a \u00e9t\u00e9 question de la place de la lecture en lyc\u00e9e professionnel. Veuillez trouver ci-dessous les documents d&rsquo;Anne Vibert\u00a0 qui ont \u00e9t\u00e9 expos\u00e9s lors de cette conf\u00e9rence &hellip; <a href=\"https:\/\/site.ac-martinique.fr\/lettres-histoire\/?p=810\" class=\"more-link\">Continuer la lecture de <span class=\"screen-reader-text\">Conf\u00e9rence d&rsquo;Anne Vibert: les documents ressources<\/span>  <span class=\"meta-nav\">&rarr;<\/span><\/a><\/p>\n","protected":false},"author":73,"featured_media":0,"comment_status":"closed","ping_status":"closed","sticky":false,"template":"","format":"standard","meta":{"footnotes":""},"categories":[1],"tags":[],"class_list":["post-810","post","type-post","status-publish","format-standard","hentry","category-non-classe"],"_links":{"self":[{"href":"https:\/\/site.ac-martinique.fr\/lettres-histoire\/index.php?rest_route=\/wp\/v2\/posts\/810","targetHints":{"allow":["GET"]}}],"collection":[{"href":"https:\/\/site.ac-martinique.fr\/lettres-histoire\/index.php?rest_route=\/wp\/v2\/posts"}],"about":[{"href":"https:\/\/site.ac-martinique.fr\/lettres-histoire\/index.php?rest_route=\/wp\/v2\/types\/post"}],"author":[{"embeddable":true,"href":"https:\/\/site.ac-martinique.fr\/lettres-histoire\/index.php?rest_route=\/wp\/v2\/users\/73"}],"replies":[{"embeddable":true,"href":"https:\/\/site.ac-martinique.fr\/lettres-histoire\/index.php?rest_route=%2Fwp%2Fv2%2Fcomments&post=810"}],"version-history":[{"count":4,"href":"https:\/\/site.ac-martinique.fr\/lettres-histoire\/index.php?rest_route=\/wp\/v2\/posts\/810\/revisions"}],"predecessor-version":[{"id":816,"href":"https:\/\/site.ac-martinique.fr\/lettres-histoire\/index.php?rest_route=\/wp\/v2\/posts\/810\/revisions\/816"}],"wp:attachment":[{"href":"https:\/\/site.ac-martinique.fr\/lettres-histoire\/index.php?rest_route=%2Fwp%2Fv2%2Fmedia&parent=810"}],"wp:term":[{"taxonomy":"category","embeddable":true,"href":"https:\/\/site.ac-martinique.fr\/lettres-histoire\/index.php?rest_route=%2Fwp%2Fv2%2Fcategories&post=810"},{"taxonomy":"post_tag","embeddable":true,"href":"https:\/\/site.ac-martinique.fr\/lettres-histoire\/index.php?rest_route=%2Fwp%2Fv2%2Ftags&post=810"}],"curies":[{"name":"wp","href":"https:\/\/api.w.org\/{rel}","templated":true}]}}