{"id":3843,"date":"2026-03-17T08:05:13","date_gmt":"2026-03-17T12:05:13","guid":{"rendered":"https:\/\/site.ac-martinique.fr\/lyc-andrealiker\/?p=3843"},"modified":"2026-03-17T08:05:13","modified_gmt":"2026-03-17T12:05:13","slug":"ouverture-campagne-dse-2026-2027","status":"publish","type":"post","link":"https:\/\/site.ac-martinique.fr\/lyc-andrealiker\/?p=3843","title":{"rendered":"OUVERTURE CAMPAGNE DSE 2026-2027"},"content":{"rendered":"\n<p>Ouverture de la campagne du Dossier Social \u00c9tudiant (DSE)&nbsp;pour l\u2019ann\u00e9e universitaire 2026-2027, qui se d\u00e9roule&nbsp;<strong>du 1er mars au 31 mai 2026.<\/strong><\/p>\n\n\n\n<p>La constitution du DSE est une \u00e9tape indispensable pour les \u00e9l\u00e8ves de Terminale&nbsp;souhaitant poursuivre leurs \u00e9tudes dans l\u2019enseignement sup\u00e9rieur, car elle conditionne l\u2019acc\u00e8s aux bourses sur crit\u00e8res sociaux&nbsp;et aux dispositifs de logement \u00e9tudiant.<\/p>\n\n\n\n<p><strong><u>Il est essentiel d\u2019inciter les \u00e9l\u00e8ves \u00e0 effectuer cette d\u00e9marche dans les meilleurs d\u00e9lais et \u00e0 ne pas attendre le mois de Mai ou la fin de la campagne<\/u><\/strong>. En effet, une saisie anticip\u00e9e garantit un traitement efficace des dossiers&nbsp;et une s\u00e9curisation rapide des droits des futurs \u00e9tudiants.<\/p>\n\n\n\n<figure class=\"wp-block-image size-large is-resized\"><a href=\"https:\/\/site.ac-martinique.fr\/lyc-andrealiker\/wp-content\/uploads\/sites\/33\/2026\/03\/CNOUS_40x60_DSE_2026-Lyceenne-1.jpg\"><img loading=\"lazy\" decoding=\"async\" width=\"683\" height=\"1024\" src=\"https:\/\/site.ac-martinique.fr\/lyc-andrealiker\/wp-content\/uploads\/sites\/33\/2026\/03\/CNOUS_40x60_DSE_2026-Lyceenne-1-683x1024.jpg\" alt=\"\" class=\"wp-image-3848\" style=\"width:683px;height:auto\" srcset=\"https:\/\/site.ac-martinique.fr\/lyc-andrealiker\/wp-content\/uploads\/sites\/33\/2026\/03\/CNOUS_40x60_DSE_2026-Lyceenne-1-683x1024.jpg 683w, https:\/\/site.ac-martinique.fr\/lyc-andrealiker\/wp-content\/uploads\/sites\/33\/2026\/03\/CNOUS_40x60_DSE_2026-Lyceenne-1-200x300.jpg 200w, https:\/\/site.ac-martinique.fr\/lyc-andrealiker\/wp-content\/uploads\/sites\/33\/2026\/03\/CNOUS_40x60_DSE_2026-Lyceenne-1-768x1152.jpg 768w, https:\/\/site.ac-martinique.fr\/lyc-andrealiker\/wp-content\/uploads\/sites\/33\/2026\/03\/CNOUS_40x60_DSE_2026-Lyceenne-1.jpg 1000w\" sizes=\"auto, (max-width: 683px) 100vw, 683px\" \/><\/a><\/figure>\n\n\n\n<figure class=\"wp-block-image size-large\"><a href=\"https:\/\/site.ac-martinique.fr\/lyc-andrealiker\/wp-content\/uploads\/sites\/33\/2026\/03\/CNOUS_40x60_DSE_2026-Lyceen-1.jpg\"><img loading=\"lazy\" decoding=\"async\" width=\"683\" height=\"1024\" src=\"https:\/\/site.ac-martinique.fr\/lyc-andrealiker\/wp-content\/uploads\/sites\/33\/2026\/03\/CNOUS_40x60_DSE_2026-Lyceen-1-683x1024.jpg\" alt=\"\" class=\"wp-image-3849\" srcset=\"https:\/\/site.ac-martinique.fr\/lyc-andrealiker\/wp-content\/uploads\/sites\/33\/2026\/03\/CNOUS_40x60_DSE_2026-Lyceen-1-683x1024.jpg 683w, https:\/\/site.ac-martinique.fr\/lyc-andrealiker\/wp-content\/uploads\/sites\/33\/2026\/03\/CNOUS_40x60_DSE_2026-Lyceen-1-200x300.jpg 200w, https:\/\/site.ac-martinique.fr\/lyc-andrealiker\/wp-content\/uploads\/sites\/33\/2026\/03\/CNOUS_40x60_DSE_2026-Lyceen-1-768x1152.jpg 768w, https:\/\/site.ac-martinique.fr\/lyc-andrealiker\/wp-content\/uploads\/sites\/33\/2026\/03\/CNOUS_40x60_DSE_2026-Lyceen-1.jpg 1000w\" sizes=\"auto, (max-width: 683px) 100vw, 683px\" \/><\/a><\/figure>\n\n\n\n<figure class=\"wp-block-image size-large\"><a href=\"https:\/\/site.ac-martinique.fr\/lyc-andrealiker\/wp-content\/uploads\/sites\/33\/2026\/03\/CNOUS_40x60_DSE_2026-pere-1.jpg\"><img loading=\"lazy\" decoding=\"async\" width=\"683\" height=\"1024\" src=\"https:\/\/site.ac-martinique.fr\/lyc-andrealiker\/wp-content\/uploads\/sites\/33\/2026\/03\/CNOUS_40x60_DSE_2026-pere-1-683x1024.jpg\" alt=\"\" class=\"wp-image-3850\" srcset=\"https:\/\/site.ac-martinique.fr\/lyc-andrealiker\/wp-content\/uploads\/sites\/33\/2026\/03\/CNOUS_40x60_DSE_2026-pere-1-683x1024.jpg 683w, https:\/\/site.ac-martinique.fr\/lyc-andrealiker\/wp-content\/uploads\/sites\/33\/2026\/03\/CNOUS_40x60_DSE_2026-pere-1-200x300.jpg 200w, https:\/\/site.ac-martinique.fr\/lyc-andrealiker\/wp-content\/uploads\/sites\/33\/2026\/03\/CNOUS_40x60_DSE_2026-pere-1-768x1152.jpg 768w, https:\/\/site.ac-martinique.fr\/lyc-andrealiker\/wp-content\/uploads\/sites\/33\/2026\/03\/CNOUS_40x60_DSE_2026-pere-1.jpg 1000w\" sizes=\"auto, (max-width: 683px) 100vw, 683px\" \/><\/a><\/figure>\n","protected":false},"excerpt":{"rendered":"<p>Ouverture de la campagne du Dossier Social \u00c9tudiant (DSE)&nbsp;pour l\u2019ann\u00e9e universitaire 2026-2027, qui se d\u00e9roule&nbsp;du 1er mars au 31 mai 2026. La constitution du DSE est une \u00e9tape indispensable pour les \u00e9l\u00e8ves de Terminale&nbsp;souhaitant poursuivre leurs \u00e9tudes dans l\u2019enseignement sup\u00e9rieur, car elle conditionne l\u2019acc\u00e8s aux bourses sur crit\u00e8res sociaux&nbsp;et aux dispositifs de logement \u00e9tudiant. Il est essentiel d\u2019inciter les \u00e9l\u00e8ves \u00e0 effectuer cette d\u00e9marche dans les meilleurs d\u00e9lais et \u00e0 ne pas attendre le mois de Mai ou la fin de la campagne. En effet, une saisie anticip\u00e9e garantit un traitement efficace des dossiers&nbsp;et une s\u00e9curisation rapide des droits des futurs \u00e9tudiants.<\/p>\n","protected":false},"author":319,"featured_media":3844,"comment_status":"closed","ping_status":"open","sticky":false,"template":"","format":"standard","meta":{"footnotes":""},"categories":[54,5],"tags":[],"class_list":["post-3843","post","type-post","status-publish","format-standard","has-post-thumbnail","hentry","category-accueil","category-actualites-2"],"_links":{"self":[{"href":"https:\/\/site.ac-martinique.fr\/lyc-andrealiker\/index.php?rest_route=\/wp\/v2\/posts\/3843","targetHints":{"allow":["GET"]}}],"collection":[{"href":"https:\/\/site.ac-martinique.fr\/lyc-andrealiker\/index.php?rest_route=\/wp\/v2\/posts"}],"about":[{"href":"https:\/\/site.ac-martinique.fr\/lyc-andrealiker\/index.php?rest_route=\/wp\/v2\/types\/post"}],"author":[{"embeddable":true,"href":"https:\/\/site.ac-martinique.fr\/lyc-andrealiker\/index.php?rest_route=\/wp\/v2\/users\/319"}],"replies":[{"embeddable":true,"href":"https:\/\/site.ac-martinique.fr\/lyc-andrealiker\/index.php?rest_route=%2Fwp%2Fv2%2Fcomments&post=3843"}],"version-history":[{"count":1,"href":"https:\/\/site.ac-martinique.fr\/lyc-andrealiker\/index.php?rest_route=\/wp\/v2\/posts\/3843\/revisions"}],"predecessor-version":[{"id":3851,"href":"https:\/\/site.ac-martinique.fr\/lyc-andrealiker\/index.php?rest_route=\/wp\/v2\/posts\/3843\/revisions\/3851"}],"wp:featuredmedia":[{"embeddable":true,"href":"https:\/\/site.ac-martinique.fr\/lyc-andrealiker\/index.php?rest_route=\/wp\/v2\/media\/3844"}],"wp:attachment":[{"href":"https:\/\/site.ac-martinique.fr\/lyc-andrealiker\/index.php?rest_route=%2Fwp%2Fv2%2Fmedia&parent=3843"}],"wp:term":[{"taxonomy":"category","embeddable":true,"href":"https:\/\/site.ac-martinique.fr\/lyc-andrealiker\/index.php?rest_route=%2Fwp%2Fv2%2Fcategories&post=3843"},{"taxonomy":"post_tag","embeddable":true,"href":"https:\/\/site.ac-martinique.fr\/lyc-andrealiker\/index.php?rest_route=%2Fwp%2Fv2%2Ftags&post=3843"}],"curies":[{"name":"wp","href":"https:\/\/api.w.org\/{rel}","templated":true}]}}