{"id":3551,"date":"2023-10-03T18:44:40","date_gmt":"2023-10-03T17:44:40","guid":{"rendered":"https:\/\/site.ac-martinique.fr\/lyc-dumasjeanjoseph\/?p=3551"},"modified":"2024-07-08T12:49:57","modified_gmt":"2024-07-08T11:49:57","slug":"newsletter-du-mois","status":"publish","type":"post","link":"https:\/\/site.ac-martinique.fr\/lyc-dumasjeanjoseph\/?p=3551","title":{"rendered":"Les actualit\u00e9s du mois"},"content":{"rendered":"\n<p>Vous trouverez, en cliquant <a rel=\"noreferrer noopener\" href=\"https:\/\/site.ac-martinique.fr\/lyc-dumasjeanjoseph\/?page_id=3545\" data-type=\"link\" data-id=\"https:\/\/site.ac-martinique.fr\/lyc-dumasjeanjoseph\/?page_id=3545\" target=\"_blank\">ici<\/a>, la newsletter du lyc\u00e9e professionnel <em>Dumas Jean Joseph<\/em> pour le mois d&rsquo;Octobre 2023. Vous y d\u00e9couvrirez les actions et sorties pr\u00e9vues de ce mois.<\/p>\n\n\n\n<p>Par ailleurs, une r\u00e9trospective des actions qui se sont d\u00e9roul\u00e9es durant le mois de Septembre est disponible ci-apr\u00e8s :<\/p>\n\n<div class=\"twitter-share\"><a href=\"https:\/\/twitter.com\/intent\/tweet?via=lp_djj\" class=\"twitter-share-button\">Tweet<\/a><\/div>\n","protected":false},"excerpt":{"rendered":"<p>Vous trouverez, en cliquant ici, la newsletter du lyc\u00e9e professionnel Dumas Jean Joseph pour le mois d&rsquo;Octobre 2023. Vous y d\u00e9couvrirez les actions et sorties pr\u00e9vues de ce mois. Par ailleurs, une r\u00e9trospective des actions qui se sont d\u00e9roul\u00e9es durant le mois de Septembre est disponible ci-apr\u00e8s :<\/p>\n","protected":false},"author":73,"featured_media":0,"comment_status":"closed","ping_status":"closed","sticky":false,"template":"","format":"standard","meta":{"footnotes":""},"categories":[81,15],"tags":[],"class_list":["post-3551","post","type-post","status-publish","format-standard","hentry","category-2023-2024","category-pedagogie"],"_links":{"self":[{"href":"https:\/\/site.ac-martinique.fr\/lyc-dumasjeanjoseph\/index.php?rest_route=\/wp\/v2\/posts\/3551","targetHints":{"allow":["GET"]}}],"collection":[{"href":"https:\/\/site.ac-martinique.fr\/lyc-dumasjeanjoseph\/index.php?rest_route=\/wp\/v2\/posts"}],"about":[{"href":"https:\/\/site.ac-martinique.fr\/lyc-dumasjeanjoseph\/index.php?rest_route=\/wp\/v2\/types\/post"}],"author":[{"embeddable":true,"href":"https:\/\/site.ac-martinique.fr\/lyc-dumasjeanjoseph\/index.php?rest_route=\/wp\/v2\/users\/73"}],"replies":[{"embeddable":true,"href":"https:\/\/site.ac-martinique.fr\/lyc-dumasjeanjoseph\/index.php?rest_route=%2Fwp%2Fv2%2Fcomments&post=3551"}],"version-history":[{"count":6,"href":"https:\/\/site.ac-martinique.fr\/lyc-dumasjeanjoseph\/index.php?rest_route=\/wp\/v2\/posts\/3551\/revisions"}],"predecessor-version":[{"id":4350,"href":"https:\/\/site.ac-martinique.fr\/lyc-dumasjeanjoseph\/index.php?rest_route=\/wp\/v2\/posts\/3551\/revisions\/4350"}],"wp:attachment":[{"href":"https:\/\/site.ac-martinique.fr\/lyc-dumasjeanjoseph\/index.php?rest_route=%2Fwp%2Fv2%2Fmedia&parent=3551"}],"wp:term":[{"taxonomy":"category","embeddable":true,"href":"https:\/\/site.ac-martinique.fr\/lyc-dumasjeanjoseph\/index.php?rest_route=%2Fwp%2Fv2%2Fcategories&post=3551"},{"taxonomy":"post_tag","embeddable":true,"href":"https:\/\/site.ac-martinique.fr\/lyc-dumasjeanjoseph\/index.php?rest_route=%2Fwp%2Fv2%2Ftags&post=3551"}],"curies":[{"name":"wp","href":"https:\/\/api.w.org\/{rel}","templated":true}]}}