{"id":3761,"date":"2023-10-21T17:40:25","date_gmt":"2023-10-21T16:40:25","guid":{"rendered":"https:\/\/site.ac-martinique.fr\/lyc-dumasjeanjoseph\/?p=3761"},"modified":"2023-10-21T17:41:02","modified_gmt":"2023-10-21T16:41:02","slug":"rencontre-avec-la-cineaste-bouchera-azzouz","status":"publish","type":"post","link":"https:\/\/site.ac-martinique.fr\/lyc-dumasjeanjoseph\/?p=3761","title":{"rendered":"Rencontre avec la cin\u00e9aste BOUCHERA Azzouz"},"content":{"rendered":"\n<p>Le Mercredi 18 Octobre, les \u00e9l\u00e8ves de 1 MELEC, 2 ASSP, 1MMV, 1MS et 1ASSP2 ont pu assister au visionnage du documentaire <em>\u00ab\u00a0Meufs de (la) cit\u00e9\u00a0\u00bb<\/em> et par la suite, \u00e9changer avec la cin\u00e9aste et f\u00e9ministe BOUCHERA Azzouz. Ce documentaire traite des relations filles\/gar\u00e7ons issus de cit\u00e9s ou banlieues et de la place des filles dans leur quartier et plus largement dans la soci\u00e9t\u00e9 fran\u00e7aise. Ce temps d&rsquo;\u00e9changes et de rencontres fut tr\u00e8s riche comme en t\u00e9moignent les r\u00e9actions suivantes :<\/p>\n\n\n\n<p><strong>Julia, 1ASSP2<\/strong> : <em>\u00ab\u00a0J&rsquo;ai trouv\u00e9 le film int\u00e9ressant parce qu&rsquo;il parlait de la femme, des critiques que les filles pouvaient avoir sur leur mani\u00e8re de s&rsquo;habiller, leur mani\u00e8re de parler et leurs fr\u00e9quentations. J&rsquo;ai beaucoup appr\u00e9ci\u00e9 les interviews des filles&#8230;\u00e7\u00e0 fait r\u00e9fl\u00e9chir\u00a0\u00bb.<\/em><\/p>\n\n\n\n<p><strong>Widerna, 1ASSP2<\/strong> : <em>\u00ab\u00a0J&rsquo;ai aim\u00e9 le film, je me suis surtout retrouv\u00e9e dans le portrait de la fille venant du Mali\u00a0\u00bb.<\/em><\/p>\n\n\n\n<p>D\u00e9couvrez <a rel=\"noreferrer noopener\" href=\"https:\/\/viaatv.tv\/les-eleves-dun-lycee-a-la-rencontre-dune-realisatrice-militante\/\" data-type=\"link\" data-id=\"https:\/\/viaatv.tv\/les-eleves-dun-lycee-a-la-rencontre-dune-realisatrice-militante\/\" target=\"_blank\">ici <\/a>le reportage de ViaATV concernant cette action.<\/p>\n\n\n\n<figure class=\"wp-block-gallery has-nested-images columns-default is-cropped wp-block-gallery-1 is-layout-flex wp-block-gallery-is-layout-flex\">\n<figure class=\"wp-block-image size-large\"><a href=\"https:\/\/site.ac-martinique.fr\/lyc-dumasjeanjoseph\/wp-content\/uploads\/sites\/41\/2023\/10\/1697906258205.jpg\"><img loading=\"lazy\" decoding=\"async\" width=\"1024\" height=\"770\" data-id=\"3762\" src=\"https:\/\/site.ac-martinique.fr\/lyc-dumasjeanjoseph\/wp-content\/uploads\/sites\/41\/2023\/10\/1697906258205-1024x770.jpg\" alt=\"\" class=\"wp-image-3762\" srcset=\"https:\/\/site.ac-martinique.fr\/lyc-dumasjeanjoseph\/wp-content\/uploads\/sites\/41\/2023\/10\/1697906258205-1024x770.jpg 1024w, https:\/\/site.ac-martinique.fr\/lyc-dumasjeanjoseph\/wp-content\/uploads\/sites\/41\/2023\/10\/1697906258205-300x226.jpg 300w, https:\/\/site.ac-martinique.fr\/lyc-dumasjeanjoseph\/wp-content\/uploads\/sites\/41\/2023\/10\/1697906258205-768x578.jpg 768w, https:\/\/site.ac-martinique.fr\/lyc-dumasjeanjoseph\/wp-content\/uploads\/sites\/41\/2023\/10\/1697906258205-1140x858.jpg 1140w, https:\/\/site.ac-martinique.fr\/lyc-dumasjeanjoseph\/wp-content\/uploads\/sites\/41\/2023\/10\/1697906258205.jpg 1280w\" sizes=\"auto, (max-width: 1024px) 100vw, 1024px\" \/><\/a><\/figure>\n\n\n\n<figure class=\"wp-block-image size-large\"><a href=\"https:\/\/site.ac-martinique.fr\/lyc-dumasjeanjoseph\/wp-content\/uploads\/sites\/41\/2023\/10\/1697906258224.jpg\"><img loading=\"lazy\" decoding=\"async\" width=\"1024\" height=\"771\" data-id=\"3764\" src=\"https:\/\/site.ac-martinique.fr\/lyc-dumasjeanjoseph\/wp-content\/uploads\/sites\/41\/2023\/10\/1697906258224-1024x771.jpg\" alt=\"\" class=\"wp-image-3764\" srcset=\"https:\/\/site.ac-martinique.fr\/lyc-dumasjeanjoseph\/wp-content\/uploads\/sites\/41\/2023\/10\/1697906258224-1024x771.jpg 1024w, https:\/\/site.ac-martinique.fr\/lyc-dumasjeanjoseph\/wp-content\/uploads\/sites\/41\/2023\/10\/1697906258224-300x226.jpg 300w, https:\/\/site.ac-martinique.fr\/lyc-dumasjeanjoseph\/wp-content\/uploads\/sites\/41\/2023\/10\/1697906258224-768x578.jpg 768w, https:\/\/site.ac-martinique.fr\/lyc-dumasjeanjoseph\/wp-content\/uploads\/sites\/41\/2023\/10\/1697906258224-1536x1156.jpg 1536w, https:\/\/site.ac-martinique.fr\/lyc-dumasjeanjoseph\/wp-content\/uploads\/sites\/41\/2023\/10\/1697906258224-1140x858.jpg 1140w, https:\/\/site.ac-martinique.fr\/lyc-dumasjeanjoseph\/wp-content\/uploads\/sites\/41\/2023\/10\/1697906258224.jpg 1600w\" sizes=\"auto, (max-width: 1024px) 100vw, 1024px\" \/><\/a><\/figure>\n\n\n\n<figure class=\"wp-block-image size-large\"><a href=\"https:\/\/site.ac-martinique.fr\/lyc-dumasjeanjoseph\/wp-content\/uploads\/sites\/41\/2023\/10\/1697906258244.jpg\"><img loading=\"lazy\" decoding=\"async\" width=\"1024\" height=\"770\" data-id=\"3763\" src=\"https:\/\/site.ac-martinique.fr\/lyc-dumasjeanjoseph\/wp-content\/uploads\/sites\/41\/2023\/10\/1697906258244-1024x770.jpg\" alt=\"\" class=\"wp-image-3763\" srcset=\"https:\/\/site.ac-martinique.fr\/lyc-dumasjeanjoseph\/wp-content\/uploads\/sites\/41\/2023\/10\/1697906258244-1024x770.jpg 1024w, https:\/\/site.ac-martinique.fr\/lyc-dumasjeanjoseph\/wp-content\/uploads\/sites\/41\/2023\/10\/1697906258244-300x226.jpg 300w, https:\/\/site.ac-martinique.fr\/lyc-dumasjeanjoseph\/wp-content\/uploads\/sites\/41\/2023\/10\/1697906258244-768x578.jpg 768w, https:\/\/site.ac-martinique.fr\/lyc-dumasjeanjoseph\/wp-content\/uploads\/sites\/41\/2023\/10\/1697906258244-1140x858.jpg 1140w, https:\/\/site.ac-martinique.fr\/lyc-dumasjeanjoseph\/wp-content\/uploads\/sites\/41\/2023\/10\/1697906258244.jpg 1280w\" sizes=\"auto, (max-width: 1024px) 100vw, 1024px\" \/><\/a><\/figure>\n\n\n\n<figure class=\"wp-block-image size-large\"><a href=\"https:\/\/site.ac-martinique.fr\/lyc-dumasjeanjoseph\/wp-content\/uploads\/sites\/41\/2023\/10\/1697906258263.jpg\"><img loading=\"lazy\" decoding=\"async\" width=\"1024\" height=\"771\" data-id=\"3765\" src=\"https:\/\/site.ac-martinique.fr\/lyc-dumasjeanjoseph\/wp-content\/uploads\/sites\/41\/2023\/10\/1697906258263-1024x771.jpg\" alt=\"\" class=\"wp-image-3765\" srcset=\"https:\/\/site.ac-martinique.fr\/lyc-dumasjeanjoseph\/wp-content\/uploads\/sites\/41\/2023\/10\/1697906258263-1024x771.jpg 1024w, https:\/\/site.ac-martinique.fr\/lyc-dumasjeanjoseph\/wp-content\/uploads\/sites\/41\/2023\/10\/1697906258263-300x226.jpg 300w, https:\/\/site.ac-martinique.fr\/lyc-dumasjeanjoseph\/wp-content\/uploads\/sites\/41\/2023\/10\/1697906258263-768x578.jpg 768w, https:\/\/site.ac-martinique.fr\/lyc-dumasjeanjoseph\/wp-content\/uploads\/sites\/41\/2023\/10\/1697906258263-1536x1156.jpg 1536w, https:\/\/site.ac-martinique.fr\/lyc-dumasjeanjoseph\/wp-content\/uploads\/sites\/41\/2023\/10\/1697906258263-1140x858.jpg 1140w, https:\/\/site.ac-martinique.fr\/lyc-dumasjeanjoseph\/wp-content\/uploads\/sites\/41\/2023\/10\/1697906258263.jpg 1600w\" sizes=\"auto, (max-width: 1024px) 100vw, 1024px\" \/><\/a><\/figure>\n\n\n\n<figure class=\"wp-block-image size-large\"><a href=\"https:\/\/site.ac-martinique.fr\/lyc-dumasjeanjoseph\/wp-content\/uploads\/sites\/41\/2023\/10\/1697906258282.jpg\"><img loading=\"lazy\" decoding=\"async\" width=\"771\" height=\"1024\" data-id=\"3767\" src=\"https:\/\/site.ac-martinique.fr\/lyc-dumasjeanjoseph\/wp-content\/uploads\/sites\/41\/2023\/10\/1697906258282-771x1024.jpg\" alt=\"\" class=\"wp-image-3767\" srcset=\"https:\/\/site.ac-martinique.fr\/lyc-dumasjeanjoseph\/wp-content\/uploads\/sites\/41\/2023\/10\/1697906258282-771x1024.jpg 771w, https:\/\/site.ac-martinique.fr\/lyc-dumasjeanjoseph\/wp-content\/uploads\/sites\/41\/2023\/10\/1697906258282-226x300.jpg 226w, https:\/\/site.ac-martinique.fr\/lyc-dumasjeanjoseph\/wp-content\/uploads\/sites\/41\/2023\/10\/1697906258282-768x1021.jpg 768w, https:\/\/site.ac-martinique.fr\/lyc-dumasjeanjoseph\/wp-content\/uploads\/sites\/41\/2023\/10\/1697906258282-1156x1536.jpg 1156w, https:\/\/site.ac-martinique.fr\/lyc-dumasjeanjoseph\/wp-content\/uploads\/sites\/41\/2023\/10\/1697906258282-1140x1515.jpg 1140w, https:\/\/site.ac-martinique.fr\/lyc-dumasjeanjoseph\/wp-content\/uploads\/sites\/41\/2023\/10\/1697906258282.jpg 1204w\" sizes=\"auto, (max-width: 771px) 100vw, 771px\" \/><\/a><\/figure>\n\n\n\n<figure class=\"wp-block-image size-large\"><a href=\"https:\/\/site.ac-martinique.fr\/lyc-dumasjeanjoseph\/wp-content\/uploads\/sites\/41\/2023\/10\/1697906258301.jpg\"><img loading=\"lazy\" decoding=\"async\" width=\"1024\" height=\"768\" data-id=\"3766\" src=\"https:\/\/site.ac-martinique.fr\/lyc-dumasjeanjoseph\/wp-content\/uploads\/sites\/41\/2023\/10\/1697906258301.jpg\" alt=\"\" class=\"wp-image-3766\" srcset=\"https:\/\/site.ac-martinique.fr\/lyc-dumasjeanjoseph\/wp-content\/uploads\/sites\/41\/2023\/10\/1697906258301.jpg 1024w, https:\/\/site.ac-martinique.fr\/lyc-dumasjeanjoseph\/wp-content\/uploads\/sites\/41\/2023\/10\/1697906258301-300x225.jpg 300w, https:\/\/site.ac-martinique.fr\/lyc-dumasjeanjoseph\/wp-content\/uploads\/sites\/41\/2023\/10\/1697906258301-768x576.jpg 768w\" sizes=\"auto, (max-width: 1024px) 100vw, 1024px\" \/><\/a><\/figure>\n<\/figure>\n\n<div class=\"twitter-share\"><a href=\"https:\/\/twitter.com\/intent\/tweet?via=lp_djj\" class=\"twitter-share-button\">Tweet<\/a><\/div>\n","protected":false},"excerpt":{"rendered":"<p>Le Mercredi 18 Octobre, les \u00e9l\u00e8ves de 1 MELEC, 2 ASSP, 1MMV, 1MS et 1ASSP2 ont pu assister au visionnage du documentaire \u00ab\u00a0Meufs de (la) cit\u00e9\u00a0\u00bb et par la suite, \u00e9changer avec la cin\u00e9aste et f\u00e9ministe BOUCHERA Azzouz. Ce documentaire traite des relations filles\/gar\u00e7ons issus de cit\u00e9s ou banlieues et de la place des filles dans leur quartier et plus largement dans la soci\u00e9t\u00e9 fran\u00e7aise. Ce temps d&rsquo;\u00e9changes et de rencontres fut tr\u00e8s riche comme en t\u00e9moignent les r\u00e9actions suivantes : Julia, 1ASSP2 : \u00ab\u00a0J&rsquo;ai trouv\u00e9 le film int\u00e9ressant parce qu&rsquo;il parlait de la femme, des critiques que les filles pouvaient avoir sur leur mani\u00e8re de s&rsquo;habiller, leur mani\u00e8re de parler et leurs fr\u00e9quentations. J&rsquo;ai beaucoup appr\u00e9ci\u00e9 les interviews des filles&#8230;\u00e7\u00e0 fait r\u00e9fl\u00e9chir\u00a0\u00bb. Widerna, 1ASSP2 : \u00ab\u00a0J&rsquo;ai aim\u00e9 le film, je me suis surtout retrouv\u00e9e dans le portrait de la fille venant du Mali\u00a0\u00bb. D\u00e9couvrez ici le reportage de ViaATV concernant cette action.<\/p>\n","protected":false},"author":73,"featured_media":3766,"comment_status":"closed","ping_status":"closed","sticky":false,"template":"","format":"standard","meta":{"footnotes":""},"categories":[81,15],"tags":[],"class_list":["post-3761","post","type-post","status-publish","format-standard","has-post-thumbnail","hentry","category-2023-2024","category-pedagogie"],"_links":{"self":[{"href":"https:\/\/site.ac-martinique.fr\/lyc-dumasjeanjoseph\/index.php?rest_route=\/wp\/v2\/posts\/3761","targetHints":{"allow":["GET"]}}],"collection":[{"href":"https:\/\/site.ac-martinique.fr\/lyc-dumasjeanjoseph\/index.php?rest_route=\/wp\/v2\/posts"}],"about":[{"href":"https:\/\/site.ac-martinique.fr\/lyc-dumasjeanjoseph\/index.php?rest_route=\/wp\/v2\/types\/post"}],"author":[{"embeddable":true,"href":"https:\/\/site.ac-martinique.fr\/lyc-dumasjeanjoseph\/index.php?rest_route=\/wp\/v2\/users\/73"}],"replies":[{"embeddable":true,"href":"https:\/\/site.ac-martinique.fr\/lyc-dumasjeanjoseph\/index.php?rest_route=%2Fwp%2Fv2%2Fcomments&post=3761"}],"version-history":[{"count":1,"href":"https:\/\/site.ac-martinique.fr\/lyc-dumasjeanjoseph\/index.php?rest_route=\/wp\/v2\/posts\/3761\/revisions"}],"predecessor-version":[{"id":3768,"href":"https:\/\/site.ac-martinique.fr\/lyc-dumasjeanjoseph\/index.php?rest_route=\/wp\/v2\/posts\/3761\/revisions\/3768"}],"wp:featuredmedia":[{"embeddable":true,"href":"https:\/\/site.ac-martinique.fr\/lyc-dumasjeanjoseph\/index.php?rest_route=\/wp\/v2\/media\/3766"}],"wp:attachment":[{"href":"https:\/\/site.ac-martinique.fr\/lyc-dumasjeanjoseph\/index.php?rest_route=%2Fwp%2Fv2%2Fmedia&parent=3761"}],"wp:term":[{"taxonomy":"category","embeddable":true,"href":"https:\/\/site.ac-martinique.fr\/lyc-dumasjeanjoseph\/index.php?rest_route=%2Fwp%2Fv2%2Fcategories&post=3761"},{"taxonomy":"post_tag","embeddable":true,"href":"https:\/\/site.ac-martinique.fr\/lyc-dumasjeanjoseph\/index.php?rest_route=%2Fwp%2Fv2%2Ftags&post=3761"}],"curies":[{"name":"wp","href":"https:\/\/api.w.org\/{rel}","templated":true}]}}