{"id":3825,"date":"2023-11-22T01:34:35","date_gmt":"2023-11-22T00:34:35","guid":{"rendered":"https:\/\/site.ac-martinique.fr\/lyc-dumasjeanjoseph\/?p=3825"},"modified":"2023-11-27T00:38:36","modified_gmt":"2023-11-26T23:38:36","slug":"defile-de-mode-dans-les-pas-de-la-musique-traditionnelle","status":"publish","type":"post","link":"https:\/\/site.ac-martinique.fr\/lyc-dumasjeanjoseph\/?p=3825","title":{"rendered":"D\u00e9fil\u00e9 de mode \u00ab\u00a0Dans les pas de la musique traditionnelle\u00a0\u00bb"},"content":{"rendered":"\n<p>Un d\u00e9fil\u00e9 de mode de la fili\u00e8re MMV intitul\u00e9 <em>\u00ab\u00a0Dans les pas de la musique traditionnelle\u00a0\u00bb<\/em> a \u00e9t\u00e9 organis\u00e9 ce vendredi 17 Novembre en partenariat avec la Transat Jacques Vabre.  Orchestr\u00e9 par le directeur artistique M. Roger Volny-Anne en \u00e9troite collaboration avec les responsables du d\u00e9fil\u00e9 Mmes Christelle HENRY et Josette CINNA (co-pilote du projet coop\u00e9ration acad\u00e9mique Transat Jacques Vabre 2023), le d\u00e9fil\u00e9 a pu mettre en lumi\u00e8re les magnifiques r\u00e9alisations de nos \u00e9l\u00e8ves de la fili\u00e8re MMV. <\/p>\n\n\n\n<p>Merci aux \u00e9l\u00e8ves et coll\u00e8gues impliqu\u00e9s pour tout ce travail accompli avec brio !  <\/p>\n\n\n\n<figure class=\"wp-block-gallery has-nested-images columns-default is-cropped wp-block-gallery-1 is-layout-flex wp-block-gallery-is-layout-flex\">\n<figure class=\"wp-block-image size-large\"><a href=\"https:\/\/site.ac-martinique.fr\/lyc-dumasjeanjoseph\/wp-content\/uploads\/sites\/41\/2023\/11\/IMG_20231117_174225-1-scaled.jpg\"><img loading=\"lazy\" decoding=\"async\" width=\"1024\" height=\"467\" data-id=\"3829\" src=\"https:\/\/site.ac-martinique.fr\/lyc-dumasjeanjoseph\/wp-content\/uploads\/sites\/41\/2023\/11\/IMG_20231117_174225-1-1024x467.jpg\" alt=\"\" class=\"wp-image-3829\" srcset=\"https:\/\/site.ac-martinique.fr\/lyc-dumasjeanjoseph\/wp-content\/uploads\/sites\/41\/2023\/11\/IMG_20231117_174225-1-1024x467.jpg 1024w, https:\/\/site.ac-martinique.fr\/lyc-dumasjeanjoseph\/wp-content\/uploads\/sites\/41\/2023\/11\/IMG_20231117_174225-1-300x137.jpg 300w, https:\/\/site.ac-martinique.fr\/lyc-dumasjeanjoseph\/wp-content\/uploads\/sites\/41\/2023\/11\/IMG_20231117_174225-1-768x350.jpg 768w, https:\/\/site.ac-martinique.fr\/lyc-dumasjeanjoseph\/wp-content\/uploads\/sites\/41\/2023\/11\/IMG_20231117_174225-1-1536x700.jpg 1536w, https:\/\/site.ac-martinique.fr\/lyc-dumasjeanjoseph\/wp-content\/uploads\/sites\/41\/2023\/11\/IMG_20231117_174225-1-2048x934.jpg 2048w, https:\/\/site.ac-martinique.fr\/lyc-dumasjeanjoseph\/wp-content\/uploads\/sites\/41\/2023\/11\/IMG_20231117_174225-1-1140x520.jpg 1140w\" sizes=\"auto, (max-width: 1024px) 100vw, 1024px\" \/><\/a><figcaption class=\"wp-element-caption\">Photo: Marc Monthieux<\/figcaption><\/figure>\n\n\n\n<figure class=\"wp-block-image size-large\"><a href=\"https:\/\/site.ac-martinique.fr\/lyc-dumasjeanjoseph\/wp-content\/uploads\/sites\/41\/2023\/11\/IMG_20231117_173357-1-scaled.jpg\"><img loading=\"lazy\" decoding=\"async\" width=\"1024\" height=\"377\" data-id=\"3828\" src=\"https:\/\/site.ac-martinique.fr\/lyc-dumasjeanjoseph\/wp-content\/uploads\/sites\/41\/2023\/11\/IMG_20231117_173357-1-1024x377.jpg\" alt=\"\" class=\"wp-image-3828\" srcset=\"https:\/\/site.ac-martinique.fr\/lyc-dumasjeanjoseph\/wp-content\/uploads\/sites\/41\/2023\/11\/IMG_20231117_173357-1-1024x377.jpg 1024w, https:\/\/site.ac-martinique.fr\/lyc-dumasjeanjoseph\/wp-content\/uploads\/sites\/41\/2023\/11\/IMG_20231117_173357-1-300x110.jpg 300w, https:\/\/site.ac-martinique.fr\/lyc-dumasjeanjoseph\/wp-content\/uploads\/sites\/41\/2023\/11\/IMG_20231117_173357-1-768x282.jpg 768w, https:\/\/site.ac-martinique.fr\/lyc-dumasjeanjoseph\/wp-content\/uploads\/sites\/41\/2023\/11\/IMG_20231117_173357-1-1536x565.jpg 1536w, https:\/\/site.ac-martinique.fr\/lyc-dumasjeanjoseph\/wp-content\/uploads\/sites\/41\/2023\/11\/IMG_20231117_173357-1-2048x753.jpg 2048w, https:\/\/site.ac-martinique.fr\/lyc-dumasjeanjoseph\/wp-content\/uploads\/sites\/41\/2023\/11\/IMG_20231117_173357-1-1140x419.jpg 1140w\" sizes=\"auto, (max-width: 1024px) 100vw, 1024px\" \/><\/a><figcaption class=\"wp-element-caption\">Photo : Marc Monthieux<\/figcaption><\/figure>\n\n\n\n<figure class=\"wp-block-image size-large\"><a href=\"https:\/\/site.ac-martinique.fr\/lyc-dumasjeanjoseph\/wp-content\/uploads\/sites\/41\/2023\/11\/1700266882864-343548.jpg\"><img decoding=\"async\" data-id=\"3831\" src=\"https:\/\/site.ac-martinique.fr\/lyc-dumasjeanjoseph\/wp-content\/uploads\/sites\/41\/2023\/11\/1700266882864-343548-653x1024.jpg\" alt=\"\" class=\"wp-image-3831\"\/><\/a><figcaption class=\"wp-element-caption\">Photo : Sylvie REGINA<\/figcaption><\/figure>\n<\/figure>\n\n<div class=\"twitter-share\"><a href=\"https:\/\/twitter.com\/intent\/tweet?via=lp_djj\" class=\"twitter-share-button\">Tweet<\/a><\/div>\n","protected":false},"excerpt":{"rendered":"<p>Un d\u00e9fil\u00e9 de mode de la fili\u00e8re MMV intitul\u00e9 \u00ab\u00a0Dans les pas de la musique traditionnelle\u00a0\u00bb a \u00e9t\u00e9 organis\u00e9 ce vendredi 17 Novembre en partenariat avec la Transat Jacques Vabre. Orchestr\u00e9 par le directeur artistique M. Roger Volny-Anne en \u00e9troite collaboration avec les responsables du d\u00e9fil\u00e9 Mmes Christelle HENRY et Josette CINNA (co-pilote du projet coop\u00e9ration acad\u00e9mique Transat Jacques Vabre 2023), le d\u00e9fil\u00e9 a pu mettre en lumi\u00e8re les magnifiques r\u00e9alisations de nos \u00e9l\u00e8ves de la fili\u00e8re MMV. Merci aux \u00e9l\u00e8ves et coll\u00e8gues impliqu\u00e9s pour tout ce travail accompli avec brio !<\/p>\n","protected":false},"author":73,"featured_media":3831,"comment_status":"closed","ping_status":"closed","sticky":false,"template":"","format":"standard","meta":{"footnotes":""},"categories":[81,87],"tags":[],"class_list":["post-3825","post","type-post","status-publish","format-standard","has-post-thumbnail","hentry","category-2023-2024","category-mode"],"_links":{"self":[{"href":"https:\/\/site.ac-martinique.fr\/lyc-dumasjeanjoseph\/index.php?rest_route=\/wp\/v2\/posts\/3825","targetHints":{"allow":["GET"]}}],"collection":[{"href":"https:\/\/site.ac-martinique.fr\/lyc-dumasjeanjoseph\/index.php?rest_route=\/wp\/v2\/posts"}],"about":[{"href":"https:\/\/site.ac-martinique.fr\/lyc-dumasjeanjoseph\/index.php?rest_route=\/wp\/v2\/types\/post"}],"author":[{"embeddable":true,"href":"https:\/\/site.ac-martinique.fr\/lyc-dumasjeanjoseph\/index.php?rest_route=\/wp\/v2\/users\/73"}],"replies":[{"embeddable":true,"href":"https:\/\/site.ac-martinique.fr\/lyc-dumasjeanjoseph\/index.php?rest_route=%2Fwp%2Fv2%2Fcomments&post=3825"}],"version-history":[{"count":3,"href":"https:\/\/site.ac-martinique.fr\/lyc-dumasjeanjoseph\/index.php?rest_route=\/wp\/v2\/posts\/3825\/revisions"}],"predecessor-version":[{"id":3846,"href":"https:\/\/site.ac-martinique.fr\/lyc-dumasjeanjoseph\/index.php?rest_route=\/wp\/v2\/posts\/3825\/revisions\/3846"}],"wp:featuredmedia":[{"embeddable":true,"href":"https:\/\/site.ac-martinique.fr\/lyc-dumasjeanjoseph\/index.php?rest_route=\/wp\/v2\/media\/3831"}],"wp:attachment":[{"href":"https:\/\/site.ac-martinique.fr\/lyc-dumasjeanjoseph\/index.php?rest_route=%2Fwp%2Fv2%2Fmedia&parent=3825"}],"wp:term":[{"taxonomy":"category","embeddable":true,"href":"https:\/\/site.ac-martinique.fr\/lyc-dumasjeanjoseph\/index.php?rest_route=%2Fwp%2Fv2%2Fcategories&post=3825"},{"taxonomy":"post_tag","embeddable":true,"href":"https:\/\/site.ac-martinique.fr\/lyc-dumasjeanjoseph\/index.php?rest_route=%2Fwp%2Fv2%2Ftags&post=3825"}],"curies":[{"name":"wp","href":"https:\/\/api.w.org\/{rel}","templated":true}]}}