{"id":4470,"date":"2024-09-02T18:44:45","date_gmt":"2024-09-02T17:44:45","guid":{"rendered":"https:\/\/site.ac-martinique.fr\/lyc-dumasjeanjoseph\/?p=4470"},"modified":"2024-09-02T18:45:33","modified_gmt":"2024-09-02T17:45:33","slug":"precision-rentree-des-secondes-bac-pro-et-des-1ere-annee-de-cap","status":"publish","type":"post","link":"https:\/\/site.ac-martinique.fr\/lyc-dumasjeanjoseph\/?p=4470","title":{"rendered":"PR\u00c9CISION : Rentr\u00e9e des secondes BAC PRO et des 1\u00e8re ann\u00e9e de CAP"},"content":{"rendered":"<div class=\"wp-block-image\">\n<figure class=\"alignleft size-full is-resized\"><a href=\"https:\/\/site.ac-martinique.fr\/lyc-dumasjeanjoseph\/wp-content\/uploads\/sites\/41\/2024\/09\/giphy.gif\"><img loading=\"lazy\" decoding=\"async\" width=\"480\" height=\"480\" src=\"https:\/\/site.ac-martinique.fr\/lyc-dumasjeanjoseph\/wp-content\/uploads\/sites\/41\/2024\/09\/giphy.gif\" alt=\"\" class=\"wp-image-4472\" style=\"width:114px;height:auto\"\/><\/a><\/figure>\n<\/div>\n\n\n<p>La rentr\u00e9e scolaire 2024-2025 des secondes BAC PRO et des 1\u00e8re ann\u00e9e de CAP se d\u00e9roulera en deux temps les 5 ET 6 Septembre 2024. <\/p>\n\n\n\n<p><\/p>\n\n\n\n<p><strong><em>Le 5 Septembre 2024 : <\/em><\/strong><\/p>\n\n\n\n<ul class=\"wp-block-list\">\n<li><strong>Accueil des parents et des \u00e9l\u00e8ves par l\u2019\u00e9quipe<\/strong>,<\/li>\n\n\n\n<li><strong>Remise des emplois du temps<\/strong>,<\/li>\n\n\n\n<li><strong>Point sur le r\u00e8glement int\u00e9rieur<\/strong>,<\/li>\n\n\n\n<li><strong>D\u00e9couverte du lyc\u00e9e sous forme de jeu de pistes<\/strong>.<\/li>\n<\/ul>\n\n\n\n<p><strong><em>Le 6 Septembre 2024 :<\/em><\/strong><\/p>\n\n\n\n<ul class=\"wp-block-list\">\n<li><strong>Ateliers p\u00e9dagogiques et ludiques afin de d\u00e9couvrir sa nouvelle vie de lyc\u00e9en(ne) au sein du LP Dumas Jean-Joseph <em>(Parcours sportif\/ Culture et Patrimoine\/ Atelier Corps et voix \/ Hygi\u00e8ne de vie \/Comment bien pr\u00e9parer sa PFMP etc.)<\/em><\/strong><\/li>\n<\/ul>\n\n<div class=\"twitter-share\"><a href=\"https:\/\/twitter.com\/intent\/tweet?via=lp_djj\" class=\"twitter-share-button\">Tweet<\/a><\/div>\n","protected":false},"excerpt":{"rendered":"<p>La rentr\u00e9e scolaire 2024-2025 des secondes BAC PRO et des 1\u00e8re ann\u00e9e de CAP se d\u00e9roulera en deux temps les 5 ET 6 Septembre 2024. Le 5 Septembre 2024 : Le 6 Septembre 2024 :<\/p>\n","protected":false},"author":73,"featured_media":4474,"comment_status":"closed","ping_status":"closed","sticky":false,"template":"","format":"standard","meta":{"footnotes":""},"categories":[100,95],"tags":[],"class_list":["post-4470","post","type-post","status-publish","format-standard","has-post-thumbnail","hentry","category-2024-2025","category-rentree-scolaire-2024-2025"],"_links":{"self":[{"href":"https:\/\/site.ac-martinique.fr\/lyc-dumasjeanjoseph\/index.php?rest_route=\/wp\/v2\/posts\/4470","targetHints":{"allow":["GET"]}}],"collection":[{"href":"https:\/\/site.ac-martinique.fr\/lyc-dumasjeanjoseph\/index.php?rest_route=\/wp\/v2\/posts"}],"about":[{"href":"https:\/\/site.ac-martinique.fr\/lyc-dumasjeanjoseph\/index.php?rest_route=\/wp\/v2\/types\/post"}],"author":[{"embeddable":true,"href":"https:\/\/site.ac-martinique.fr\/lyc-dumasjeanjoseph\/index.php?rest_route=\/wp\/v2\/users\/73"}],"replies":[{"embeddable":true,"href":"https:\/\/site.ac-martinique.fr\/lyc-dumasjeanjoseph\/index.php?rest_route=%2Fwp%2Fv2%2Fcomments&post=4470"}],"version-history":[{"count":1,"href":"https:\/\/site.ac-martinique.fr\/lyc-dumasjeanjoseph\/index.php?rest_route=\/wp\/v2\/posts\/4470\/revisions"}],"predecessor-version":[{"id":4473,"href":"https:\/\/site.ac-martinique.fr\/lyc-dumasjeanjoseph\/index.php?rest_route=\/wp\/v2\/posts\/4470\/revisions\/4473"}],"wp:featuredmedia":[{"embeddable":true,"href":"https:\/\/site.ac-martinique.fr\/lyc-dumasjeanjoseph\/index.php?rest_route=\/wp\/v2\/media\/4474"}],"wp:attachment":[{"href":"https:\/\/site.ac-martinique.fr\/lyc-dumasjeanjoseph\/index.php?rest_route=%2Fwp%2Fv2%2Fmedia&parent=4470"}],"wp:term":[{"taxonomy":"category","embeddable":true,"href":"https:\/\/site.ac-martinique.fr\/lyc-dumasjeanjoseph\/index.php?rest_route=%2Fwp%2Fv2%2Fcategories&post=4470"},{"taxonomy":"post_tag","embeddable":true,"href":"https:\/\/site.ac-martinique.fr\/lyc-dumasjeanjoseph\/index.php?rest_route=%2Fwp%2Fv2%2Ftags&post=4470"}],"curies":[{"name":"wp","href":"https:\/\/api.w.org\/{rel}","templated":true}]}}