{"id":4565,"date":"2024-10-06T13:58:40","date_gmt":"2024-10-06T12:58:40","guid":{"rendered":"https:\/\/site.ac-martinique.fr\/lyc-dumasjeanjoseph\/?p=4565"},"modified":"2024-10-06T13:58:40","modified_gmt":"2024-10-06T12:58:40","slug":"le-marathon-des-droits-avec-les-bts-sp3s1","status":"publish","type":"post","link":"https:\/\/site.ac-martinique.fr\/lyc-dumasjeanjoseph\/?p=4565","title":{"rendered":"Le marathon des droits avec les BTS SP3S1"},"content":{"rendered":"\n<p>Dans le cadre du lancement de l\u2019op\u00e9ration Territoire Z\u00e9ro Non-Recours, les \u00e9tudiants de 1\u00e8re ann\u00e9e de BTS SP3S, en collaboration avec l\u2019association <strong>Point Service aux Particuliers (PSP)<\/strong>, ont \u00e9t\u00e9 \u00e0 la rencontre des habitants de la commune de Bellefontaine. L\u2019\u00e9v\u00e9nement s\u2019est tenu les 24 et 26 septembre 2024 dans les locaux de la Maison des associations de la ville.<br>Cette manifestation avait pour objectif de permettre aux usagers de conna\u00eetre les aides auxquelles ils ont droit. Durant cette matin\u00e9e, ils ont pu les accompagner dans leurs d\u00e9marches administratives. Ils ont \u00e9galement d\u00e9velopp\u00e9 des relations leur permettant de renforcer leur acc\u00e8s aux droits et aux services, notamment par l\u2019utilisation de techniques et outils de prospection.<br>Le marathon des droits s\u2019est d\u00e9roul\u00e9 en partenariat avec la Pr\u00e9fecture de la Martinique, la CTM, la CAF, la CGSS, Cap Nord, la Mairie de Bellefontaine et l\u2019association PSP. <\/p>\n\n\n\n<p>C\u2019est en ce sens que les \u00e9tudiants ont \u00e9t\u00e9 associ\u00e9s \u00e0 cette action et se sont rendus sur le terrain afin de r\u00e9aliser leurs premi\u00e8res missions professionnelles. Une immersion tr\u00e8s qualitative !<\/p>\n\n\n\n<p><em>(R\u00e9sum\u00e9 de l&rsquo;action r\u00e9alis\u00e9 par les \u00e9tudiants du BTS SP3S 1).<\/em><\/p>\n\n\n\n<figure class=\"wp-block-gallery has-nested-images columns-default is-cropped wp-block-gallery-1 is-layout-flex wp-block-gallery-is-layout-flex\">\n<figure class=\"wp-block-image size-large\"><a href=\"https:\/\/site.ac-martinique.fr\/lyc-dumasjeanjoseph\/wp-content\/uploads\/sites\/41\/2024\/10\/20240924_122822-2-scaled.jpg\"><img loading=\"lazy\" decoding=\"async\" width=\"1024\" height=\"768\" data-id=\"4569\" src=\"https:\/\/site.ac-martinique.fr\/lyc-dumasjeanjoseph\/wp-content\/uploads\/sites\/41\/2024\/10\/20240924_122822-2-1024x768.jpg\" alt=\"\" class=\"wp-image-4569\" srcset=\"https:\/\/site.ac-martinique.fr\/lyc-dumasjeanjoseph\/wp-content\/uploads\/sites\/41\/2024\/10\/20240924_122822-2-1024x768.jpg 1024w, https:\/\/site.ac-martinique.fr\/lyc-dumasjeanjoseph\/wp-content\/uploads\/sites\/41\/2024\/10\/20240924_122822-2-300x225.jpg 300w, https:\/\/site.ac-martinique.fr\/lyc-dumasjeanjoseph\/wp-content\/uploads\/sites\/41\/2024\/10\/20240924_122822-2-768x576.jpg 768w, https:\/\/site.ac-martinique.fr\/lyc-dumasjeanjoseph\/wp-content\/uploads\/sites\/41\/2024\/10\/20240924_122822-2-1536x1152.jpg 1536w, https:\/\/site.ac-martinique.fr\/lyc-dumasjeanjoseph\/wp-content\/uploads\/sites\/41\/2024\/10\/20240924_122822-2-2048x1536.jpg 2048w, https:\/\/site.ac-martinique.fr\/lyc-dumasjeanjoseph\/wp-content\/uploads\/sites\/41\/2024\/10\/20240924_122822-2-1140x855.jpg 1140w\" sizes=\"auto, (max-width: 1024px) 100vw, 1024px\" \/><\/a><\/figure>\n\n\n\n<figure class=\"wp-block-image size-large\"><a href=\"https:\/\/site.ac-martinique.fr\/lyc-dumasjeanjoseph\/wp-content\/uploads\/sites\/41\/2024\/10\/20240924_124050-scaled.jpg\"><img loading=\"lazy\" decoding=\"async\" width=\"1024\" height=\"768\" data-id=\"4568\" src=\"https:\/\/site.ac-martinique.fr\/lyc-dumasjeanjoseph\/wp-content\/uploads\/sites\/41\/2024\/10\/20240924_124050-1024x768.jpg\" alt=\"\" class=\"wp-image-4568\" srcset=\"https:\/\/site.ac-martinique.fr\/lyc-dumasjeanjoseph\/wp-content\/uploads\/sites\/41\/2024\/10\/20240924_124050-1024x768.jpg 1024w, https:\/\/site.ac-martinique.fr\/lyc-dumasjeanjoseph\/wp-content\/uploads\/sites\/41\/2024\/10\/20240924_124050-300x225.jpg 300w, https:\/\/site.ac-martinique.fr\/lyc-dumasjeanjoseph\/wp-content\/uploads\/sites\/41\/2024\/10\/20240924_124050-768x576.jpg 768w, https:\/\/site.ac-martinique.fr\/lyc-dumasjeanjoseph\/wp-content\/uploads\/sites\/41\/2024\/10\/20240924_124050-1536x1152.jpg 1536w, https:\/\/site.ac-martinique.fr\/lyc-dumasjeanjoseph\/wp-content\/uploads\/sites\/41\/2024\/10\/20240924_124050-2048x1536.jpg 2048w, https:\/\/site.ac-martinique.fr\/lyc-dumasjeanjoseph\/wp-content\/uploads\/sites\/41\/2024\/10\/20240924_124050-1140x855.jpg 1140w\" sizes=\"auto, (max-width: 1024px) 100vw, 1024px\" \/><\/a><\/figure>\n\n\n\n<figure class=\"wp-block-image size-large\"><a href=\"https:\/\/site.ac-martinique.fr\/lyc-dumasjeanjoseph\/wp-content\/uploads\/sites\/41\/2024\/10\/IMG-20240927-WA0006.jpg\"><img loading=\"lazy\" decoding=\"async\" width=\"768\" height=\"1024\" data-id=\"4567\" src=\"https:\/\/site.ac-martinique.fr\/lyc-dumasjeanjoseph\/wp-content\/uploads\/sites\/41\/2024\/10\/IMG-20240927-WA0006-768x1024.jpg\" alt=\"\" class=\"wp-image-4567\" srcset=\"https:\/\/site.ac-martinique.fr\/lyc-dumasjeanjoseph\/wp-content\/uploads\/sites\/41\/2024\/10\/IMG-20240927-WA0006-768x1024.jpg 768w, https:\/\/site.ac-martinique.fr\/lyc-dumasjeanjoseph\/wp-content\/uploads\/sites\/41\/2024\/10\/IMG-20240927-WA0006-225x300.jpg 225w, https:\/\/site.ac-martinique.fr\/lyc-dumasjeanjoseph\/wp-content\/uploads\/sites\/41\/2024\/10\/IMG-20240927-WA0006-1152x1536.jpg 1152w, https:\/\/site.ac-martinique.fr\/lyc-dumasjeanjoseph\/wp-content\/uploads\/sites\/41\/2024\/10\/IMG-20240927-WA0006-1140x1520.jpg 1140w, https:\/\/site.ac-martinique.fr\/lyc-dumasjeanjoseph\/wp-content\/uploads\/sites\/41\/2024\/10\/IMG-20240927-WA0006.jpg 1200w\" sizes=\"auto, (max-width: 768px) 100vw, 768px\" \/><\/a><\/figure>\n\n\n\n<figure class=\"wp-block-image size-large\"><a href=\"https:\/\/site.ac-martinique.fr\/lyc-dumasjeanjoseph\/wp-content\/uploads\/sites\/41\/2024\/10\/20240924_114144-1-scaled.jpg\"><img loading=\"lazy\" decoding=\"async\" width=\"768\" height=\"1024\" data-id=\"4572\" src=\"https:\/\/site.ac-martinique.fr\/lyc-dumasjeanjoseph\/wp-content\/uploads\/sites\/41\/2024\/10\/20240924_114144-1-768x1024.jpg\" alt=\"\" class=\"wp-image-4572\" srcset=\"https:\/\/site.ac-martinique.fr\/lyc-dumasjeanjoseph\/wp-content\/uploads\/sites\/41\/2024\/10\/20240924_114144-1-768x1024.jpg 768w, https:\/\/site.ac-martinique.fr\/lyc-dumasjeanjoseph\/wp-content\/uploads\/sites\/41\/2024\/10\/20240924_114144-1-225x300.jpg 225w, https:\/\/site.ac-martinique.fr\/lyc-dumasjeanjoseph\/wp-content\/uploads\/sites\/41\/2024\/10\/20240924_114144-1-1152x1536.jpg 1152w, https:\/\/site.ac-martinique.fr\/lyc-dumasjeanjoseph\/wp-content\/uploads\/sites\/41\/2024\/10\/20240924_114144-1-1536x2048.jpg 1536w, https:\/\/site.ac-martinique.fr\/lyc-dumasjeanjoseph\/wp-content\/uploads\/sites\/41\/2024\/10\/20240924_114144-1-1140x1520.jpg 1140w, https:\/\/site.ac-martinique.fr\/lyc-dumasjeanjoseph\/wp-content\/uploads\/sites\/41\/2024\/10\/20240924_114144-1-scaled.jpg 1920w\" sizes=\"auto, (max-width: 768px) 100vw, 768px\" \/><\/a><\/figure>\n\n\n\n<figure class=\"wp-block-image size-large\"><a href=\"https:\/\/site.ac-martinique.fr\/lyc-dumasjeanjoseph\/wp-content\/uploads\/sites\/41\/2024\/10\/AFFICHE-COM-MARATHON-DES-DROITS-VINI-KONET-DWA-1.png\"><img loading=\"lazy\" decoding=\"async\" width=\"724\" height=\"1024\" data-id=\"4571\" src=\"https:\/\/site.ac-martinique.fr\/lyc-dumasjeanjoseph\/wp-content\/uploads\/sites\/41\/2024\/10\/AFFICHE-COM-MARATHON-DES-DROITS-VINI-KONET-DWA-1-724x1024.png\" alt=\"\" class=\"wp-image-4571\" srcset=\"https:\/\/site.ac-martinique.fr\/lyc-dumasjeanjoseph\/wp-content\/uploads\/sites\/41\/2024\/10\/AFFICHE-COM-MARATHON-DES-DROITS-VINI-KONET-DWA-1-724x1024.png 724w, https:\/\/site.ac-martinique.fr\/lyc-dumasjeanjoseph\/wp-content\/uploads\/sites\/41\/2024\/10\/AFFICHE-COM-MARATHON-DES-DROITS-VINI-KONET-DWA-1-212x300.png 212w, https:\/\/site.ac-martinique.fr\/lyc-dumasjeanjoseph\/wp-content\/uploads\/sites\/41\/2024\/10\/AFFICHE-COM-MARATHON-DES-DROITS-VINI-KONET-DWA-1-768x1086.png 768w, https:\/\/site.ac-martinique.fr\/lyc-dumasjeanjoseph\/wp-content\/uploads\/sites\/41\/2024\/10\/AFFICHE-COM-MARATHON-DES-DROITS-VINI-KONET-DWA-1-1086x1536.png 1086w, https:\/\/site.ac-martinique.fr\/lyc-dumasjeanjoseph\/wp-content\/uploads\/sites\/41\/2024\/10\/AFFICHE-COM-MARATHON-DES-DROITS-VINI-KONET-DWA-1-1140x1612.png 1140w, https:\/\/site.ac-martinique.fr\/lyc-dumasjeanjoseph\/wp-content\/uploads\/sites\/41\/2024\/10\/AFFICHE-COM-MARATHON-DES-DROITS-VINI-KONET-DWA-1.png 1414w\" sizes=\"auto, (max-width: 724px) 100vw, 724px\" \/><\/a><\/figure>\n<\/figure>\n\n<div class=\"twitter-share\"><a href=\"https:\/\/twitter.com\/intent\/tweet?via=lp_djj\" class=\"twitter-share-button\">Tweet<\/a><\/div>\n","protected":false},"excerpt":{"rendered":"<p>Dans le cadre du lancement de l\u2019op\u00e9ration Territoire Z\u00e9ro Non-Recours, les \u00e9tudiants de 1\u00e8re ann\u00e9e de BTS SP3S, en collaboration avec l\u2019association Point Service aux Particuliers (PSP), ont \u00e9t\u00e9 \u00e0 la rencontre des habitants de la commune de Bellefontaine. L\u2019\u00e9v\u00e9nement s\u2019est tenu les 24 et 26 septembre 2024 dans les locaux de la Maison des associations de la ville.Cette manifestation avait pour objectif de permettre aux usagers de conna\u00eetre les aides auxquelles ils ont droit. Durant cette matin\u00e9e, ils ont pu les accompagner dans leurs d\u00e9marches administratives. Ils ont \u00e9galement d\u00e9velopp\u00e9 des relations leur permettant de renforcer leur acc\u00e8s aux droits et aux services, notamment par l\u2019utilisation de techniques et outils de prospection.Le marathon des droits s\u2019est d\u00e9roul\u00e9 en partenariat avec la Pr\u00e9fecture de la Martinique, la CTM, la CAF, la CGSS, Cap Nord, la Mairie de Bellefontaine et l\u2019association PSP. C\u2019est en ce sens que les \u00e9tudiants ont \u00e9t\u00e9 associ\u00e9s \u00e0 cette action et se sont rendus sur le terrain afin de r\u00e9aliser leurs premi\u00e8res missions professionnelles. Une immersion tr\u00e8s qualitative ! (R\u00e9sum\u00e9 de l&rsquo;action r\u00e9alis\u00e9 par les \u00e9tudiants du BTS SP3S 1).<\/p>\n","protected":false},"author":73,"featured_media":4566,"comment_status":"closed","ping_status":"closed","sticky":false,"template":"","format":"standard","meta":{"footnotes":""},"categories":[100,7,92],"tags":[],"class_list":["post-4565","post","type-post","status-publish","format-standard","has-post-thumbnail","hentry","category-2024-2025","category-b-t-s","category-sp3s"],"_links":{"self":[{"href":"https:\/\/site.ac-martinique.fr\/lyc-dumasjeanjoseph\/index.php?rest_route=\/wp\/v2\/posts\/4565","targetHints":{"allow":["GET"]}}],"collection":[{"href":"https:\/\/site.ac-martinique.fr\/lyc-dumasjeanjoseph\/index.php?rest_route=\/wp\/v2\/posts"}],"about":[{"href":"https:\/\/site.ac-martinique.fr\/lyc-dumasjeanjoseph\/index.php?rest_route=\/wp\/v2\/types\/post"}],"author":[{"embeddable":true,"href":"https:\/\/site.ac-martinique.fr\/lyc-dumasjeanjoseph\/index.php?rest_route=\/wp\/v2\/users\/73"}],"replies":[{"embeddable":true,"href":"https:\/\/site.ac-martinique.fr\/lyc-dumasjeanjoseph\/index.php?rest_route=%2Fwp%2Fv2%2Fcomments&post=4565"}],"version-history":[{"count":1,"href":"https:\/\/site.ac-martinique.fr\/lyc-dumasjeanjoseph\/index.php?rest_route=\/wp\/v2\/posts\/4565\/revisions"}],"predecessor-version":[{"id":4573,"href":"https:\/\/site.ac-martinique.fr\/lyc-dumasjeanjoseph\/index.php?rest_route=\/wp\/v2\/posts\/4565\/revisions\/4573"}],"wp:featuredmedia":[{"embeddable":true,"href":"https:\/\/site.ac-martinique.fr\/lyc-dumasjeanjoseph\/index.php?rest_route=\/wp\/v2\/media\/4566"}],"wp:attachment":[{"href":"https:\/\/site.ac-martinique.fr\/lyc-dumasjeanjoseph\/index.php?rest_route=%2Fwp%2Fv2%2Fmedia&parent=4565"}],"wp:term":[{"taxonomy":"category","embeddable":true,"href":"https:\/\/site.ac-martinique.fr\/lyc-dumasjeanjoseph\/index.php?rest_route=%2Fwp%2Fv2%2Fcategories&post=4565"},{"taxonomy":"post_tag","embeddable":true,"href":"https:\/\/site.ac-martinique.fr\/lyc-dumasjeanjoseph\/index.php?rest_route=%2Fwp%2Fv2%2Ftags&post=4565"}],"curies":[{"name":"wp","href":"https:\/\/api.w.org\/{rel}","templated":true}]}}