{"id":4900,"date":"2025-08-26T16:10:27","date_gmt":"2025-08-26T15:10:27","guid":{"rendered":"https:\/\/site.ac-martinique.fr\/lyc-dumasjeanjoseph\/?p=4900"},"modified":"2025-08-26T16:51:08","modified_gmt":"2025-08-26T15:51:08","slug":"calendrier-de-la-rentree-scolaire-2025-2026","status":"publish","type":"post","link":"https:\/\/site.ac-martinique.fr\/lyc-dumasjeanjoseph\/?p=4900","title":{"rendered":"Calendrier de la rentr\u00e9e scolaire 2025\/2026"},"content":{"rendered":"\n<p>Rentr\u00e9es \u00e9chelonn\u00e9es des \u00e9l\u00e8ves du LP Dumas JEAN-JOSEPH :<\/p>\n\n\n\n<figure class=\"wp-block-table\"><table class=\"has-fixed-layout\"><tbody><tr><td><strong>DATE<\/strong><\/td><td><strong>HORAIRE<\/strong><\/td><td><strong>CLASSES CONCERN\u00c9ES<\/strong><\/td><\/tr><tr><td>Vendredi 29 ao\u00fbt 2025 \u00a0<\/td><td>7h30<\/td><td>Rentr\u00e9e des personnels<\/td><\/tr><tr><td>Lundi 1er septembre 2025<\/td><td>8h30-12h30<\/td><td>Tous les \u00e9l\u00e8ves de 1\u00e8re bac pro (2\u00e8me ann\u00e9e de lyc\u00e9e)<\/td><\/tr><tr><td>Mardi 2 septembre 2025<\/td><td>8h30-12h30<\/td><td>Tous les \u00e9l\u00e8ves de Terminale bac pro et de 2\u00e8me ann\u00e9e de CAP<\/td><\/tr><tr><td>Mercredi 3 septembre 2025 &nbsp;<\/td><td>8h30-11h30<\/td><td>Tous les \u00e9tudiants de BTS &#8211; 1\u00e8re et 2\u00e8me ann\u00e9e<\/td><\/tr><tr><td>Jeudi 4 septembre 2025 &nbsp;<\/td><td>8h00-12h00<\/td><td><strong><u>Tous les \u00e9l\u00e8ves<\/u><\/strong>&nbsp;de 2nde bac pro et de 1\u00e8re ann\u00e9e de CAP<\/td><\/tr><tr><td>Vendredi 5 septembre 2025 &nbsp;<\/td><td>8h00-12h00<\/td><td><strong><u>Tous les \u00e9l\u00e8ves<\/u><\/strong>&nbsp;de 2nde bac pro et de 1\u00e8re ann\u00e9e de CAP<\/td><\/tr><tr><td>Lundi 8 septembre 2025<\/td><td colspan=\"2\">Rentr\u00e9e g\u00e9n\u00e9rale conform\u00e9ment aux emplois du temps de chacun.<\/td><\/tr><\/tbody><\/table><\/figure>\n\n\n\n<h2 class=\"wp-block-heading\"><strong><u><mark style=\"background-color:rgba(0, 0, 0, 0)\" class=\"has-inline-color has-vivid-red-color\">Les \u00e9l\u00e8ves et \u00e9tudiants(es) du Lyc\u00e9e Dumas JEAN-JOSEPH seront accueillis aux jours et heures communiqu\u00e9s en&nbsp;<strong>UNIFORME r\u00e9glementaire.<\/strong><\/mark><\/u><\/strong><\/h2>\n\n\n\n<p><\/p>\n\n<div class=\"twitter-share\"><a href=\"https:\/\/twitter.com\/intent\/tweet?via=lp_djj\" class=\"twitter-share-button\">Tweet<\/a><\/div>\n","protected":false},"excerpt":{"rendered":"<p>Rentr\u00e9es \u00e9chelonn\u00e9es des \u00e9l\u00e8ves du LP Dumas JEAN-JOSEPH : DATE HORAIRE CLASSES CONCERN\u00c9ES Vendredi 29 ao\u00fbt 2025 \u00a0 7h30 Rentr\u00e9e des personnels Lundi 1er septembre 2025 8h30-12h30 Tous les \u00e9l\u00e8ves de 1\u00e8re bac pro (2\u00e8me ann\u00e9e de lyc\u00e9e) Mardi 2 septembre 2025 8h30-12h30 Tous les \u00e9l\u00e8ves de Terminale bac pro et de 2\u00e8me ann\u00e9e de CAP Mercredi 3 septembre 2025 &nbsp; 8h30-11h30 Tous les \u00e9tudiants de BTS &#8211; 1\u00e8re et 2\u00e8me ann\u00e9e Jeudi 4 septembre 2025 &nbsp; 8h00-12h00 Tous les \u00e9l\u00e8ves&nbsp;de 2nde bac pro et de 1\u00e8re ann\u00e9e de CAP Vendredi 5 septembre 2025 &nbsp; 8h00-12h00 Tous les \u00e9l\u00e8ves&nbsp;de 2nde bac pro et de 1\u00e8re ann\u00e9e de CAP Lundi 8 septembre 2025 Rentr\u00e9e g\u00e9n\u00e9rale conform\u00e9ment aux emplois du temps de chacun. Les \u00e9l\u00e8ves et \u00e9tudiants(es) du Lyc\u00e9e Dumas JEAN-JOSEPH seront accueillis aux jours et heures communiqu\u00e9s en&nbsp;UNIFORME r\u00e9glementaire.<\/p>\n","protected":false},"author":73,"featured_media":4901,"comment_status":"closed","ping_status":"closed","sticky":false,"template":"","format":"standard","meta":{"footnotes":""},"categories":[107,108],"tags":[],"class_list":["post-4900","post","type-post","status-publish","format-standard","has-post-thumbnail","hentry","category-2025-2026","category-rentree-scolaire"],"_links":{"self":[{"href":"https:\/\/site.ac-martinique.fr\/lyc-dumasjeanjoseph\/index.php?rest_route=\/wp\/v2\/posts\/4900","targetHints":{"allow":["GET"]}}],"collection":[{"href":"https:\/\/site.ac-martinique.fr\/lyc-dumasjeanjoseph\/index.php?rest_route=\/wp\/v2\/posts"}],"about":[{"href":"https:\/\/site.ac-martinique.fr\/lyc-dumasjeanjoseph\/index.php?rest_route=\/wp\/v2\/types\/post"}],"author":[{"embeddable":true,"href":"https:\/\/site.ac-martinique.fr\/lyc-dumasjeanjoseph\/index.php?rest_route=\/wp\/v2\/users\/73"}],"replies":[{"embeddable":true,"href":"https:\/\/site.ac-martinique.fr\/lyc-dumasjeanjoseph\/index.php?rest_route=%2Fwp%2Fv2%2Fcomments&post=4900"}],"version-history":[{"count":2,"href":"https:\/\/site.ac-martinique.fr\/lyc-dumasjeanjoseph\/index.php?rest_route=\/wp\/v2\/posts\/4900\/revisions"}],"predecessor-version":[{"id":4903,"href":"https:\/\/site.ac-martinique.fr\/lyc-dumasjeanjoseph\/index.php?rest_route=\/wp\/v2\/posts\/4900\/revisions\/4903"}],"wp:featuredmedia":[{"embeddable":true,"href":"https:\/\/site.ac-martinique.fr\/lyc-dumasjeanjoseph\/index.php?rest_route=\/wp\/v2\/media\/4901"}],"wp:attachment":[{"href":"https:\/\/site.ac-martinique.fr\/lyc-dumasjeanjoseph\/index.php?rest_route=%2Fwp%2Fv2%2Fmedia&parent=4900"}],"wp:term":[{"taxonomy":"category","embeddable":true,"href":"https:\/\/site.ac-martinique.fr\/lyc-dumasjeanjoseph\/index.php?rest_route=%2Fwp%2Fv2%2Fcategories&post=4900"},{"taxonomy":"post_tag","embeddable":true,"href":"https:\/\/site.ac-martinique.fr\/lyc-dumasjeanjoseph\/index.php?rest_route=%2Fwp%2Fv2%2Ftags&post=4900"}],"curies":[{"name":"wp","href":"https:\/\/api.w.org\/{rel}","templated":true}]}}