{"id":5155,"date":"2025-11-27T15:57:44","date_gmt":"2025-11-27T14:57:44","guid":{"rendered":"https:\/\/site.ac-martinique.fr\/lyc-dumasjeanjoseph\/?p=5155"},"modified":"2025-12-07T23:55:33","modified_gmt":"2025-12-07T22:55:33","slug":"le-noel-solidaire-du-lp-dumas-jean-joseph","status":"publish","type":"post","link":"https:\/\/site.ac-martinique.fr\/lyc-dumasjeanjoseph\/?p=5155","title":{"rendered":"Le No\u00ebl Solidaire du LP Dumas Jean-Joseph"},"content":{"rendered":"<figure class=\"wp-block-post-featured-image\"><img loading=\"lazy\" decoding=\"async\" width=\"1125\" height=\"1500\" src=\"https:\/\/site.ac-martinique.fr\/lyc-dumasjeanjoseph\/wp-content\/uploads\/sites\/41\/2025\/11\/cartesdenoelWhatsApp-Image-2025-11-26-at-14.36.36.jpeg\" class=\"attachment-post-thumbnail size-post-thumbnail wp-post-image\" alt=\"\" style=\"object-fit:cover;\" srcset=\"https:\/\/site.ac-martinique.fr\/lyc-dumasjeanjoseph\/wp-content\/uploads\/sites\/41\/2025\/11\/cartesdenoelWhatsApp-Image-2025-11-26-at-14.36.36.jpeg 1125w, https:\/\/site.ac-martinique.fr\/lyc-dumasjeanjoseph\/wp-content\/uploads\/sites\/41\/2025\/11\/cartesdenoelWhatsApp-Image-2025-11-26-at-14.36.36-225x300.jpeg 225w, https:\/\/site.ac-martinique.fr\/lyc-dumasjeanjoseph\/wp-content\/uploads\/sites\/41\/2025\/11\/cartesdenoelWhatsApp-Image-2025-11-26-at-14.36.36-768x1024.jpeg 768w\" sizes=\"auto, (max-width: 1125px) 100vw, 1125px\" \/><\/figure>\n\n\n<p><\/p>\n\n\n\n<p>22 cartes de No\u00ebl ont \u00e9t\u00e9 r\u00e9alis\u00e9es par les \u00e9l\u00e8ves de 2nd ASSP pour les personnes \u00e2g\u00e9es et les personnes en situation de handicap, afin de leur souhaiter de bonnes f\u00eates de fin d&rsquo;ann\u00e9e. Ces cartes leur seront remises lors de la f\u00eate de No\u00ebl pr\u00e9vue par la structure \u00ab\u00a0COLOC GRAN MOUN\u00a0\u00bb. Une tr\u00e8s belle initiative sous la houlette de Madame MARIE-SAINTE.<\/p>\n\n<div class=\"twitter-share\"><a href=\"https:\/\/twitter.com\/intent\/tweet?via=lp_djj\" class=\"twitter-share-button\">Tweet<\/a><\/div>\n","protected":false},"excerpt":{"rendered":"<p>22 cartes de No\u00ebl ont \u00e9t\u00e9 r\u00e9alis\u00e9es par les \u00e9l\u00e8ves de 2nd ASSP pour les personnes \u00e2g\u00e9es et les personnes en situation de handicap, afin de leur souhaiter de bonnes f\u00eates de fin d&rsquo;ann\u00e9e. Ces cartes leur seront remises lors de la f\u00eate de No\u00ebl pr\u00e9vue par la structure \u00ab\u00a0COLOC GRAN MOUN\u00a0\u00bb. Une tr\u00e8s belle initiative sous la houlette de Madame MARIE-SAINTE.<\/p>\n","protected":false},"author":7,"featured_media":5156,"comment_status":"closed","ping_status":"closed","sticky":false,"template":"","format":"standard","meta":{"footnotes":""},"categories":[1],"tags":[],"class_list":["post-5155","post","type-post","status-publish","format-standard","has-post-thumbnail","hentry","category-non-classe"],"_links":{"self":[{"href":"https:\/\/site.ac-martinique.fr\/lyc-dumasjeanjoseph\/index.php?rest_route=\/wp\/v2\/posts\/5155","targetHints":{"allow":["GET"]}}],"collection":[{"href":"https:\/\/site.ac-martinique.fr\/lyc-dumasjeanjoseph\/index.php?rest_route=\/wp\/v2\/posts"}],"about":[{"href":"https:\/\/site.ac-martinique.fr\/lyc-dumasjeanjoseph\/index.php?rest_route=\/wp\/v2\/types\/post"}],"author":[{"embeddable":true,"href":"https:\/\/site.ac-martinique.fr\/lyc-dumasjeanjoseph\/index.php?rest_route=\/wp\/v2\/users\/7"}],"replies":[{"embeddable":true,"href":"https:\/\/site.ac-martinique.fr\/lyc-dumasjeanjoseph\/index.php?rest_route=%2Fwp%2Fv2%2Fcomments&post=5155"}],"version-history":[{"count":3,"href":"https:\/\/site.ac-martinique.fr\/lyc-dumasjeanjoseph\/index.php?rest_route=\/wp\/v2\/posts\/5155\/revisions"}],"predecessor-version":[{"id":5236,"href":"https:\/\/site.ac-martinique.fr\/lyc-dumasjeanjoseph\/index.php?rest_route=\/wp\/v2\/posts\/5155\/revisions\/5236"}],"wp:featuredmedia":[{"embeddable":true,"href":"https:\/\/site.ac-martinique.fr\/lyc-dumasjeanjoseph\/index.php?rest_route=\/wp\/v2\/media\/5156"}],"wp:attachment":[{"href":"https:\/\/site.ac-martinique.fr\/lyc-dumasjeanjoseph\/index.php?rest_route=%2Fwp%2Fv2%2Fmedia&parent=5155"}],"wp:term":[{"taxonomy":"category","embeddable":true,"href":"https:\/\/site.ac-martinique.fr\/lyc-dumasjeanjoseph\/index.php?rest_route=%2Fwp%2Fv2%2Fcategories&post=5155"},{"taxonomy":"post_tag","embeddable":true,"href":"https:\/\/site.ac-martinique.fr\/lyc-dumasjeanjoseph\/index.php?rest_route=%2Fwp%2Fv2%2Ftags&post=5155"}],"curies":[{"name":"wp","href":"https:\/\/api.w.org\/{rel}","templated":true}]}}