{"id":5321,"date":"2026-01-26T02:22:16","date_gmt":"2026-01-26T01:22:16","guid":{"rendered":"https:\/\/site.ac-martinique.fr\/lyc-dumasjeanjoseph\/?p=5321"},"modified":"2026-01-26T02:22:17","modified_gmt":"2026-01-26T01:22:17","slug":"une-ancienne-eleve-temoigne","status":"publish","type":"post","link":"https:\/\/site.ac-martinique.fr\/lyc-dumasjeanjoseph\/?p=5321","title":{"rendered":"Une ancienne \u00e9l\u00e8ve t\u00e9moigne"},"content":{"rendered":"<figure class=\"wp-block-post-featured-image\"><img loading=\"lazy\" decoding=\"async\" width=\"431\" height=\"575\" src=\"https:\/\/site.ac-martinique.fr\/lyc-dumasjeanjoseph\/wp-content\/uploads\/sites\/41\/2026\/01\/cimia-temoignage.jpg\" class=\"attachment-post-thumbnail size-post-thumbnail wp-post-image\" alt=\"\" style=\"object-fit:cover;\" srcset=\"https:\/\/site.ac-martinique.fr\/lyc-dumasjeanjoseph\/wp-content\/uploads\/sites\/41\/2026\/01\/cimia-temoignage.jpg 431w, https:\/\/site.ac-martinique.fr\/lyc-dumasjeanjoseph\/wp-content\/uploads\/sites\/41\/2026\/01\/cimia-temoignage-225x300.jpg 225w\" sizes=\"auto, (max-width: 431px) 100vw, 431px\" \/><\/figure>\n\n\n<p>Actuellement en IFSSI (Institut de Formation en Soins Infirmiers) pour devenir infirmi\u00e8re, Wendie CIMIA, une ancienne \u00e9l\u00e8ve du LP Dumas Jean-Joseph, est venue t\u00e9moigner avec passion, sur sa formation d\u2019infirmi\u00e8re, les examens et les stages, aupr\u00e8s des \u00e9l\u00e8ves de TASSP1, accompagn\u00e9es de Mme MARIE-SAINTE et leur a donn\u00e9 des conseils pour le PARCOURSUP.<\/p>\n\n\n\n<p>Un \u00e9change qui a int\u00e9ress\u00e9 les \u00e9l\u00e8ves dont la majorit\u00e9 envisage de devenir \u00ab infirmier \u00bb.<\/p>\n\n\n\n<p>Merci \u00e0 Wendie pour ce beau t\u00e9moignage. Elle a re\u00e7u plein d&rsquo;encouragements pour sa r\u00e9ussite dans son parcours professionnel.<\/p>\n\n<div class=\"twitter-share\"><a href=\"https:\/\/twitter.com\/intent\/tweet?via=lp_djj\" class=\"twitter-share-button\">Tweet<\/a><\/div>\n","protected":false},"excerpt":{"rendered":"<p>Actuellement en IFSSI (Institut de Formation en Soins Infirmiers) pour devenir infirmi\u00e8re, Wendie CIMIA, une ancienne \u00e9l\u00e8ve du LP Dumas Jean-Joseph, est venue t\u00e9moigner avec passion, sur sa formation d\u2019infirmi\u00e8re, les examens et les stages, aupr\u00e8s des \u00e9l\u00e8ves de TASSP1, accompagn\u00e9es de Mme MARIE-SAINTE et leur a donn\u00e9 des conseils pour le PARCOURSUP. Un \u00e9change qui a int\u00e9ress\u00e9 les \u00e9l\u00e8ves dont la majorit\u00e9 envisage de devenir \u00ab infirmier \u00bb. Merci \u00e0 Wendie pour ce beau t\u00e9moignage. Elle a re\u00e7u plein d&rsquo;encouragements pour sa r\u00e9ussite dans son parcours professionnel.<\/p>\n","protected":false},"author":7,"featured_media":5322,"comment_status":"closed","ping_status":"closed","sticky":false,"template":"","format":"standard","meta":{"footnotes":""},"categories":[1],"tags":[],"class_list":["post-5321","post","type-post","status-publish","format-standard","has-post-thumbnail","hentry","category-non-classe"],"_links":{"self":[{"href":"https:\/\/site.ac-martinique.fr\/lyc-dumasjeanjoseph\/index.php?rest_route=\/wp\/v2\/posts\/5321","targetHints":{"allow":["GET"]}}],"collection":[{"href":"https:\/\/site.ac-martinique.fr\/lyc-dumasjeanjoseph\/index.php?rest_route=\/wp\/v2\/posts"}],"about":[{"href":"https:\/\/site.ac-martinique.fr\/lyc-dumasjeanjoseph\/index.php?rest_route=\/wp\/v2\/types\/post"}],"author":[{"embeddable":true,"href":"https:\/\/site.ac-martinique.fr\/lyc-dumasjeanjoseph\/index.php?rest_route=\/wp\/v2\/users\/7"}],"replies":[{"embeddable":true,"href":"https:\/\/site.ac-martinique.fr\/lyc-dumasjeanjoseph\/index.php?rest_route=%2Fwp%2Fv2%2Fcomments&post=5321"}],"version-history":[{"count":1,"href":"https:\/\/site.ac-martinique.fr\/lyc-dumasjeanjoseph\/index.php?rest_route=\/wp\/v2\/posts\/5321\/revisions"}],"predecessor-version":[{"id":5323,"href":"https:\/\/site.ac-martinique.fr\/lyc-dumasjeanjoseph\/index.php?rest_route=\/wp\/v2\/posts\/5321\/revisions\/5323"}],"wp:featuredmedia":[{"embeddable":true,"href":"https:\/\/site.ac-martinique.fr\/lyc-dumasjeanjoseph\/index.php?rest_route=\/wp\/v2\/media\/5322"}],"wp:attachment":[{"href":"https:\/\/site.ac-martinique.fr\/lyc-dumasjeanjoseph\/index.php?rest_route=%2Fwp%2Fv2%2Fmedia&parent=5321"}],"wp:term":[{"taxonomy":"category","embeddable":true,"href":"https:\/\/site.ac-martinique.fr\/lyc-dumasjeanjoseph\/index.php?rest_route=%2Fwp%2Fv2%2Fcategories&post=5321"},{"taxonomy":"post_tag","embeddable":true,"href":"https:\/\/site.ac-martinique.fr\/lyc-dumasjeanjoseph\/index.php?rest_route=%2Fwp%2Fv2%2Ftags&post=5321"}],"curies":[{"name":"wp","href":"https:\/\/api.w.org\/{rel}","templated":true}]}}