{"id":5324,"date":"2026-01-26T18:47:48","date_gmt":"2026-01-26T17:47:48","guid":{"rendered":"https:\/\/site.ac-martinique.fr\/lyc-dumasjeanjoseph\/?p=5324"},"modified":"2026-01-26T18:47:50","modified_gmt":"2026-01-26T17:47:50","slug":"carnaval-au-lp-dumas-jean-joseph","status":"publish","type":"post","link":"https:\/\/site.ac-martinique.fr\/lyc-dumasjeanjoseph\/?p=5324","title":{"rendered":"Carnaval au LP Dumas Jean-Joseph"},"content":{"rendered":"<figure class=\"wp-block-post-featured-image\"><img loading=\"lazy\" decoding=\"async\" width=\"1414\" height=\"2000\" src=\"https:\/\/site.ac-martinique.fr\/lyc-dumasjeanjoseph\/wp-content\/uploads\/sites\/41\/2026\/01\/4.png\" class=\"attachment-post-thumbnail size-post-thumbnail wp-post-image\" alt=\"\" style=\"object-fit:cover;\" srcset=\"https:\/\/site.ac-martinique.fr\/lyc-dumasjeanjoseph\/wp-content\/uploads\/sites\/41\/2026\/01\/4.png 1414w, https:\/\/site.ac-martinique.fr\/lyc-dumasjeanjoseph\/wp-content\/uploads\/sites\/41\/2026\/01\/4-212x300.png 212w, https:\/\/site.ac-martinique.fr\/lyc-dumasjeanjoseph\/wp-content\/uploads\/sites\/41\/2026\/01\/4-724x1024.png 724w, https:\/\/site.ac-martinique.fr\/lyc-dumasjeanjoseph\/wp-content\/uploads\/sites\/41\/2026\/01\/4-768x1086.png 768w, https:\/\/site.ac-martinique.fr\/lyc-dumasjeanjoseph\/wp-content\/uploads\/sites\/41\/2026\/01\/4-1086x1536.png 1086w, https:\/\/site.ac-martinique.fr\/lyc-dumasjeanjoseph\/wp-content\/uploads\/sites\/41\/2026\/01\/4-1140x1612.png 1140w\" sizes=\"auto, (max-width: 1414px) 100vw, 1414px\" \/><\/figure>\n\n\n<figure class=\"wp-block-image size-large\"><a href=\"https:\/\/site.ac-martinique.fr\/lyc-dumasjeanjoseph\/wp-content\/uploads\/sites\/41\/2026\/01\/affiches-interdit-.jpg\"><img loading=\"lazy\" decoding=\"async\" width=\"724\" height=\"1024\" src=\"https:\/\/site.ac-martinique.fr\/lyc-dumasjeanjoseph\/wp-content\/uploads\/sites\/41\/2026\/01\/affiches-interdit--724x1024.jpg\" alt=\"\" class=\"wp-image-5326\" srcset=\"https:\/\/site.ac-martinique.fr\/lyc-dumasjeanjoseph\/wp-content\/uploads\/sites\/41\/2026\/01\/affiches-interdit--724x1024.jpg 724w, https:\/\/site.ac-martinique.fr\/lyc-dumasjeanjoseph\/wp-content\/uploads\/sites\/41\/2026\/01\/affiches-interdit--212x300.jpg 212w, https:\/\/site.ac-martinique.fr\/lyc-dumasjeanjoseph\/wp-content\/uploads\/sites\/41\/2026\/01\/affiches-interdit--768x1086.jpg 768w, https:\/\/site.ac-martinique.fr\/lyc-dumasjeanjoseph\/wp-content\/uploads\/sites\/41\/2026\/01\/affiches-interdit--1086x1536.jpg 1086w, https:\/\/site.ac-martinique.fr\/lyc-dumasjeanjoseph\/wp-content\/uploads\/sites\/41\/2026\/01\/affiches-interdit--1140x1612.jpg 1140w, https:\/\/site.ac-martinique.fr\/lyc-dumasjeanjoseph\/wp-content\/uploads\/sites\/41\/2026\/01\/affiches-interdit-.jpg 1414w\" sizes=\"auto, (max-width: 724px) 100vw, 724px\" \/><\/a><\/figure>\n\n\n\n<p><img decoding=\"async\" alt=\"&#x1f389;\" src=\"https:\/\/fonts.gstatic.com\/s\/e\/notoemoji\/16.0\/1f389\/72.png\"> Le Carnaval s\u2019invite au lyc\u00e9e ! <img decoding=\"async\" alt=\"&#x1f389;\" src=\"https:\/\/fonts.gstatic.com\/s\/e\/notoemoji\/16.0\/1f389\/72.png\"><\/p>\n\n\n\n<p>Du 4 au 6 f\u00e9vrier, le CVL du lyc\u00e9e professionnel Jean-Joseph Dumas te donne rendez-vous pour 3 jours, 3 th\u00e8mes, entre culture, cr\u00e9ativit\u00e9 et pr\u00e9vention <img decoding=\"async\" alt=\"&#x1f483;&#x1f3fd;\" src=\"https:\/\/fonts.gstatic.com\/s\/e\/notoemoji\/16.0\/1f483_1f3fd\/72.png\"><img decoding=\"async\" alt=\"&#x1f57a;&#x1f3fe;\" src=\"https:\/\/fonts.gstatic.com\/s\/e\/notoemoji\/16.0\/1f57a_1f3fe\/72.png\"><\/p>\n\n\n\n<p><img decoding=\"async\" alt=\"&#x1f454;\" src=\"https:\/\/fonts.gstatic.com\/s\/e\/notoemoji\/16.0\/1f454\/72.png\"> Mercredi 4\/02 : Journ\u00e9e des m\u00e9tiers<\/p>\n\n\n\n<p><img decoding=\"async\" alt=\"&#x1f5a4;\" src=\"https:\/\/fonts.gstatic.com\/s\/e\/notoemoji\/16.0\/1f5a4\/72.png\"><img decoding=\"async\" alt=\"&#x2764;&#xfe0f;\" src=\"https:\/\/fonts.gstatic.com\/s\/e\/notoemoji\/16.0\/2764_fe0f\/72.png\"> Jeudi 5\/02 : Rouge &amp; Noir&nbsp;<\/p>\n\n\n\n<p><img decoding=\"async\" alt=\"&#x1f308;\" src=\"https:\/\/fonts.gstatic.com\/s\/e\/notoemoji\/16.0\/1f308\/72.png\"> Vendredi 6\/02 : Journ\u00e9e multicolore<\/p>\n\n\n\n<p>Viens participer dans le respect du r\u00e8glement int\u00e9rieur et partage l\u2019esprit carnaval au lyc\u00e9e !<\/p>\n\n<div class=\"twitter-share\"><a href=\"https:\/\/twitter.com\/intent\/tweet?via=lp_djj\" class=\"twitter-share-button\">Tweet<\/a><\/div>\n","protected":false},"excerpt":{"rendered":"<p>Le Carnaval s\u2019invite au lyc\u00e9e ! Du 4 au 6 f\u00e9vrier, le CVL du lyc\u00e9e professionnel Jean-Joseph Dumas te donne rendez-vous pour 3 jours, 3 th\u00e8mes, entre culture, cr\u00e9ativit\u00e9 et pr\u00e9vention Mercredi 4\/02 : Journ\u00e9e des m\u00e9tiers Jeudi 5\/02 : Rouge &amp; Noir&nbsp; Vendredi 6\/02 : Journ\u00e9e multicolore Viens participer dans le respect du r\u00e8glement int\u00e9rieur et partage l\u2019esprit carnaval au lyc\u00e9e !<\/p>\n","protected":false},"author":7,"featured_media":5325,"comment_status":"closed","ping_status":"closed","sticky":false,"template":"","format":"standard","meta":{"footnotes":""},"categories":[1],"tags":[],"class_list":["post-5324","post","type-post","status-publish","format-standard","has-post-thumbnail","hentry","category-non-classe"],"_links":{"self":[{"href":"https:\/\/site.ac-martinique.fr\/lyc-dumasjeanjoseph\/index.php?rest_route=\/wp\/v2\/posts\/5324","targetHints":{"allow":["GET"]}}],"collection":[{"href":"https:\/\/site.ac-martinique.fr\/lyc-dumasjeanjoseph\/index.php?rest_route=\/wp\/v2\/posts"}],"about":[{"href":"https:\/\/site.ac-martinique.fr\/lyc-dumasjeanjoseph\/index.php?rest_route=\/wp\/v2\/types\/post"}],"author":[{"embeddable":true,"href":"https:\/\/site.ac-martinique.fr\/lyc-dumasjeanjoseph\/index.php?rest_route=\/wp\/v2\/users\/7"}],"replies":[{"embeddable":true,"href":"https:\/\/site.ac-martinique.fr\/lyc-dumasjeanjoseph\/index.php?rest_route=%2Fwp%2Fv2%2Fcomments&post=5324"}],"version-history":[{"count":1,"href":"https:\/\/site.ac-martinique.fr\/lyc-dumasjeanjoseph\/index.php?rest_route=\/wp\/v2\/posts\/5324\/revisions"}],"predecessor-version":[{"id":5327,"href":"https:\/\/site.ac-martinique.fr\/lyc-dumasjeanjoseph\/index.php?rest_route=\/wp\/v2\/posts\/5324\/revisions\/5327"}],"wp:featuredmedia":[{"embeddable":true,"href":"https:\/\/site.ac-martinique.fr\/lyc-dumasjeanjoseph\/index.php?rest_route=\/wp\/v2\/media\/5325"}],"wp:attachment":[{"href":"https:\/\/site.ac-martinique.fr\/lyc-dumasjeanjoseph\/index.php?rest_route=%2Fwp%2Fv2%2Fmedia&parent=5324"}],"wp:term":[{"taxonomy":"category","embeddable":true,"href":"https:\/\/site.ac-martinique.fr\/lyc-dumasjeanjoseph\/index.php?rest_route=%2Fwp%2Fv2%2Fcategories&post=5324"},{"taxonomy":"post_tag","embeddable":true,"href":"https:\/\/site.ac-martinique.fr\/lyc-dumasjeanjoseph\/index.php?rest_route=%2Fwp%2Fv2%2Ftags&post=5324"}],"curies":[{"name":"wp","href":"https:\/\/api.w.org\/{rel}","templated":true}]}}