{"id":1072,"date":"2024-02-27T21:29:23","date_gmt":"2024-02-28T01:29:23","guid":{"rendered":"https:\/\/site.ac-martinique.fr\/lyc-fanon\/?p=1072"},"modified":"2024-03-17T14:26:13","modified_gmt":"2024-03-17T18:26:13","slug":"les-professeurs-de-sciences-et-techniques-medico-sociales-stms-du-lgt-frantz-fanon-et-leurs-eleves-sinteressent-aux-veritables-causes-du-sans-abrisme-en-martinique","status":"publish","type":"post","link":"https:\/\/site.ac-martinique.fr\/lyc-fanon\/?p=1072","title":{"rendered":"Les professeurs de Sciences et Techniques M\u00e9dico-Sociales (STMS) du LGT Frantz FANON et leurs \u00e9l\u00e8ves s&rsquo;int\u00e9ressent aux v\u00e9ritables causes du sans-abrisme en Martinique"},"content":{"rendered":"<figure class=\"aligncenter wp-block-post-featured-image\"><img loading=\"lazy\" decoding=\"async\" width=\"679\" height=\"492\" src=\"https:\/\/site.ac-martinique.fr\/lyc-fanon\/wp-content\/uploads\/sites\/138\/2024\/02\/1.jpg\" class=\"attachment-post-thumbnail size-post-thumbnail wp-post-image\" alt=\"\" style=\"object-fit:cover;\" srcset=\"https:\/\/site.ac-martinique.fr\/lyc-fanon\/wp-content\/uploads\/sites\/138\/2024\/02\/1.jpg 679w, https:\/\/site.ac-martinique.fr\/lyc-fanon\/wp-content\/uploads\/sites\/138\/2024\/02\/1-300x217.jpg 300w\" sizes=\"auto, 100vw\" \/><\/figure>\n\n\n<p>En effet, le 28 novembre dernier s&rsquo;est tenue une s\u00e9ance de travail entre les \u00e9l\u00e8ves de 1<sup>ere <\/sup>ST2S du LGT Frantz FANON, sous l&rsquo;\u00e9gide de leurs enseignants M. Gael MARTI et Mme Christelle RANSAY et M. Yann DENVAL, animateur social, M. Gregg LABRY et Mme Peggy CHARLES, \u00e9ducateurs sp\u00e9cialis\u00e9s \u00e0 l&rsquo;ACISE Samu Social.<br>Cette rencontre avait \u00e9t\u00e9 programm\u00e9e dans le cadre de l&rsquo;\u00e9tude d&rsquo;un axe s&rsquo;intitulant \u00ab\u00a0Publics SDF\u00a0\u00bb d\u00e9fini par Christelle RANSAY, professeure de STMS.<br>Cette derni\u00e8re avait pour objectifs de permettre aux \u00e9l\u00e8ves de recueillir des \u00e9l\u00e9ments de r\u00e9ponses \u00e0 leurs interrogations afin de compl\u00e9ter leurs recherches documentaires.<\/p>\n\n\n\n<p>\u00c0 cette occasion, plusieurs th\u00e9matiques ont \u00e9t\u00e9 abord\u00e9es \u00e0 savoir :<\/p>\n\n\n\n<ul class=\"wp-block-list\">\n<li>le fonctionnement de l&rsquo;ACISE Samu Social,<\/li>\n\n\n\n<li>le profil des publics accueillis \u00e0 l&rsquo;ACISE Samu Social,<\/li>\n\n\n\n<li>leur prise en charge m\u00e9dicale,<\/li>\n\n\n\n<li>l&rsquo;accompagnement des sans-abris dans leurs d\u00e9marches d&rsquo;insertion sociale et<br>professionnelle,<\/li>\n\n\n\n<li>leur v\u00e9cu durant la crise sanitaire.<\/li>\n<\/ul>\n\n\n\n<figure class=\"wp-block-image alignleft size-full is-resized\"><img loading=\"lazy\" decoding=\"async\" width=\"741\" height=\"519\" src=\"https:\/\/site.ac-martinique.fr\/lyc-fanon\/wp-content\/uploads\/sites\/138\/2024\/02\/2.jpg\" alt=\"\" class=\"wp-image-1078\" style=\"aspect-ratio:1.7777777777777777;object-fit:cover;width:375px;height:auto\" srcset=\"https:\/\/site.ac-martinique.fr\/lyc-fanon\/wp-content\/uploads\/sites\/138\/2024\/02\/2.jpg 741w, https:\/\/site.ac-martinique.fr\/lyc-fanon\/wp-content\/uploads\/sites\/138\/2024\/02\/2-300x210.jpg 300w\" sizes=\"auto, (max-width: 741px) 100vw, 741px\" \/><\/figure>\n\n\n\n<p>Deux mois plus tard, une visite est pr\u00e9vue et cette fois, dans les locaux de l&rsquo;ACISE, le 16 janvier dernier. Cette seconde rencontre avec les acteurs de l&rsquo;ACISE a \u00e9t\u00e9 d&rsquo;une grande richesse.<br>Gr\u00e2ce \u00e0 l&rsquo;\u00e9troite collaboration entre Mme Christelle RANSAY, Mme G\u00e9raldine LALOUPE, directrice adjointe de l&rsquo;ACISE Samu Social et Mme Peggy CHARLES, \u00e9ducatrice sp\u00e9cialis\u00e9e dans cette m\u00eame institution, une organisation de la visite a pu \u00eatre programm\u00e9e en deux temps forts.<\/p>\n\n\n\n<figure class=\"wp-block-image alignright size-full is-resized\"><img loading=\"lazy\" decoding=\"async\" width=\"650\" height=\"477\" src=\"https:\/\/site.ac-martinique.fr\/lyc-fanon\/wp-content\/uploads\/sites\/138\/2024\/02\/3.jpg\" alt=\"\" class=\"wp-image-1081\" style=\"width:331px;height:auto\" srcset=\"https:\/\/site.ac-martinique.fr\/lyc-fanon\/wp-content\/uploads\/sites\/138\/2024\/02\/3.jpg 650w, https:\/\/site.ac-martinique.fr\/lyc-fanon\/wp-content\/uploads\/sites\/138\/2024\/02\/3-300x220.jpg 300w\" sizes=\"auto, (max-width: 650px) 100vw, 650px\" \/><\/figure>\n\n\n\n<p>Le premier temps fort fut d\u00e9di\u00e9 au volet \u00ab\u00a0Accompagnement Choix Orientation\u00a0\u00bb.<br>De 9H30 \u00e0 11H30, les \u00e9l\u00e8ves ont pu formuler un grand nombre de questions aux diff\u00e9rents  acteurs du P\u00f4le medico-social.<br>Ce ne sont pas moins de 13 professionnels, qui \u00e0 tour de r\u00f4le, ont pr\u00e9sent\u00e9 leur parcours de formation, les motivations qui les ont conduit \u00e0 faire le choix de ce lieu d&rsquo;exercice ainsi que leurs activit\u00e9s au sein du Centre d&rsquo;h\u00e9bergement et de R\u00e9insertion Sociale.<\/p>\n\n\n\n<p>Le deuxi\u00e8me temps fort ; de 11H40 \u00e0 13H00, fut pleinement consacr\u00e9 \u00e0 la pr\u00e9sentation des diff\u00e9rents dispositifs du P\u00f4le m\u00e9dico-social.<br>Rappelons que cette \u00e9quipe technique pluridisciplinaire de professionnels du champ m\u00e9dico-social fonctionne en lien \u00e9troit avec le Service Int\u00e9gr\u00e9 d&rsquo;accueil et d&rsquo;orientation (SAIO) et intervient dans les dispositifs suivants :<\/p>\n\n\n\n<figure data-wp-context=\"{&quot;imageId&quot;:&quot;69f45266df859&quot;}\" data-wp-interactive=\"core\/image\" data-wp-key=\"69f45266df859\" class=\"wp-block-image alignleft size-full is-resized wp-lightbox-container\"><img loading=\"lazy\" decoding=\"async\" width=\"596\" height=\"737\" data-wp-class--hide=\"state.isContentHidden\" data-wp-class--show=\"state.isContentVisible\" data-wp-init=\"callbacks.setButtonStyles\" data-wp-on--click=\"actions.showLightbox\" data-wp-on--load=\"callbacks.setButtonStyles\" data-wp-on-window--resize=\"callbacks.setButtonStyles\" src=\"https:\/\/site.ac-martinique.fr\/lyc-fanon\/wp-content\/uploads\/sites\/138\/2024\/02\/4.jpg\" alt=\"ACISE Samu Social - Centre d\u2019H\u00e9bergement et de R\u00e9insertion Sociale\nAu 1 rue Martin Luther King - 97200 Fort-De-France\" class=\"wp-image-1082\" style=\"width:319px;height:auto\" srcset=\"https:\/\/site.ac-martinique.fr\/lyc-fanon\/wp-content\/uploads\/sites\/138\/2024\/02\/4.jpg 596w, https:\/\/site.ac-martinique.fr\/lyc-fanon\/wp-content\/uploads\/sites\/138\/2024\/02\/4-243x300.jpg 243w\" sizes=\"auto, (max-width: 596px) 100vw, 596px\" \/><button\n\t\t\tclass=\"lightbox-trigger\"\n\t\t\ttype=\"button\"\n\t\t\taria-haspopup=\"dialog\"\n\t\t\taria-label=\"Agrandir\"\n\t\t\tdata-wp-init=\"callbacks.initTriggerButton\"\n\t\t\tdata-wp-on--click=\"actions.showLightbox\"\n\t\t\tdata-wp-style--right=\"state.imageButtonRight\"\n\t\t\tdata-wp-style--top=\"state.imageButtonTop\"\n\t\t>\n\t\t\t<svg xmlns=\"http:\/\/www.w3.org\/2000\/svg\" width=\"12\" height=\"12\" fill=\"none\" viewBox=\"0 0 12 12\">\n\t\t\t\t<path fill=\"#fff\" d=\"M2 0a2 2 0 0 0-2 2v2h1.5V2a.5.5 0 0 1 .5-.5h2V0H2Zm2 10.5H2a.5.5 0 0 1-.5-.5V8H0v2a2 2 0 0 0 2 2h2v-1.5ZM8 12v-1.5h2a.5.5 0 0 0 .5-.5V8H12v2a2 2 0 0 1-2 2H8Zm2-12a2 2 0 0 1 2 2v2h-1.5V2a.5.5 0 0 0-.5-.5H8V0h2Z\" \/>\n\t\t\t<\/svg>\n\t\t<\/button><figcaption class=\"wp-element-caption\"><strong>ACISE Samu Social &#8211; Centre d\u2019H\u00e9bergement et de R\u00e9insertion Sociale<br>Au 1 rue Martin Luther King &#8211; 97200 Fort-De-France<\/strong><\/figcaption><\/figure>\n\n\n\n<ul class=\"wp-block-list\">\n<li>les maraudes du SAMU Social ;<\/li>\n\n\n\n<li>l\u2019accueil de jour ;<\/li>\n\n\n\n<li>l\u2019h\u00e9bergement d&rsquo;urgence ;<\/li>\n\n\n\n<li>l\u2019h\u00e9bergement de stabilisation ;<\/li>\n\n\n\n<li>les maisons relais ;<\/li>\n\n\n\n<li>le service m\u00e9dicalis\u00e9.<\/li>\n<\/ul>\n\n\n\n<p>Selon Mme RANSAY, son objectif est, pour l&rsquo;heure partiellement atteint quant \u00e0 la sensibilisation de ses \u00e9l\u00e8ves sur ce ph\u00e9nom\u00e8ne du \u00ab\u00a0sans-abrisme\u00a0\u00bb en Martinique.<br>Ce dernier sera totalement atteint quand ses \u00e9l\u00e8ves se d\u00e9cideront \u00e0 s&rsquo;engager b\u00e9n\u00e9volement ou dans le cadre de leur activit\u00e9 professionnelle, par exemple dans l&rsquo;accompagnement des personnes en situation d&rsquo;errance.<\/p>\n\n\n\n<p>Les professionnels mobilis\u00e9s dans cette d\u00e9marche d&rsquo;information ont \u00e9t\u00e9 les suivants :<\/p>\n\n\n\n<ul class=\"wp-block-list\">\n<li>M. Willy NALY, psychologue ;<\/li>\n\n\n\n<li>M. Wally PRUDENT, \u00e9ducateur sp\u00e9cialis\u00e9 (ES) ;<\/li>\n\n\n\n<li>Mme Axelle FRANCOIS, Assistante de Service Social (ASS);<\/li>\n\n\n\n<li>Mme Malika BRIAND, Conseill\u00e8re en \u00c9conomie Sociale et Familiale (CESF) ;<\/li>\n\n\n\n<li>M. Yann DENVAL, animateur social ;<\/li>\n\n\n\n<li>M. Pierre VALENTIN, agent de m\u00e9diation sociale ;<\/li>\n\n\n\n<li>Mme R\u00e9gine CALIXTE, infirmi\u00e8re coordinatrice de parcours de soins ;<\/li>\n\n\n\n<li>Mme Carole LUILET, ma\u00eetresse de maison ;<\/li>\n\n\n\n<li>M. Christian MELSAN, aide-soignant ;<\/li>\n\n\n\n<li>Mme Michelle ROME MABIALA, agent de m\u00e9diation ;<\/li>\n\n\n\n<li>Mme Peggy CHARLES, \u00e9ducatrice sp\u00e9cialis\u00e9e ;<\/li>\n\n\n\n<li>Nola, stagiaire, Accompagnatrice \u00c9ducatrice Sociale (AES) ;<\/li>\n\n\n\n<li>Marie-Line, stagiaire Aide \u00e0 la personne.<\/li>\n<\/ul>\n\n\n\n<p>Les deux enseignants du LGT Frantz FANON ainsi que leurs \u00e9l\u00e8ves remercient toute l&rsquo;\u00e9quipe du P\u00f4le m\u00e9dico-social et plus particuli\u00e8rement Mmes G\u00e9raldine LALOUPE pour leur avoir permis de mieux conna\u00eetre les particularit\u00e9s des personnes en situation d&rsquo;errance et ce milieu professionnel.<\/p>\n","protected":false},"excerpt":{"rendered":"<p>En effet, le 28 novembre dernier s&rsquo;est tenue une s\u00e9ance de travail entre les \u00e9l\u00e8ves de 1ere ST2S du LGT Frantz FANON, sous l&rsquo;\u00e9gide de leurs enseignants M. Gael MARTI et Mme Christelle RANSAY et M. Yann DENVAL, animateur social, M. Gregg LABRY et Mme Peggy CHARLES, \u00e9ducateurs sp\u00e9cialis\u00e9s \u00e0 l&rsquo;ACISE Samu Social.Cette rencontre avait &hellip; <\/p>\n<p class=\"link-more\"><a href=\"https:\/\/site.ac-martinique.fr\/lyc-fanon\/?p=1072\" class=\"more-link\">Lire la suite de<span class=\"screen-reader-text\">\u00ab\u00a0Les professeurs de Sciences et Techniques M\u00e9dico-Sociales (STMS) du LGT Frantz FANON et leurs \u00e9l\u00e8ves s&rsquo;int\u00e9ressent aux v\u00e9ritables causes du sans-abrisme en Martinique\u00a0\u00bb<\/span><\/a><\/p>\n","protected":false},"author":478,"featured_media":1076,"comment_status":"closed","ping_status":"closed","sticky":false,"template":"","format":"gallery","meta":{"footnotes":""},"categories":[9,20],"tags":[34],"class_list":["post-1072","post","type-post","status-publish","format-gallery","has-post-thumbnail","hentry","category-actualites","category-series-technologiques","tag-st2s","post_format-post-format-gallery"],"_links":{"self":[{"href":"https:\/\/site.ac-martinique.fr\/lyc-fanon\/index.php?rest_route=\/wp\/v2\/posts\/1072","targetHints":{"allow":["GET"]}}],"collection":[{"href":"https:\/\/site.ac-martinique.fr\/lyc-fanon\/index.php?rest_route=\/wp\/v2\/posts"}],"about":[{"href":"https:\/\/site.ac-martinique.fr\/lyc-fanon\/index.php?rest_route=\/wp\/v2\/types\/post"}],"author":[{"embeddable":true,"href":"https:\/\/site.ac-martinique.fr\/lyc-fanon\/index.php?rest_route=\/wp\/v2\/users\/478"}],"replies":[{"embeddable":true,"href":"https:\/\/site.ac-martinique.fr\/lyc-fanon\/index.php?rest_route=%2Fwp%2Fv2%2Fcomments&post=1072"}],"version-history":[{"count":9,"href":"https:\/\/site.ac-martinique.fr\/lyc-fanon\/index.php?rest_route=\/wp\/v2\/posts\/1072\/revisions"}],"predecessor-version":[{"id":1091,"href":"https:\/\/site.ac-martinique.fr\/lyc-fanon\/index.php?rest_route=\/wp\/v2\/posts\/1072\/revisions\/1091"}],"wp:featuredmedia":[{"embeddable":true,"href":"https:\/\/site.ac-martinique.fr\/lyc-fanon\/index.php?rest_route=\/wp\/v2\/media\/1076"}],"wp:attachment":[{"href":"https:\/\/site.ac-martinique.fr\/lyc-fanon\/index.php?rest_route=%2Fwp%2Fv2%2Fmedia&parent=1072"}],"wp:term":[{"taxonomy":"category","embeddable":true,"href":"https:\/\/site.ac-martinique.fr\/lyc-fanon\/index.php?rest_route=%2Fwp%2Fv2%2Fcategories&post=1072"},{"taxonomy":"post_tag","embeddable":true,"href":"https:\/\/site.ac-martinique.fr\/lyc-fanon\/index.php?rest_route=%2Fwp%2Fv2%2Ftags&post=1072"}],"curies":[{"name":"wp","href":"https:\/\/api.w.org\/{rel}","templated":true}]}}