{"id":1491,"date":"2024-05-01T14:55:31","date_gmt":"2024-05-01T18:55:31","guid":{"rendered":"https:\/\/site.ac-martinique.fr\/lyc-fanon\/?p=1491"},"modified":"2024-10-07T09:26:09","modified_gmt":"2024-10-07T13:26:09","slug":"journal-televise-en-creole-des-eleves-de-loption-creole","status":"publish","type":"post","link":"https:\/\/site.ac-martinique.fr\/lyc-fanon\/?p=1491","title":{"rendered":"Journal t\u00e9l\u00e9vis\u00e9 en cr\u00e9ole des \u00e9l\u00e8ves de l&rsquo;option Cr\u00e9ole"},"content":{"rendered":"\n<p class=\"has-text-align-center\">D\u00e9couvrez le journal t\u00e9l\u00e9vis\u00e9 r\u00e9alis\u00e9 par les \u00e9tudiants de l&rsquo;option Cr\u00e9ole. Ann\u00e9e scolaire 2023-2024 :<\/p>\n\n\n\n<center><iframe loading=\"lazy\" title=\"JT r\u00e9alis\u00e9 par les \u00e9l\u00e8ves de l'option Cr\u00e9ole du LGT Frantz FANON !\" width=\"560\" height=\"315\" src=\"https:\/\/tube-action-educative.apps.education.fr\/videos\/embed\/dbefafcb-f187-423f-8f7a-27501d0322c9\" frameborder=\"0\" allowfullscreen=\"\" sandbox=\"allow-same-origin allow-scripts allow-popups allow-forms\"><\/iframe><\/center>\n","protected":false},"excerpt":{"rendered":"<p>D\u00e9couvrez le journal t\u00e9l\u00e9vis\u00e9 r\u00e9alis\u00e9 par les \u00e9tudiants de l&rsquo;option Cr\u00e9ole. Ann\u00e9e scolaire 2023-2024 :<\/p>\n","protected":false},"author":478,"featured_media":1728,"comment_status":"closed","ping_status":"closed","sticky":false,"template":"","format":"standard","meta":{"footnotes":""},"categories":[45],"tags":[],"class_list":["post-1491","post","type-post","status-publish","format-standard","has-post-thumbnail","hentry","category-op-kreyol"],"_links":{"self":[{"href":"https:\/\/site.ac-martinique.fr\/lyc-fanon\/index.php?rest_route=\/wp\/v2\/posts\/1491","targetHints":{"allow":["GET"]}}],"collection":[{"href":"https:\/\/site.ac-martinique.fr\/lyc-fanon\/index.php?rest_route=\/wp\/v2\/posts"}],"about":[{"href":"https:\/\/site.ac-martinique.fr\/lyc-fanon\/index.php?rest_route=\/wp\/v2\/types\/post"}],"author":[{"embeddable":true,"href":"https:\/\/site.ac-martinique.fr\/lyc-fanon\/index.php?rest_route=\/wp\/v2\/users\/478"}],"replies":[{"embeddable":true,"href":"https:\/\/site.ac-martinique.fr\/lyc-fanon\/index.php?rest_route=%2Fwp%2Fv2%2Fcomments&post=1491"}],"version-history":[{"count":10,"href":"https:\/\/site.ac-martinique.fr\/lyc-fanon\/index.php?rest_route=\/wp\/v2\/posts\/1491\/revisions"}],"predecessor-version":[{"id":2430,"href":"https:\/\/site.ac-martinique.fr\/lyc-fanon\/index.php?rest_route=\/wp\/v2\/posts\/1491\/revisions\/2430"}],"wp:featuredmedia":[{"embeddable":true,"href":"https:\/\/site.ac-martinique.fr\/lyc-fanon\/index.php?rest_route=\/wp\/v2\/media\/1728"}],"wp:attachment":[{"href":"https:\/\/site.ac-martinique.fr\/lyc-fanon\/index.php?rest_route=%2Fwp%2Fv2%2Fmedia&parent=1491"}],"wp:term":[{"taxonomy":"category","embeddable":true,"href":"https:\/\/site.ac-martinique.fr\/lyc-fanon\/index.php?rest_route=%2Fwp%2Fv2%2Fcategories&post=1491"},{"taxonomy":"post_tag","embeddable":true,"href":"https:\/\/site.ac-martinique.fr\/lyc-fanon\/index.php?rest_route=%2Fwp%2Fv2%2Ftags&post=1491"}],"curies":[{"name":"wp","href":"https:\/\/api.w.org\/{rel}","templated":true}]}}