{"id":1609,"date":"2024-04-18T12:33:19","date_gmt":"2024-04-18T16:33:19","guid":{"rendered":"https:\/\/site.ac-martinique.fr\/lyc-fanon\/?p=1609"},"modified":"2024-05-01T15:49:15","modified_gmt":"2024-05-01T19:49:15","slug":"a-la-decouverte-de-la-culture-amerindienne","status":"publish","type":"post","link":"https:\/\/site.ac-martinique.fr\/lyc-fanon\/?p=1609","title":{"rendered":"\u00c0 la d\u00e9couverte de la culture am\u00e9rindienne !"},"content":{"rendered":"\n<p>Dans le cadre du parcours d&rsquo;\u00c9ducation artistique et culturelle, le jeudi 11 avril 2024, une journ\u00e9e \u00ab d\u00e9couverte de la culture am\u00e9rindienne \u00bb a \u00e9t\u00e9 organis\u00e9e au sein du LGT Frantz FANON.<\/p>\n\n\n\n<p>Au programme :<\/p>\n\n\n\n<ul class=\"wp-block-list\">\n<li>l&rsquo;exposition con\u00e7ue par l&rsquo;anthropologue Thierry L&rsquo;\u00c9TANG du Comit\u00e9 Devoir de M\u00e9moire ;<\/li>\n\n\n\n<li>une animation pendant la r\u00e9cr\u00e9ation : \u00ab DANMY\u00c9 PAWOL \u00bb ;<\/li>\n\n\n\n<li>une rencontre avec des Experts ;<\/li>\n\n\n\n<li>une exposition vivante avec des personnages am\u00e9rindiens incarn\u00e9s par cinq lyc\u00e9ens ;<\/li>\n\n\n\n<li>une animation Quizz am\u00e9rindiens.<\/li>\n<\/ul>\n\n\n\n<h2 class=\"wp-block-heading alignwide has-text-align-center\"><\/h2>\n\n\n\n<div class=\"wp-block-group alignfull is-content-justification-center is-nowrap is-layout-flex wp-container-core-group-is-layout-23441af8 wp-block-group-is-layout-flex\">\n<figure class=\"wp-block-gallery alignwide has-nested-images columns-3 tw-img-ratio-3-2 tw-cols-large wp-block-gallery-1 is-layout-flex wp-block-gallery-is-layout-flex\">\n<figure class=\"wp-block-image aligncenter size-large\"><img loading=\"lazy\" decoding=\"async\" width=\"768\" height=\"1024\" data-id=\"1612\" src=\"https:\/\/site.ac-martinique.fr\/lyc-fanon\/wp-content\/uploads\/sites\/138\/2024\/04\/WhatsApp-Image-2024-04-17-at-08.05.07-2-768x1024.jpeg\" alt=\"\" class=\"wp-image-1612\" srcset=\"https:\/\/site.ac-martinique.fr\/lyc-fanon\/wp-content\/uploads\/sites\/138\/2024\/04\/WhatsApp-Image-2024-04-17-at-08.05.07-2-768x1024.jpeg 768w, https:\/\/site.ac-martinique.fr\/lyc-fanon\/wp-content\/uploads\/sites\/138\/2024\/04\/WhatsApp-Image-2024-04-17-at-08.05.07-2-225x300.jpeg 225w, https:\/\/site.ac-martinique.fr\/lyc-fanon\/wp-content\/uploads\/sites\/138\/2024\/04\/WhatsApp-Image-2024-04-17-at-08.05.07-2.jpeg 1200w\" sizes=\"auto, (max-width: 768px) 100vw, 768px\" \/><\/figure>\n\n\n\n<figure class=\"wp-block-image size-large\"><img loading=\"lazy\" decoding=\"async\" width=\"768\" height=\"1024\" data-id=\"1613\" src=\"https:\/\/site.ac-martinique.fr\/lyc-fanon\/wp-content\/uploads\/sites\/138\/2024\/04\/WhatsApp-Image-2024-04-17-at-08.05.07-3-768x1024.jpeg\" alt=\"\" class=\"wp-image-1613\" srcset=\"https:\/\/site.ac-martinique.fr\/lyc-fanon\/wp-content\/uploads\/sites\/138\/2024\/04\/WhatsApp-Image-2024-04-17-at-08.05.07-3-768x1024.jpeg 768w, https:\/\/site.ac-martinique.fr\/lyc-fanon\/wp-content\/uploads\/sites\/138\/2024\/04\/WhatsApp-Image-2024-04-17-at-08.05.07-3-225x300.jpeg 225w, https:\/\/site.ac-martinique.fr\/lyc-fanon\/wp-content\/uploads\/sites\/138\/2024\/04\/WhatsApp-Image-2024-04-17-at-08.05.07-3.jpeg 1200w\" sizes=\"auto, (max-width: 768px) 100vw, 768px\" \/><\/figure>\n\n\n\n<figure class=\"wp-block-image size-large\"><img loading=\"lazy\" decoding=\"async\" width=\"768\" height=\"1024\" data-id=\"1615\" src=\"https:\/\/site.ac-martinique.fr\/lyc-fanon\/wp-content\/uploads\/sites\/138\/2024\/04\/WhatsApp-Image-2024-04-17-at-08.05.07-768x1024.jpeg\" alt=\"\" class=\"wp-image-1615\" srcset=\"https:\/\/site.ac-martinique.fr\/lyc-fanon\/wp-content\/uploads\/sites\/138\/2024\/04\/WhatsApp-Image-2024-04-17-at-08.05.07-768x1024.jpeg 768w, https:\/\/site.ac-martinique.fr\/lyc-fanon\/wp-content\/uploads\/sites\/138\/2024\/04\/WhatsApp-Image-2024-04-17-at-08.05.07-225x300.jpeg 225w, https:\/\/site.ac-martinique.fr\/lyc-fanon\/wp-content\/uploads\/sites\/138\/2024\/04\/WhatsApp-Image-2024-04-17-at-08.05.07.jpeg 1200w\" sizes=\"auto, (max-width: 768px) 100vw, 768px\" \/><\/figure>\n\n\n\n<figure class=\"wp-block-image size-large\"><img loading=\"lazy\" decoding=\"async\" width=\"1024\" height=\"768\" data-id=\"1614\" src=\"https:\/\/site.ac-martinique.fr\/lyc-fanon\/wp-content\/uploads\/sites\/138\/2024\/04\/WhatsApp-Image-2024-04-17-at-08.05.07-4-1024x768.jpeg\" alt=\"\" class=\"wp-image-1614\" srcset=\"https:\/\/site.ac-martinique.fr\/lyc-fanon\/wp-content\/uploads\/sites\/138\/2024\/04\/WhatsApp-Image-2024-04-17-at-08.05.07-4-1024x768.jpeg 1024w, https:\/\/site.ac-martinique.fr\/lyc-fanon\/wp-content\/uploads\/sites\/138\/2024\/04\/WhatsApp-Image-2024-04-17-at-08.05.07-4-300x225.jpeg 300w, https:\/\/site.ac-martinique.fr\/lyc-fanon\/wp-content\/uploads\/sites\/138\/2024\/04\/WhatsApp-Image-2024-04-17-at-08.05.07-4.jpeg 1600w\" sizes=\"auto, (max-width: 1024px) 100vw, 1024px\" \/><\/figure>\n\n\n\n<figure class=\"wp-block-image size-large\"><img loading=\"lazy\" decoding=\"async\" width=\"768\" height=\"1024\" data-id=\"1611\" src=\"https:\/\/site.ac-martinique.fr\/lyc-fanon\/wp-content\/uploads\/sites\/138\/2024\/04\/WhatsApp-Image-2024-04-17-at-08.05.07-1-768x1024.jpeg\" alt=\"\" class=\"wp-image-1611\" srcset=\"https:\/\/site.ac-martinique.fr\/lyc-fanon\/wp-content\/uploads\/sites\/138\/2024\/04\/WhatsApp-Image-2024-04-17-at-08.05.07-1-768x1024.jpeg 768w, https:\/\/site.ac-martinique.fr\/lyc-fanon\/wp-content\/uploads\/sites\/138\/2024\/04\/WhatsApp-Image-2024-04-17-at-08.05.07-1-225x300.jpeg 225w, https:\/\/site.ac-martinique.fr\/lyc-fanon\/wp-content\/uploads\/sites\/138\/2024\/04\/WhatsApp-Image-2024-04-17-at-08.05.07-1.jpeg 1200w\" sizes=\"auto, (max-width: 768px) 100vw, 768px\" \/><\/figure>\n<\/figure>\n<\/div>\n\n\n\n<figure class=\"wp-block-video\"><video height=\"478\" style=\"aspect-ratio: 848 \/ 478;\" width=\"848\" controls src=\"https:\/\/site.ac-martinique.fr\/lyc-fanon\/wp-content\/uploads\/sites\/138\/2024\/04\/Decouverte-de-la-culture-amerindienne.mp4\"><\/video><\/figure>\n","protected":false},"excerpt":{"rendered":"<p>Dans le cadre du parcours d&rsquo;\u00c9ducation artistique et culturelle, le jeudi 11 avril 2024, une journ\u00e9e \u00ab d\u00e9couverte de la culture am\u00e9rindienne \u00bb a \u00e9t\u00e9 organis\u00e9e au sein du LGT Frantz FANON. Au programme :<\/p>\n","protected":false},"author":478,"featured_media":1610,"comment_status":"closed","ping_status":"closed","sticky":false,"template":"","format":"standard","meta":{"footnotes":""},"categories":[9],"tags":[],"class_list":["post-1609","post","type-post","status-publish","format-standard","has-post-thumbnail","hentry","category-actualites"],"_links":{"self":[{"href":"https:\/\/site.ac-martinique.fr\/lyc-fanon\/index.php?rest_route=\/wp\/v2\/posts\/1609","targetHints":{"allow":["GET"]}}],"collection":[{"href":"https:\/\/site.ac-martinique.fr\/lyc-fanon\/index.php?rest_route=\/wp\/v2\/posts"}],"about":[{"href":"https:\/\/site.ac-martinique.fr\/lyc-fanon\/index.php?rest_route=\/wp\/v2\/types\/post"}],"author":[{"embeddable":true,"href":"https:\/\/site.ac-martinique.fr\/lyc-fanon\/index.php?rest_route=\/wp\/v2\/users\/478"}],"replies":[{"embeddable":true,"href":"https:\/\/site.ac-martinique.fr\/lyc-fanon\/index.php?rest_route=%2Fwp%2Fv2%2Fcomments&post=1609"}],"version-history":[{"count":10,"href":"https:\/\/site.ac-martinique.fr\/lyc-fanon\/index.php?rest_route=\/wp\/v2\/posts\/1609\/revisions"}],"predecessor-version":[{"id":1649,"href":"https:\/\/site.ac-martinique.fr\/lyc-fanon\/index.php?rest_route=\/wp\/v2\/posts\/1609\/revisions\/1649"}],"wp:featuredmedia":[{"embeddable":true,"href":"https:\/\/site.ac-martinique.fr\/lyc-fanon\/index.php?rest_route=\/wp\/v2\/media\/1610"}],"wp:attachment":[{"href":"https:\/\/site.ac-martinique.fr\/lyc-fanon\/index.php?rest_route=%2Fwp%2Fv2%2Fmedia&parent=1609"}],"wp:term":[{"taxonomy":"category","embeddable":true,"href":"https:\/\/site.ac-martinique.fr\/lyc-fanon\/index.php?rest_route=%2Fwp%2Fv2%2Fcategories&post=1609"},{"taxonomy":"post_tag","embeddable":true,"href":"https:\/\/site.ac-martinique.fr\/lyc-fanon\/index.php?rest_route=%2Fwp%2Fv2%2Ftags&post=1609"}],"curies":[{"name":"wp","href":"https:\/\/api.w.org\/{rel}","templated":true}]}}