{"id":2437,"date":"2024-11-29T07:00:00","date_gmt":"2024-11-29T11:00:00","guid":{"rendered":"https:\/\/site.ac-martinique.fr\/lyc-fanon\/?p=2437"},"modified":"2024-11-28T21:30:44","modified_gmt":"2024-11-29T01:30:44","slug":"le-lgt-frantz-fanon-organise-une-collecte-pour-financer-deux-ecoles-primaires-dans-le-sud-est-dhaiti","status":"publish","type":"post","link":"https:\/\/site.ac-martinique.fr\/lyc-fanon\/?p=2437","title":{"rendered":"Le LGT Frantz FANON organise une collecte pour financer deux \u00e9coles primaires dans le sud-est d\u2019Ha\u00efti !"},"content":{"rendered":"\n<p>Le groupe D\u00e9veloppement Durable du LGT Frantz FANON organise une collecte pour financer deux \u00e9coles primaires de la ville de Thiotte dans le sud-est d\u2019Ha\u00efti avec l&rsquo;association ESA (Enfants Soleils d&rsquo;Avenir).<\/p>\n\n\n\n<p>Une urne est \u00e0 votre disposition jusqu&rsquo;au 9 d\u00e9cembre \u00e0 la Vie scolaire du b\u00e2timent 14.<\/p>\n\n\n\n<p>Cette action est soutenue par nos \u00e9co-d\u00e9l\u00e9gu\u00e9s.<\/p>\n\n\n\n<p>Chaque don compte (5 euros permettront de scolariser un enfant pendant 1 mois !!).<\/p>\n\n\n\n<p>Une tombola est \u00e9galement en cours avec de nombreux lots \u00e0 gagner, n&rsquo;h\u00e9sitez pas \u00e0 participer !<\/p>\n\n\n\n<p>Merci de votre aide pr\u00e9cieuse !!!<\/p>\n\n\n\n<figure class=\"wp-block-image aligncenter size-full\"><img loading=\"lazy\" decoding=\"async\" width=\"585\" height=\"930\" src=\"https:\/\/site.ac-martinique.fr\/lyc-fanon\/wp-content\/uploads\/sites\/138\/2024\/11\/flyer-DD-collecte.jpg\" alt=\"\" class=\"wp-image-2438\" srcset=\"https:\/\/site.ac-martinique.fr\/lyc-fanon\/wp-content\/uploads\/sites\/138\/2024\/11\/flyer-DD-collecte.jpg 585w, https:\/\/site.ac-martinique.fr\/lyc-fanon\/wp-content\/uploads\/sites\/138\/2024\/11\/flyer-DD-collecte-189x300.jpg 189w\" sizes=\"auto, (max-width: 585px) 100vw, 585px\" \/><\/figure>\n","protected":false},"excerpt":{"rendered":"<p>Le groupe D\u00e9veloppement Durable du LGT Frantz FANON organise une collecte pour financer deux \u00e9coles primaires de la ville de Thiotte dans le sud-est d\u2019Ha\u00efti avec l&rsquo;association ESA (Enfants Soleils d&rsquo;Avenir). Une urne est \u00e0 votre disposition jusqu&rsquo;au 9 d\u00e9cembre \u00e0 la Vie scolaire du b\u00e2timent 14. Cette action est soutenue par nos \u00e9co-d\u00e9l\u00e9gu\u00e9s. Chaque &hellip; <\/p>\n<p class=\"link-more\"><a href=\"https:\/\/site.ac-martinique.fr\/lyc-fanon\/?p=2437\" class=\"more-link\">Lire la suite de<span class=\"screen-reader-text\">\u00ab\u00a0Le LGT Frantz FANON organise une collecte pour financer deux \u00e9coles primaires dans le sud-est d\u2019Ha\u00efti !\u00a0\u00bb<\/span><\/a><\/p>\n","protected":false},"author":478,"featured_media":2438,"comment_status":"closed","ping_status":"","sticky":false,"template":"","format":"standard","meta":{"footnotes":""},"categories":[9],"tags":[],"class_list":["post-2437","post","type-post","status-publish","format-standard","has-post-thumbnail","hentry","category-actualites"],"_links":{"self":[{"href":"https:\/\/site.ac-martinique.fr\/lyc-fanon\/index.php?rest_route=\/wp\/v2\/posts\/2437","targetHints":{"allow":["GET"]}}],"collection":[{"href":"https:\/\/site.ac-martinique.fr\/lyc-fanon\/index.php?rest_route=\/wp\/v2\/posts"}],"about":[{"href":"https:\/\/site.ac-martinique.fr\/lyc-fanon\/index.php?rest_route=\/wp\/v2\/types\/post"}],"author":[{"embeddable":true,"href":"https:\/\/site.ac-martinique.fr\/lyc-fanon\/index.php?rest_route=\/wp\/v2\/users\/478"}],"replies":[{"embeddable":true,"href":"https:\/\/site.ac-martinique.fr\/lyc-fanon\/index.php?rest_route=%2Fwp%2Fv2%2Fcomments&post=2437"}],"version-history":[{"count":2,"href":"https:\/\/site.ac-martinique.fr\/lyc-fanon\/index.php?rest_route=\/wp\/v2\/posts\/2437\/revisions"}],"predecessor-version":[{"id":2440,"href":"https:\/\/site.ac-martinique.fr\/lyc-fanon\/index.php?rest_route=\/wp\/v2\/posts\/2437\/revisions\/2440"}],"wp:featuredmedia":[{"embeddable":true,"href":"https:\/\/site.ac-martinique.fr\/lyc-fanon\/index.php?rest_route=\/wp\/v2\/media\/2438"}],"wp:attachment":[{"href":"https:\/\/site.ac-martinique.fr\/lyc-fanon\/index.php?rest_route=%2Fwp%2Fv2%2Fmedia&parent=2437"}],"wp:term":[{"taxonomy":"category","embeddable":true,"href":"https:\/\/site.ac-martinique.fr\/lyc-fanon\/index.php?rest_route=%2Fwp%2Fv2%2Fcategories&post=2437"},{"taxonomy":"post_tag","embeddable":true,"href":"https:\/\/site.ac-martinique.fr\/lyc-fanon\/index.php?rest_route=%2Fwp%2Fv2%2Ftags&post=2437"}],"curies":[{"name":"wp","href":"https:\/\/api.w.org\/{rel}","templated":true}]}}